{"id":12388,"date":"2025-10-31T13:00:27","date_gmt":"2025-10-31T12:00:27","guid":{"rendered":"https:\/\/fiaf.net\/marche\/?p=12388"},"modified":"2025-10-30T20:04:12","modified_gmt":"2025-10-30T19:04:12","slug":"mostre-il-pensiero-di-uno-la-visione-di-molti-circ-fotogr-avis-m-giacomelli-bfi-osimo","status":"publish","type":"post","link":"https:\/\/fiaf.net\/marche\/mostre-il-pensiero-di-uno-la-visione-di-molti-circ-fotogr-avis-m-giacomelli-bfi-osimo\/","title":{"rendered":"[Mostre] &#8211; Il pensiero di uno, la visione di molti &#8211; Circ. Fotogr. AVIS M. Giacomelli BFI &#8211; Osimo"},"content":{"rendered":"<p><strong>Sabato 8 novembre 2025, alle ore 17<\/strong>, presso il <strong>ridotto del Teatro La Fenice di Osimo<\/strong>, il <strong>Circolo Fotografico AVIS M. Giacomelli BFI<\/strong> ha il piacere di invitare tutti all&#8217;inaugurazione della <strong>mostra &#8220;Il pensiero di Uno, la Visione di molti&#8221;<\/strong>.<\/p>\n<p>All&#8217;inaugurazione interverr\u00e0 <a href=\"https:\/\/www.simonaguerra.com\/contatti-simona-guerra.htm\" target=\"_blank\" rel=\"noopener\"><strong>Simona Guerra<\/strong><\/a>.<\/p>\n<p>La mostra <strong>rimarr\u00e0 aperta fino al 16 novembre<\/strong> e sar\u00e0 visitabile il <strong>Venerd\u00ec, Sabato e Domenica dalle ore 17.30 alle ore 19.30<\/strong>.<\/p>\n<p>Non mancate.<\/p>\n<blockquote>\n<p style=\"font-weight: 400\">Mario Giacomelli, \u00e8 sicuramente uno dei pi\u00f9 importanti artisti del secolo scorso e la fotografia \u00e8 stata l\u2019arte che lo ha fatto conoscere al mondo intero.<\/p>\n<p>In occasione del centenario dalla nascita e del venticinquesimo dalla scomparsa non poteva mancare un omaggio al grande Maestro da parte dei soci del Circolo intestato al suo nome, che, sulla traccia di alcuni suoi pensieri, hanno trovato ispirazione per le loro opere.<\/p>\n<\/blockquote>\n<p><img loading=\"lazy\" decoding=\"async\" class=\"alignnone size-large wp-image-12389\" src=\"https:\/\/fiaf.net\/marche\/wp-content\/uploads\/sites\/12\/2025\/10\/2025-11-08-Progetto-Giacomelli-w-717x1024.jpg\" alt=\"\" width=\"717\" height=\"1024\" srcset=\"https:\/\/fiaf.net\/marche\/wp-content\/uploads\/sites\/12\/2025\/10\/2025-11-08-Progetto-Giacomelli-w-717x1024.jpg 717w, https:\/\/fiaf.net\/marche\/wp-content\/uploads\/sites\/12\/2025\/10\/2025-11-08-Progetto-Giacomelli-w-210x300.jpg 210w, https:\/\/fiaf.net\/marche\/wp-content\/uploads\/sites\/12\/2025\/10\/2025-11-08-Progetto-Giacomelli-w-768x1097.jpg 768w, https:\/\/fiaf.net\/marche\/wp-content\/uploads\/sites\/12\/2025\/10\/2025-11-08-Progetto-Giacomelli-w.jpg 896w\" sizes=\"auto, (max-width: 717px) 100vw, 717px\" \/><\/p>\n\n    <div class=\"xs_social_share_widget xs_share_url after_content \t\tmain_content  wslu-style-1 wslu-share-box-shaped wslu-fill-colored wslu-none wslu-share-horizontal wslu-theme-font-no wslu-main_content\">\n\n\t\t\n        <ul>\n\t\t\t        <\/ul>\n    <\/div> \n","protected":false},"excerpt":{"rendered":"<p>Sabato 8 novembre 2025, alle ore 17, presso il ridotto del Teatro La Fenice di Osimo, il Circolo Fotografico AVIS &hellip;<\/p>\n","protected":false},"author":22,"featured_media":12390,"comment_status":"closed","ping_status":"closed","sticky":false,"template":"","format":"standard","meta":{"_acf_changed":false,"footnotes":""},"categories":[10],"tags":[],"class_list":["post-12388","post","type-post","status-publish","format-standard","has-post-thumbnail","hentry","category-mostre"],"acf":[],"_links":{"self":[{"href":"https:\/\/fiaf.net\/marche\/wp-json\/wp\/v2\/posts\/12388","targetHints":{"allow":["GET"]}}],"collection":[{"href":"https:\/\/fiaf.net\/marche\/wp-json\/wp\/v2\/posts"}],"about":[{"href":"https:\/\/fiaf.net\/marche\/wp-json\/wp\/v2\/types\/post"}],"author":[{"embeddable":true,"href":"https:\/\/fiaf.net\/marche\/wp-json\/wp\/v2\/users\/22"}],"replies":[{"embeddable":true,"href":"https:\/\/fiaf.net\/marche\/wp-json\/wp\/v2\/comments?post=12388"}],"version-history":[{"count":1,"href":"https:\/\/fiaf.net\/marche\/wp-json\/wp\/v2\/posts\/12388\/revisions"}],"predecessor-version":[{"id":12391,"href":"https:\/\/fiaf.net\/marche\/wp-json\/wp\/v2\/posts\/12388\/revisions\/12391"}],"wp:featuredmedia":[{"embeddable":true,"href":"https:\/\/fiaf.net\/marche\/wp-json\/wp\/v2\/media\/12390"}],"wp:attachment":[{"href":"https:\/\/fiaf.net\/marche\/wp-json\/wp\/v2\/media?parent=12388"}],"wp:term":[{"taxonomy":"category","embeddable":true,"href":"https:\/\/fiaf.net\/marche\/wp-json\/wp\/v2\/categories?post=12388"},{"taxonomy":"post_tag","embeddable":true,"href":"https:\/\/fiaf.net\/marche\/wp-json\/wp\/v2\/tags?post=12388"}],"curies":[{"name":"wp","href":"https:\/\/api.w.org\/{rel}","templated":true}]}}