{"id":12844,"date":"2026-09-04T13:00:21","date_gmt":"2026-09-04T11:00:21","guid":{"rendered":"https:\/\/fiaf.net\/marche\/?p=12844"},"modified":"2026-09-04T07:57:43","modified_gmt":"2026-09-04T05:57:43","slug":"mostre-un-archivio-privato-foto-inedite-di-renzo-tortelli","status":"publish","type":"post","link":"https:\/\/fiaf.net\/marche\/mostre-un-archivio-privato-foto-inedite-di-renzo-tortelli\/","title":{"rendered":"[MOSTRE] &#8211; UN ARCHIVIO PRIVATO &#8211; Foto inedite di Renzo Tortelli"},"content":{"rendered":"<h3><strong>Un archivio privato<\/strong><\/h3>\n<h3><strong>Foto inedite di Renzo Tortelli<\/strong><\/h3>\n<h3>a cura di Fotoclub Potenza Picena<\/h3>\n<p>inaugurazione<\/p>\n<p>sabato 5 Settembre ore 18.30<\/p>\n<p>Sala Boccabianca, Potenza Picena MC<\/p>\n<p><strong><u>La mostra rientra nel programma di celebrazioni per il centenario della nascita<\/u><\/strong><\/p>\n<p><strong><u>del fotografo Renzo Tortelli <\/u><\/strong><\/p>\n<p><a href=\"https:\/\/www.facebook.com\/photo?fbid=1573435441451972&amp;set=a.516198840508976\" target=\"_blank\" rel=\"noopener\">Scopri il programma<\/a><\/p>\n<p>fino a domenica 27 settembre<\/p>\n<p>Orario: sabato e domenica 18,00 &#8211; 20,00<\/p>\n<p>Ingresso libero<\/p>\n<p>Nel centenario della sua nascita il Fotoclub di Potenza Picena rende omaggio a Renzo Tortelli (1926-2019) con la mostra <em>&#8220;Un archivio privato. Foto inedite di Renzo Tortelli\u201d.<\/em> Protagonista della fotografia marchigiana e italiana del Novecento, Tortelli nacque proprio in questa citt\u00e0 nel 1926.<\/p>\n<p>La mostra (terza esposizione del centenario, dopo Parigi e Scanno) propone un percorso in gran parte inedito, con pi\u00f9 di quaranta foto in esposizione, realizzato da Tortelli, in cui si potr\u00e0 andare alla scoperta di serie meno conosciute e di fotografie mai pubblicate, in grado di aprire nuove possibilit\u00e0 di studio sulla sua vasta produzione. Conosciuto ai pi\u00f9 per i suoi reportage sull\u2019uomo e sul lavoro, Tortelli conferma in questa selezione la sua grande umanit\u00e0 e la sua delicatezza nell\u2019affrontare i vari aspetti della vita.<\/p>\n<p>Accanto agli inediti anche alcune immagini che hanno reso noto l\u2019autore e che sono conservate in collezioni private e istituzioni italiane e straniere.<\/p>\n<p><strong>PUBBLICAZIONI <\/strong><\/p>\n<p>Per celebrare questa importante ricorrenza, l\u2019Archivio, in collaborazione con il Fotoclub di Potenza Picena ha prodotto <strong>una stampa a tiratura limitata<\/strong>, celebrativa, di uno scatto iconico di Renzo Tortelli. La stampa, Fine Art di dimensioni 18&#215;24, sar\u00e0 disponibile presso la sede della mostra a Potenza Picena.<\/p>\n<p><strong>IL CENTENARIO<\/strong><\/p>\n<p>Per celebrare questo anno importante, la famiglia Tortelli assieme alla curatrice dell\u2019Archivio Simona Guerra, hanno coordinato una serie di iniziative volte a rendere omaggio alla vita e all\u2019opera di questo artista visivo che ha saputo trasformare il quotidiano in una narrazione poetica indelebile.<\/p>\n<p>Il programma del centenario prevede un calendario ricco di appuntamenti che coinvolger\u00e0 istituzioni culturali in Italia e spazi espositivi anche all\u2019estero e chiameranno gli appassionati di fotografia a celebrare l\u2019opera dell\u2019autore:<\/p>\n<ul>\n<li><strong>A Parigi: <\/strong>presso la <em>Librairie italienne Tour de Babel, n<\/em>el cuore del\u00a0<strong>Marais<\/strong>, quartiere simbolo della vitalit\u00e0 culturale parigina, si terr\u00e0 <strong>dal 6 al 21 giugno<\/strong> la mostra inaugurale del centenario. Curata da Marta Tortelli, l\u2019esposizione prevede una serie di opere provenienti dai suoi racconti fotografici pi\u00f9 noti e amati anche in Francia grazie alla sua partecipazione passata alla fiera Paris Photo.<\/li>\n<li><strong>A Scanno:<\/strong> seguiteremo\u00a0 il discorso visivo intrapreso a Parigi grazie a una mostra curata da Luca del Monaco che si terr\u00e0 dal <strong>12 luglio<\/strong> <strong>al 30 agosto<\/strong> presso <em>La volta delle idee <\/em>in stretta collaborazione con il Comune di Scanno<em>; <\/em>sar\u00e0 espressamente dedicata alle fotografie realizzate da Tortelli in questo paese: un luogo che egli amava particolarmente e che gli riconobbe il prestigioso premio <em>Scanno dei Fotografi &#8211; Premio internazionale di Fotografia<\/em>.<\/li>\n<li><strong>A Potenza Picena<\/strong> che fu sua citt\u00e0 natale, la Fototeca civica &#8211; Fotoclub Potenza Picena curer\u00e0 la terza mostra del centenario proponendo un percorso in parte inedito realizzato da Tortelli, in cui si potr\u00e0 andare alla scoperta di serie meno conosciute, in grado di aprire nuove possibilit\u00e0 di studio sulla sua vasta produzione. La mostra si svolger\u00e0 in stretta collaborazione con la Pro Loco e l&#8217;Amministrazione Comunale della Citt\u00e0 di Potenza Picena <strong>dal sabato 5 <\/strong>fino a domenica<strong> 27 settembre.<\/strong><\/li>\n<li>In conclusione, a<strong> Civitanova Marche<\/strong>, la sua citt\u00e0 per una vita, si chiuder\u00e0 la ricorrenza con un evento a sorpresa, a cura di Annalina Tortelli, il giorno esatto del suo compleanno, il 5 dicembre.<\/li>\n<\/ul>\n<p>Si tratta di quattro occasioni di grande interesse, diversi tra loro per ci\u00f2 che riguarda il materiale esposto e i percorsi visivi, che puntano a far conoscere l\u2019autore non solo per le sue serie gi\u00e0 acclamate bens\u00ec per il lungo e articolato percorso che ha compiuto in oltre cinquant\u2019anni di attivit\u00e0.<\/p>\n<p><strong>INFORMAZIONI SULL&#8217;ARTISTA<\/strong><\/p>\n<p>Renzo Tortelli (1926-2019) <a href=\"https:\/\/www.renzotortelli.it\/biografia\/\" target=\"_blank\" rel=\"noopener\">https:\/\/www.renzotortelli.it\/biografia\/<\/a>\u00a0 ha esposto nelle pi\u00f9 prestigiose gallerie del mondo, da Parigi a New York. Le sue opere sono conservate in importanti collezioni pubbliche e private. La sua fotografia \u00e8 caratterizzata da una sensibilit\u00e0 neorealista filtrata da una visione intimista e colta.<\/p>\n<p><img loading=\"lazy\" decoding=\"async\" class=\"alignnone size-large wp-image-12845\" src=\"https:\/\/fiaf.net\/marche\/wp-content\/uploads\/sites\/12\/2026\/09\/WhatsApp-Image-2026-08-25-at-11.25.33-724x1024.jpeg\" alt=\"\" width=\"724\" height=\"1024\" srcset=\"https:\/\/fiaf.net\/marche\/wp-content\/uploads\/sites\/12\/2026\/09\/WhatsApp-Image-2026-08-25-at-11.25.33-724x1024.jpeg 724w, https:\/\/fiaf.net\/marche\/wp-content\/uploads\/sites\/12\/2026\/09\/WhatsApp-Image-2026-08-25-at-11.25.33-212x300.jpeg 212w, https:\/\/fiaf.net\/marche\/wp-content\/uploads\/sites\/12\/2026\/09\/WhatsApp-Image-2026-08-25-at-11.25.33-768x1086.jpeg 768w, https:\/\/fiaf.net\/marche\/wp-content\/uploads\/sites\/12\/2026\/09\/WhatsApp-Image-2026-08-25-at-11.25.33-1086x1536.jpeg 1086w, https:\/\/fiaf.net\/marche\/wp-content\/uploads\/sites\/12\/2026\/09\/WhatsApp-Image-2026-08-25-at-11.25.33.jpeg 1131w\" sizes=\"auto, (max-width: 724px) 100vw, 724px\" \/><\/p>\n\n    <div class=\"xs_social_share_widget xs_share_url after_content \t\tmain_content  wslu-style-1 wslu-share-box-shaped wslu-fill-colored wslu-none wslu-share-horizontal wslu-theme-font-no wslu-main_content\">\n\n\t\t\n        <ul>\n\t\t\t        <\/ul>\n    <\/div> \n","protected":false},"excerpt":{"rendered":"<p>Un archivio privato Foto inedite di Renzo Tortelli a cura di Fotoclub Potenza Picena inaugurazione sabato 5 Settembre ore 18.30 &hellip;<\/p>\n","protected":false},"author":22,"featured_media":12846,"comment_status":"closed","ping_status":"closed","sticky":false,"template":"","format":"standard","meta":{"_acf_changed":false,"footnotes":""},"categories":[10],"tags":[],"class_list":["post-12844","post","type-post","status-publish","format-standard","has-post-thumbnail","hentry","category-mostre"],"acf":[],"_links":{"self":[{"href":"https:\/\/fiaf.net\/marche\/wp-json\/wp\/v2\/posts\/12844","targetHints":{"allow":["GET"]}}],"collection":[{"href":"https:\/\/fiaf.net\/marche\/wp-json\/wp\/v2\/posts"}],"about":[{"href":"https:\/\/fiaf.net\/marche\/wp-json\/wp\/v2\/types\/post"}],"author":[{"embeddable":true,"href":"https:\/\/fiaf.net\/marche\/wp-json\/wp\/v2\/users\/22"}],"replies":[{"embeddable":true,"href":"https:\/\/fiaf.net\/marche\/wp-json\/wp\/v2\/comments?post=12844"}],"version-history":[{"count":1,"href":"https:\/\/fiaf.net\/marche\/wp-json\/wp\/v2\/posts\/12844\/revisions"}],"predecessor-version":[{"id":12847,"href":"https:\/\/fiaf.net\/marche\/wp-json\/wp\/v2\/posts\/12844\/revisions\/12847"}],"wp:featuredmedia":[{"embeddable":true,"href":"https:\/\/fiaf.net\/marche\/wp-json\/wp\/v2\/media\/12846"}],"wp:attachment":[{"href":"https:\/\/fiaf.net\/marche\/wp-json\/wp\/v2\/media?parent=12844"}],"wp:term":[{"taxonomy":"category","embeddable":true,"href":"https:\/\/fiaf.net\/marche\/wp-json\/wp\/v2\/categories?post=12844"},{"taxonomy":"post_tag","embeddable":true,"href":"https:\/\/fiaf.net\/marche\/wp-json\/wp\/v2\/tags?post=12844"}],"curies":[{"name":"wp","href":"https:\/\/api.w.org\/{rel}","templated":true}]}}