{"id":1410,"date":"2013-05-19T20:56:28","date_gmt":"2013-05-19T18:56:28","guid":{"rendered":"https:\/\/fiaf.net\/regioni\/marche\/?p=1410"},"modified":"2013-05-19T20:56:28","modified_gmt":"2013-05-19T18:56:28","slug":"annuario-regione-marche-2012","status":"publish","type":"post","link":"https:\/\/fiaf.net\/marche\/annuario-regione-marche-2012\/","title":{"rendered":"2012 &#8211; Annuario Regione Marche"},"content":{"rendered":"<div style=\"text-align: justify\" align=\"justify\">\n<p>L\u2019idea dell\u2019Annuario FIAF Regione Marche \u00e8 ora, finalmente, una realt\u00e0.<\/p>\n<p>Tanto pi\u00f9 importante quanto si pensi alle molte persone che, condividendo una stessa passione, hanno collaborato, generosamente, alla realizzazione del progetto.<\/p>\n<p>Il 70% dei Circoli Fotografici della Regione Marche, iscritti alla FIAF, ha aderito all&#8217;iniziativa.<\/p>\n<p>Alla personale soddisfazione si unisce quella dei miei compagni di viaggio, Teofilo Celani e Michele Cipriani.<\/p>\n<p>E\u2019 nostra intenzione quella di realizzare l\u2019Annuario fotografico regionale, a cadenza annuale; e comporre, con ci\u00f2, a lungo termine, un archivio ed una testimonianza sulle realt\u00e0 associative marchigiane.<\/p>\n<p>Uno strumento di conoscenza, quindi, al quale auguriamo anche una funzione socializzante.<\/p>\n<p>Nessuna procedura nasce perfetta sin dal momento della sua formulazione teorica. Tutto pu\u00f2 essere migliorato in corso d\u2019opera.<\/p>\n<p>Anche l\u2019Annuario fotografico regionale pu\u00f2 e deve essere migliorato con il vostro contributo di idee.<\/p>\n<p>Vi invitiamo pertanto a farci pervenire le osservazioni ed opinioni del caso, allo scopo di migliorarne la struttura.<\/p>\n<p>Un saluto cordiale.<\/p>\n<p>Roberto Cirilli<\/p>\n<p>Delegato FIAF per la Regione Marche<\/p>\n<p>&nbsp;<\/p>\n<p>Chi desiderasse avere una copia in alta qualit\u00e0 per una eventuale stampa la pu\u00f2 richiedere all&#8217;indirizzo mail:<\/p>\n<p>marche@fiaf.net<\/p>\n<p>L&#8217;annuario pu\u00f2 essere visualizzato e\/o scaricato cliccando sull&#8217;immagine seguente<\/p>\n<\/div>\n<div style=\"text-align: justify\" align=\"center\"><a href=\"http:\/\/www.marchefotografia.it\/fiafmarche\/annuario2012.pdf\" target=\"_blank\" rel=\"noopener\"><img loading=\"lazy\" decoding=\"async\" class=\"aligncenter size-full wp-image-1417\" alt=\"Annuario Fiaf Marche 2012-1\" src=\"https:\/\/fiaf.net\/marche\/wp-content\/uploads\/sites\/12\/2013\/05\/Annuario-Fiaf-Marche-2012-1.jpg\" width=\"600\" height=\"848\" srcset=\"https:\/\/fiaf.net\/marche\/wp-content\/uploads\/sites\/12\/2013\/05\/Annuario-Fiaf-Marche-2012-1.jpg 600w, https:\/\/fiaf.net\/marche\/wp-content\/uploads\/sites\/12\/2013\/05\/Annuario-Fiaf-Marche-2012-1-212x300.jpg 212w\" sizes=\"auto, (max-width: 600px) 100vw, 600px\" \/><\/a><\/div>\n\n    <div class=\"xs_social_share_widget xs_share_url after_content \t\tmain_content  wslu-style-1 wslu-share-box-shaped wslu-fill-colored wslu-none wslu-share-horizontal wslu-theme-font-no wslu-main_content\">\n\n\t\t\n        <ul>\n\t\t\t        <\/ul>\n    <\/div> \n","protected":false},"excerpt":{"rendered":"<p>L\u2019idea dell\u2019Annuario FIAF Regione Marche \u00e8 ora, finalmente, una realt\u00e0. Tanto pi\u00f9 importante quanto si pensi alle molte persone che, &hellip;<\/p>\n","protected":false},"author":64,"featured_media":1417,"comment_status":"closed","ping_status":"closed","sticky":false,"template":"","format":"standard","meta":{"_acf_changed":false,"footnotes":""},"categories":[2,13],"tags":[],"class_list":["post-1410","post","type-post","status-publish","format-standard","has-post-thumbnail","hentry","category-generale","category-anno-2013"],"acf":[],"_links":{"self":[{"href":"https:\/\/fiaf.net\/marche\/wp-json\/wp\/v2\/posts\/1410","targetHints":{"allow":["GET"]}}],"collection":[{"href":"https:\/\/fiaf.net\/marche\/wp-json\/wp\/v2\/posts"}],"about":[{"href":"https:\/\/fiaf.net\/marche\/wp-json\/wp\/v2\/types\/post"}],"author":[{"embeddable":true,"href":"https:\/\/fiaf.net\/marche\/wp-json\/wp\/v2\/users\/64"}],"replies":[{"embeddable":true,"href":"https:\/\/fiaf.net\/marche\/wp-json\/wp\/v2\/comments?post=1410"}],"version-history":[{"count":0,"href":"https:\/\/fiaf.net\/marche\/wp-json\/wp\/v2\/posts\/1410\/revisions"}],"wp:featuredmedia":[{"embeddable":true,"href":"https:\/\/fiaf.net\/marche\/wp-json\/wp\/v2\/media\/1417"}],"wp:attachment":[{"href":"https:\/\/fiaf.net\/marche\/wp-json\/wp\/v2\/media?parent=1410"}],"wp:term":[{"taxonomy":"category","embeddable":true,"href":"https:\/\/fiaf.net\/marche\/wp-json\/wp\/v2\/categories?post=1410"},{"taxonomy":"post_tag","embeddable":true,"href":"https:\/\/fiaf.net\/marche\/wp-json\/wp\/v2\/tags?post=1410"}],"curies":[{"name":"wp","href":"https:\/\/api.w.org\/{rel}","templated":true}]}}