{"id":1444,"date":"2013-05-22T20:44:27","date_gmt":"2013-05-22T18:44:27","guid":{"rendered":"https:\/\/fiaf.net\/regioni\/marche\/?p=1444"},"modified":"2013-05-22T20:44:27","modified_gmt":"2013-05-22T18:44:27","slug":"pro-loco-senigallia-sez-fotografia-4","status":"publish","type":"post","link":"https:\/\/fiaf.net\/marche\/pro-loco-senigallia-sez-fotografia-4\/","title":{"rendered":"Pro Loco Senigallia Sez. Fotografia"},"content":{"rendered":"<p style=\"text-align: justify\">Ancora uno scambio di esperienze con un altro Circolo Fotografico organizzato dalla Pro loco Senigallia Sez. Fotografia, questa volta sar\u00e0 ospite il Circolo Fotografico AVIS di Chiaravalle che presenter\u00e0 alcuni autori per uno scambio interessante e proficuo di esperienze. La serata \u00e8 aperta a tutti gli appassionati di fotografia e si svolger\u00e0 il venerd\u00ec 24 Maggio 2013 presso i locali della Pro loco Senigallia in Viale Bonopera 55, dalle ore 21,15.<\/p>\n<p><a href=\"https:\/\/fiaf.net\/marche\/wp-content\/uploads\/sites\/12\/2013\/05\/pro-loco.jpg\"><img loading=\"lazy\" decoding=\"async\" class=\"aligncenter size-full wp-image-1445\" alt=\"pro loco\" src=\"https:\/\/fiaf.net\/marche\/wp-content\/uploads\/sites\/12\/2013\/05\/pro-loco.jpg\" width=\"600\" height=\"857\" srcset=\"https:\/\/fiaf.net\/marche\/wp-content\/uploads\/sites\/12\/2013\/05\/pro-loco.jpg 600w, https:\/\/fiaf.net\/marche\/wp-content\/uploads\/sites\/12\/2013\/05\/pro-loco-210x300.jpg 210w\" sizes=\"auto, (max-width: 600px) 100vw, 600px\" \/><\/a>\t\t<\/p>\n\n    <div class=\"xs_social_share_widget xs_share_url after_content \t\tmain_content  wslu-style-1 wslu-share-box-shaped wslu-fill-colored wslu-none wslu-share-horizontal wslu-theme-font-no wslu-main_content\">\n\n\t\t\n        <ul>\n\t\t\t        <\/ul>\n    <\/div> \n","protected":false},"excerpt":{"rendered":"<p>Ancora uno scambio di esperienze con un altro Circolo Fotografico organizzato dalla Pro loco Senigallia Sez. Fotografia, questa volta sar\u00e0 &hellip;<\/p>\n","protected":false},"author":64,"featured_media":1445,"comment_status":"closed","ping_status":"closed","sticky":false,"template":"","format":"standard","meta":{"_acf_changed":false,"footnotes":""},"categories":[13],"tags":[],"class_list":["post-1444","post","type-post","status-publish","format-standard","has-post-thumbnail","hentry","category-anno-2013"],"acf":[],"_links":{"self":[{"href":"https:\/\/fiaf.net\/marche\/wp-json\/wp\/v2\/posts\/1444","targetHints":{"allow":["GET"]}}],"collection":[{"href":"https:\/\/fiaf.net\/marche\/wp-json\/wp\/v2\/posts"}],"about":[{"href":"https:\/\/fiaf.net\/marche\/wp-json\/wp\/v2\/types\/post"}],"author":[{"embeddable":true,"href":"https:\/\/fiaf.net\/marche\/wp-json\/wp\/v2\/users\/64"}],"replies":[{"embeddable":true,"href":"https:\/\/fiaf.net\/marche\/wp-json\/wp\/v2\/comments?post=1444"}],"version-history":[{"count":0,"href":"https:\/\/fiaf.net\/marche\/wp-json\/wp\/v2\/posts\/1444\/revisions"}],"wp:featuredmedia":[{"embeddable":true,"href":"https:\/\/fiaf.net\/marche\/wp-json\/wp\/v2\/media\/1445"}],"wp:attachment":[{"href":"https:\/\/fiaf.net\/marche\/wp-json\/wp\/v2\/media?parent=1444"}],"wp:term":[{"taxonomy":"category","embeddable":true,"href":"https:\/\/fiaf.net\/marche\/wp-json\/wp\/v2\/categories?post=1444"},{"taxonomy":"post_tag","embeddable":true,"href":"https:\/\/fiaf.net\/marche\/wp-json\/wp\/v2\/tags?post=1444"}],"curies":[{"name":"wp","href":"https:\/\/api.w.org\/{rel}","templated":true}]}}