{"id":1857,"date":"2013-10-14T20:25:28","date_gmt":"2013-10-14T18:25:28","guid":{"rendered":"https:\/\/fiaf.net\/regioni\/marche\/?p=1857"},"modified":"2013-10-14T20:25:28","modified_gmt":"2013-10-14T18:25:28","slug":"manifesto-fotoclub-fano","status":"publish","type":"post","link":"https:\/\/fiaf.net\/marche\/manifesto-fotoclub-fano\/","title":{"rendered":"Manifesto &#8211; Fotoclub Fano"},"content":{"rendered":"<p style=\"text-align: justify\">Si terr\u00e0 Sabato 19 Ottobre alle 18.00 presso la Sala San Michele in Via Arco d&#8217;Augusto a Fano l&#8217;inaugurazione dell&#8217;Esposizione fotografica Collettiva del FotoClub Fano &#8220;MANIFESTO&#8221; .<br \/>\nIn questa edizione della Collettiva, proseguendo il percorso intrapreso da alcuni anni nella direzione della ricerca fotografica connessa alle altre arti, il progetto che si \u00e8 voluto proporre abbraccia il campo della comunicazione in senso pi\u00f9 ampio e completo. Manifesto vuole essere un ventaglio di proposte fotografiche dei numerosi soci partecipanti (ben ventitr\u00e9) che si sono impegnati a sviluppare il messaggio fotografico nella dimensione di un metro per settanta centimetri dove l&#8217;immagine \u00e8 &#8220;affiancata&#8221; ad un motto assimilabile a un vero e proprio Manifesto. La fotografia con questa modalit\u00e0 comunica un messaggio che nelle varie proposte personali evidenzia significati pi\u00f9 ampi di quello rilevabile ad una primaria lettura. Una sfida non facile che ha visto i ventitr\u00e9 partecipanti sviluppare il loro Manifesto dopo attente ricerche sia in ambito fotografico che in quello della comunicazione innescando momenti di riflessione e creativit\u00e0 di forte impatto.<\/p>\n<p>Il Fotoclub Fano fondato nel 2000 \u00e8 associato alla Fiaf (Federazione Italiana Associazioni Fotografiche) con la quale collabora ad eventi e manifestazioni ed \u00e8 l\u2019associazione fotografica pi\u00f9 longeva nella citt\u00e0 di Fano. Conta attualmente oltre cento iscritti divenendo un punto di riferimento per la cultura fotografica marchigiana.<\/p>\n<p style=\"text-align: justify\">La mostra sar\u00e0 visitabile con i seguenti orari : da Sabato 19 Ottobre a Domenica 27 Ottobre tutti i giorni dalle 17.00 alle 20.00, Sabato e Domenica 9.00-12.00 17.00-23.00<\/p>\n<p style=\"text-align: justify\">Per informazioni : facebook\/Fotoclub.Fano \u00a0\u00a0\u00a0\u00a0\u00a0e-mail: segreteria@fotoclubfano.org<\/p>\n<p><a href=\"https:\/\/fiaf.net\/marche\/wp-content\/uploads\/sites\/12\/2013\/10\/Manifesto-2013.jpg\"><img loading=\"lazy\" decoding=\"async\" class=\"aligncenter size-full wp-image-1858\" alt=\"Manifesto 2013\" src=\"https:\/\/fiaf.net\/marche\/wp-content\/uploads\/sites\/12\/2013\/10\/Manifesto-2013.jpg\" width=\"600\" height=\"857\" srcset=\"https:\/\/fiaf.net\/marche\/wp-content\/uploads\/sites\/12\/2013\/10\/Manifesto-2013.jpg 600w, https:\/\/fiaf.net\/marche\/wp-content\/uploads\/sites\/12\/2013\/10\/Manifesto-2013-210x300.jpg 210w\" sizes=\"auto, (max-width: 600px) 100vw, 600px\" \/><\/a>\t\t<\/p>\n\n    <div class=\"xs_social_share_widget xs_share_url after_content \t\tmain_content  wslu-style-1 wslu-share-box-shaped wslu-fill-colored wslu-none wslu-share-horizontal wslu-theme-font-no wslu-main_content\">\n\n\t\t\n        <ul>\n\t\t\t        <\/ul>\n    <\/div> \n","protected":false},"excerpt":{"rendered":"<p>Si terr\u00e0 Sabato 19 Ottobre alle 18.00 presso la Sala San Michele in Via Arco d&#8217;Augusto a Fano l&#8217;inaugurazione dell&#8217;Esposizione &hellip;<\/p>\n","protected":false},"author":64,"featured_media":1858,"comment_status":"closed","ping_status":"closed","sticky":false,"template":"","format":"standard","meta":{"_acf_changed":false,"footnotes":""},"categories":[13],"tags":[],"class_list":["post-1857","post","type-post","status-publish","format-standard","has-post-thumbnail","hentry","category-anno-2013"],"acf":[],"_links":{"self":[{"href":"https:\/\/fiaf.net\/marche\/wp-json\/wp\/v2\/posts\/1857","targetHints":{"allow":["GET"]}}],"collection":[{"href":"https:\/\/fiaf.net\/marche\/wp-json\/wp\/v2\/posts"}],"about":[{"href":"https:\/\/fiaf.net\/marche\/wp-json\/wp\/v2\/types\/post"}],"author":[{"embeddable":true,"href":"https:\/\/fiaf.net\/marche\/wp-json\/wp\/v2\/users\/64"}],"replies":[{"embeddable":true,"href":"https:\/\/fiaf.net\/marche\/wp-json\/wp\/v2\/comments?post=1857"}],"version-history":[{"count":0,"href":"https:\/\/fiaf.net\/marche\/wp-json\/wp\/v2\/posts\/1857\/revisions"}],"wp:featuredmedia":[{"embeddable":true,"href":"https:\/\/fiaf.net\/marche\/wp-json\/wp\/v2\/media\/1858"}],"wp:attachment":[{"href":"https:\/\/fiaf.net\/marche\/wp-json\/wp\/v2\/media?parent=1857"}],"wp:term":[{"taxonomy":"category","embeddable":true,"href":"https:\/\/fiaf.net\/marche\/wp-json\/wp\/v2\/categories?post=1857"},{"taxonomy":"post_tag","embeddable":true,"href":"https:\/\/fiaf.net\/marche\/wp-json\/wp\/v2\/tags?post=1857"}],"curies":[{"name":"wp","href":"https:\/\/api.w.org\/{rel}","templated":true}]}}