{"id":1992,"date":"2014-01-12T17:27:56","date_gmt":"2014-01-12T15:27:56","guid":{"rendered":"https:\/\/fiaf.net\/regioni\/marche\/?p=1992"},"modified":"2014-01-12T17:27:56","modified_gmt":"2014-01-12T15:27:56","slug":"corso-di-fotografia-fotoclub-fano","status":"publish","type":"post","link":"https:\/\/fiaf.net\/marche\/corso-di-fotografia-fotoclub-fano\/","title":{"rendered":"Corso di Fotografia &#8211; Fotoclub Fano"},"content":{"rendered":"<p>\t\t\t\tAnche questo anno il FOTOCLUB FANO ripropone l&#8217;annuale corso base per imparare le basi della fotografia, ma come ogni anno si rinnova. Il corso \u00e8 composto da 12 lezioni, tenute da docenti FIAF, fotografi professionisti e da alcuni soci del Fotoclub, che spiegheranno le basi della fotografia sia analogica che digitale fino ad arrivare a set pratici di fotografia in studio e naturalistica. Durante il corso il Fotoclub Fano organizza una gita al MAXXI di Roma per visitare un interessantissima mostra retrospettiva su Gariele Basilico (uno dei piu&#8217; importantifotografi contemporanei italiani ). Il corso si concluder\u00e0 con la visione delle foto dei corsisti che verranno commentate dai docenti e dai soci del Fotoclub.<br \/>\nPer partecipare al corso non \u00e8 necessario possedere una reflex, va bene anche una macchina analogica oppure una compatta. Durante le lezioni pratiche ci saranno alcuni soci che metterano a disposizione la propria reflex da utilizzare.<\/p>\n<p>Le lezioni iniziano l&#8217; 11 Febbraio alle ore 21.00 (con durata di ora e mezza circa, due ore per le pi\u00f9 corpose)<\/p>\n<p>La quota di partecipazione \u00e8 di 50 euro e comprende i 30 euro di tessera annuale al Fotoclub Fano e il rimborso per le spese per il corso. La tessera da la possibilit\u00e0 di partecipare alle nostre attivit\u00e0 settimanali e alle mostre che si tengono ogni gioved\u00ec.<\/p>\n<p>Per isciriversi (o per qualsiasi domanda) \u00e8 necessario telefonare al numero: 347 6984327<br \/>\noppure inviare una mail con il proprio nome cognome e numero di cellulare all&#8217;indirizzo: segreteria@fotoclubfano.org<\/p>\n<p><a href=\"https:\/\/fiaf.net\/marche\/wp-content\/uploads\/sites\/12\/2014\/01\/1544504_775809619114803_486332210_n.jpg\"><img loading=\"lazy\" decoding=\"async\" class=\"aligncenter size-full wp-image-1993\" alt=\"1544504_775809619114803_486332210_n\" src=\"https:\/\/fiaf.net\/marche\/wp-content\/uploads\/sites\/12\/2014\/01\/1544504_775809619114803_486332210_n.jpg\" width=\"600\" height=\"849\" srcset=\"https:\/\/fiaf.net\/marche\/wp-content\/uploads\/sites\/12\/2014\/01\/1544504_775809619114803_486332210_n.jpg 600w, https:\/\/fiaf.net\/marche\/wp-content\/uploads\/sites\/12\/2014\/01\/1544504_775809619114803_486332210_n-212x300.jpg 212w\" sizes=\"auto, (max-width: 600px) 100vw, 600px\" \/><\/a>\t\t<\/p>\n\n    <div class=\"xs_social_share_widget xs_share_url after_content \t\tmain_content  wslu-style-1 wslu-share-box-shaped wslu-fill-colored wslu-none wslu-share-horizontal wslu-theme-font-no wslu-main_content\">\n\n\t\t\n        <ul>\n\t\t\t        <\/ul>\n    <\/div> \n","protected":false},"excerpt":{"rendered":"<p>Anche questo anno il FOTOCLUB FANO ripropone l&#8217;annuale corso base per imparare le basi della fotografia, ma come ogni anno &hellip;<\/p>\n","protected":false},"author":64,"featured_media":1993,"comment_status":"closed","ping_status":"closed","sticky":false,"template":"","format":"standard","meta":{"_acf_changed":false,"footnotes":""},"categories":[14],"tags":[],"class_list":["post-1992","post","type-post","status-publish","format-standard","has-post-thumbnail","hentry","category-anno-2014"],"acf":[],"_links":{"self":[{"href":"https:\/\/fiaf.net\/marche\/wp-json\/wp\/v2\/posts\/1992","targetHints":{"allow":["GET"]}}],"collection":[{"href":"https:\/\/fiaf.net\/marche\/wp-json\/wp\/v2\/posts"}],"about":[{"href":"https:\/\/fiaf.net\/marche\/wp-json\/wp\/v2\/types\/post"}],"author":[{"embeddable":true,"href":"https:\/\/fiaf.net\/marche\/wp-json\/wp\/v2\/users\/64"}],"replies":[{"embeddable":true,"href":"https:\/\/fiaf.net\/marche\/wp-json\/wp\/v2\/comments?post=1992"}],"version-history":[{"count":0,"href":"https:\/\/fiaf.net\/marche\/wp-json\/wp\/v2\/posts\/1992\/revisions"}],"wp:featuredmedia":[{"embeddable":true,"href":"https:\/\/fiaf.net\/marche\/wp-json\/wp\/v2\/media\/1993"}],"wp:attachment":[{"href":"https:\/\/fiaf.net\/marche\/wp-json\/wp\/v2\/media?parent=1992"}],"wp:term":[{"taxonomy":"category","embeddable":true,"href":"https:\/\/fiaf.net\/marche\/wp-json\/wp\/v2\/categories?post=1992"},{"taxonomy":"post_tag","embeddable":true,"href":"https:\/\/fiaf.net\/marche\/wp-json\/wp\/v2\/tags?post=1992"}],"curies":[{"name":"wp","href":"https:\/\/api.w.org\/{rel}","templated":true}]}}