{"id":2065,"date":"2014-02-18T19:05:10","date_gmt":"2014-02-18T17:05:10","guid":{"rendered":"https:\/\/fiaf.net\/regioni\/marche\/?p=2065"},"modified":"2014-02-18T19:05:10","modified_gmt":"2014-02-18T17:05:10","slug":"robert-capa-a-cura-di-claudio-marcozzi-fotoclub-potenza-picena","status":"publish","type":"post","link":"https:\/\/fiaf.net\/marche\/robert-capa-a-cura-di-claudio-marcozzi-fotoclub-potenza-picena\/","title":{"rendered":"Robert Capa a cura di Claudio Marcozzi &#8211; Fotoclub Potenza Picena"},"content":{"rendered":"<p style=\"text-align: justify\">A sessant\u2019anni dalla sua morte e con il centenario della sua nascita appena trascorso, il grande fotografo Robert Capa verr\u00e0 ricordato con una conferenza dal Fotoclub Potenza Picena venerd\u00ec 21 febbraio alle 21,15. La serata sar\u00e0 condotta da Claudio Marcozzi, fotografo, giornalista e studioso della fotografia.<\/p>\n<p style=\"text-align: justify\"><a href=\"https:\/\/fiaf.net\/marche\/wp-content\/uploads\/sites\/12\/2014\/02\/Ca.jpg\"><img loading=\"lazy\" decoding=\"async\" class=\"aligncenter size-full wp-image-2066\" alt=\"Ca\" src=\"https:\/\/fiaf.net\/marche\/wp-content\/uploads\/sites\/12\/2014\/02\/Ca.jpg\" width=\"600\" height=\"725\" srcset=\"https:\/\/fiaf.net\/marche\/wp-content\/uploads\/sites\/12\/2014\/02\/Ca.jpg 600w, https:\/\/fiaf.net\/marche\/wp-content\/uploads\/sites\/12\/2014\/02\/Ca-248x300.jpg 248w\" sizes=\"auto, (max-width: 600px) 100vw, 600px\" \/><\/a><\/p>\n\n    <div class=\"xs_social_share_widget xs_share_url after_content \t\tmain_content  wslu-style-1 wslu-share-box-shaped wslu-fill-colored wslu-none wslu-share-horizontal wslu-theme-font-no wslu-main_content\">\n\n\t\t\n        <ul>\n\t\t\t        <\/ul>\n    <\/div> \n","protected":false},"excerpt":{"rendered":"<p>A sessant\u2019anni dalla sua morte e con il centenario della sua nascita appena trascorso, il grande fotografo Robert Capa verr\u00e0 &hellip;<\/p>\n","protected":false},"author":64,"featured_media":2066,"comment_status":"closed","ping_status":"closed","sticky":false,"template":"","format":"standard","meta":{"_acf_changed":false,"footnotes":""},"categories":[14],"tags":[],"class_list":["post-2065","post","type-post","status-publish","format-standard","has-post-thumbnail","hentry","category-anno-2014"],"acf":[],"_links":{"self":[{"href":"https:\/\/fiaf.net\/marche\/wp-json\/wp\/v2\/posts\/2065","targetHints":{"allow":["GET"]}}],"collection":[{"href":"https:\/\/fiaf.net\/marche\/wp-json\/wp\/v2\/posts"}],"about":[{"href":"https:\/\/fiaf.net\/marche\/wp-json\/wp\/v2\/types\/post"}],"author":[{"embeddable":true,"href":"https:\/\/fiaf.net\/marche\/wp-json\/wp\/v2\/users\/64"}],"replies":[{"embeddable":true,"href":"https:\/\/fiaf.net\/marche\/wp-json\/wp\/v2\/comments?post=2065"}],"version-history":[{"count":0,"href":"https:\/\/fiaf.net\/marche\/wp-json\/wp\/v2\/posts\/2065\/revisions"}],"wp:featuredmedia":[{"embeddable":true,"href":"https:\/\/fiaf.net\/marche\/wp-json\/wp\/v2\/media\/2066"}],"wp:attachment":[{"href":"https:\/\/fiaf.net\/marche\/wp-json\/wp\/v2\/media?parent=2065"}],"wp:term":[{"taxonomy":"category","embeddable":true,"href":"https:\/\/fiaf.net\/marche\/wp-json\/wp\/v2\/categories?post=2065"},{"taxonomy":"post_tag","embeddable":true,"href":"https:\/\/fiaf.net\/marche\/wp-json\/wp\/v2\/tags?post=2065"}],"curies":[{"name":"wp","href":"https:\/\/api.w.org\/{rel}","templated":true}]}}