{"id":2597,"date":"2014-06-15T09:40:26","date_gmt":"2014-06-15T07:40:26","guid":{"rendered":"https:\/\/fiaf.net\/regioni\/marche\/?p=2597"},"modified":"2014-06-15T09:40:26","modified_gmt":"2014-06-15T07:40:26","slug":"occhi-per-vedere-e-te-lo-dico-sui-muri-giancarla-lorenzini","status":"publish","type":"post","link":"https:\/\/fiaf.net\/marche\/occhi-per-vedere-e-te-lo-dico-sui-muri-giancarla-lorenzini\/","title":{"rendered":"Occhi per vedere e Te lo dico sui muri &#8211; Giancarla Lorenzini"},"content":{"rendered":"<p style=\"text-align: justify\">\u201cOCCHI PER VEDERE\u201d e \u201cTE LO DICO SUI MURI\u201d, due i punti di vista per la mostra personale di Giancarla Lorenzini, che si terr\u00e0 a Recanati (Mc), presso l\u2019atrio del Palazzo comunale, dal 23 al 29 giugno prossimo.<\/p>\n<p style=\"text-align: justify\">Una mostra fotografica che indaga sul mondo giovanile, sul modo di comunicare e di porsi nella\u00a0 realt\u00e0 contemporanea, in una societ\u00e0 del consumismo che ha modificato la scala dei valori ed ha portato ad un cambiamento nel rapporto tra persone.<\/p>\n<p style=\"text-align: justify\">L\u2019esposizione sar\u00e0 inaugurata luned\u00ec 23 giugno alle ore 21:30 e sar\u00e0 presentata dal critico fotografico Orietta Bay.<\/p>\n<p><a href=\"https:\/\/fiaf.net\/marche\/wp-content\/uploads\/sites\/12\/2014\/06\/Giancarla-Lorenzini.jpg\"><img loading=\"lazy\" decoding=\"async\" class=\"aligncenter size-full wp-image-2598\" alt=\"Giancarla Lorenzini\" src=\"https:\/\/fiaf.net\/marche\/wp-content\/uploads\/sites\/12\/2014\/06\/Giancarla-Lorenzini.jpg\" width=\"600\" height=\"857\" srcset=\"https:\/\/fiaf.net\/marche\/wp-content\/uploads\/sites\/12\/2014\/06\/Giancarla-Lorenzini.jpg 600w, https:\/\/fiaf.net\/marche\/wp-content\/uploads\/sites\/12\/2014\/06\/Giancarla-Lorenzini-210x300.jpg 210w\" sizes=\"auto, (max-width: 600px) 100vw, 600px\" \/><\/a>\t\t<\/p>\n\n    <div class=\"xs_social_share_widget xs_share_url after_content \t\tmain_content  wslu-style-1 wslu-share-box-shaped wslu-fill-colored wslu-none wslu-share-horizontal wslu-theme-font-no wslu-main_content\">\n\n\t\t\n        <ul>\n\t\t\t        <\/ul>\n    <\/div> \n","protected":false},"excerpt":{"rendered":"<p>\u201cOCCHI PER VEDERE\u201d e \u201cTE LO DICO SUI MURI\u201d, due i punti di vista per la mostra personale di Giancarla &hellip;<\/p>\n","protected":false},"author":64,"featured_media":2598,"comment_status":"closed","ping_status":"closed","sticky":false,"template":"","format":"standard","meta":{"_acf_changed":false,"footnotes":""},"categories":[14],"tags":[],"class_list":["post-2597","post","type-post","status-publish","format-standard","has-post-thumbnail","hentry","category-anno-2014"],"acf":[],"_links":{"self":[{"href":"https:\/\/fiaf.net\/marche\/wp-json\/wp\/v2\/posts\/2597","targetHints":{"allow":["GET"]}}],"collection":[{"href":"https:\/\/fiaf.net\/marche\/wp-json\/wp\/v2\/posts"}],"about":[{"href":"https:\/\/fiaf.net\/marche\/wp-json\/wp\/v2\/types\/post"}],"author":[{"embeddable":true,"href":"https:\/\/fiaf.net\/marche\/wp-json\/wp\/v2\/users\/64"}],"replies":[{"embeddable":true,"href":"https:\/\/fiaf.net\/marche\/wp-json\/wp\/v2\/comments?post=2597"}],"version-history":[{"count":0,"href":"https:\/\/fiaf.net\/marche\/wp-json\/wp\/v2\/posts\/2597\/revisions"}],"wp:featuredmedia":[{"embeddable":true,"href":"https:\/\/fiaf.net\/marche\/wp-json\/wp\/v2\/media\/2598"}],"wp:attachment":[{"href":"https:\/\/fiaf.net\/marche\/wp-json\/wp\/v2\/media?parent=2597"}],"wp:term":[{"taxonomy":"category","embeddable":true,"href":"https:\/\/fiaf.net\/marche\/wp-json\/wp\/v2\/categories?post=2597"},{"taxonomy":"post_tag","embeddable":true,"href":"https:\/\/fiaf.net\/marche\/wp-json\/wp\/v2\/tags?post=2597"}],"curies":[{"name":"wp","href":"https:\/\/api.w.org\/{rel}","templated":true}]}}