{"id":3062,"date":"2014-12-18T20:46:47","date_gmt":"2014-12-18T18:46:47","guid":{"rendered":"https:\/\/fiaf.net\/regioni\/marche\/?p=3062"},"modified":"2014-12-18T20:46:47","modified_gmt":"2014-12-18T18:46:47","slug":"100-volte-marche","status":"publish","type":"post","link":"https:\/\/fiaf.net\/marche\/100-volte-marche\/","title":{"rendered":"100 Volte Marche"},"content":{"rendered":"<p style=\"text-align: justify\"><span style=\"font-family: sans-serif\"><span style=\"font-size: medium\">Fabbrica Cultura, Societ\u00e0 Cooperativa Consortile, propone 100 Volte Marche, una iniziativa di carattere culturale di rilievo regionale, proposta da Fabbrica Cultura, Soc. Coop. Cons., in collaborazione con il tour operator Food &amp; Relax.<\/span><\/span><\/p>\n<p style=\"text-align: justify\"><span style=\"font-family: sans-serif\"><span style=\"font-size: medium\">100 Volte Marche si avvale del patrocinio della Regione Marche e del MAB Marche (Musei, Archivi, Biblioteche) e prevede l\u2019importo supporto del Coordinamento Reg.le ICOM Italia.<\/span><\/span><\/p>\n<p style=\"text-align: justify\"><span style=\"font-family: sans-serif\"><span style=\"font-size: medium\">100 volte Marche intende difatti coinvolgere tutti gli attori pubblici al fine di diffondere un\u2019immagine positiva della regione, ovvero dei suoi concittadini pi\u00f9 longevi. <\/span><\/span><\/p>\n<p style=\"text-align: justify\"><span style=\"font-family: sans-serif\"><span style=\"font-size: medium\">Il Concorso che si svolger\u00e0 in tre sezioni 100 volti <\/span><\/span>\u2013 <span style=\"font-family: sans-serif\"><span style=\"font-size: medium\">100 storie <\/span><\/span>\u2013 <span style=\"font-family: sans-serif\"><span style=\"font-size: medium\">100 mi piace <\/span><\/span>\u2013 <span style=\"font-family: sans-serif\"><span style=\"font-size: medium\">intende selezionare 100 immagini di volti di anziani che, con la loro et\u00e0 e le loro storie, possano testimoniare che la Regione Marche offre condizioni di vita straordinarie e vantaggiose. Ciascun volto sar\u00e0 quindi corredato da una breve storia, che ne racconter\u00e0 i particolari pi\u00f9 interessanti.<\/span><\/span><\/p>\n<p style=\"text-align: justify\"><span style=\"font-family: sans-serif\"><span style=\"font-size: medium\">Per l\u2019iniziativa \u00e8 prevista la partecipazione di personalit\u00e0 di rilievo del settore<\/span><\/span><span style=\"font-family: sans-serif\"><span style=\"font-size: medium\"> foto &#8211; giornalistico; la giuria sar\u00e0 presieduta da Gino Troli <\/span><\/span>\u2013 <span style=\"font-family: sans-serif\"><span style=\"font-size: medium\">storico e composta da Giancarlo Basili <\/span><\/span>\u2013 <span style=\"font-family: sans-serif\"><span style=\"font-size: medium\">scenografo, Valentina Conti <\/span><\/span>\u2013 <span style=\"font-family: sans-serif\"><span style=\"font-size: medium\">editrice, Dino Cappelletti <\/span><\/span>\u2013 <span style=\"font-family: sans-serif\"><span style=\"font-size: medium\">fotografo, Massimiliano Fabrizi &#8211; fotografo ed esperto di social media, Tiziana Maffei <\/span><\/span>\u2013 <span style=\"font-family: sans-serif\"><span style=\"font-size: medium\">referente ICOM Italia e direttore rete Musei Piceni.<\/span><\/span><\/p>\n<p style=\"text-align: justify\"><span style=\"font-family: sans-serif\"><span style=\"font-size: medium\">L\u2019iniziativa si avvarr\u00e0 di una importante campagna promozionale, che prevede il coinvolgimento di numerose associazioni di categoria (CNA e CGIA regionali, ICOM coordinamento regionale), nonch\u00e9 di enti locali di vario livello, musei e reti museali, associazioni culturali specializzate nei settori fotografia, web e narrativa.100 Volte Marche \u00e8 un progetto di Fabbrica Cultura, societ\u00e0 che unisce 21 aziende fra le pi\u00f9 attive e innovative nel settore della cultura, dello spettacolo, del turismo, dell\u2019ambiente e della creativit\u00e0 con un fatturato di circa 6milioni di euro e oltre 200 addetti: un gruppo di imprenditori marchigiani che sintetizzano il binomio dal fare cultura servendo la domanda di cultura.<\/span><\/span><\/p>\n<p style=\"text-align: justify\"><span style=\"font-family: sans-serif\"><span style=\"font-size: medium\">Il Concorso 100 Volte Marche si inserisce in una serie di iniziative con cui Fabbrica Cultura intende promuovere la Regione Marche al prossimo EXPO 2015. All\u2019iniziativa in oggetto seguiranno, difatti, varie attivit\u00e0 di approfondimento dedicate al tema \u201cLe Marche una regione longeva<\/span><\/span>\u201d<span style=\"font-family: sans-serif\"><span style=\"font-size: medium\">.<\/span><\/span><\/p>\n<p style=\"text-align: justify\"><span style=\"font-family: sans-serif\"><span style=\"font-size: medium\">Per info e dettagli \u00e8 possibile accedere al sito dedicato all\u2019iniziativa www.100voltemarche.it nonch\u00e9 alla pagina istituzionale del Consorzio, www.fabbricacultura.com.<\/span><\/span><\/p>\n<p style=\"text-align: justify\"><span style=\"font-family: sans-serif\"><span style=\"font-size: medium\">Certi della Vostra adesione, vi chiediamo di affiggerela locandina e condividere il comunicato stampa in allegato, e vi<\/span><\/span> <span style=\"font-family: sans-serif\"><span style=\"font-size: medium\"> invitiamo a dare massima diffusione al Concorso, nonch\u00e9 a segnalarci persone interessate a parteciparvi e potenziali soggetti da fotografare e narrare.<\/span><\/span><\/p>\n<p style=\"text-align: justify\"><span style=\"font-family: sans-serif\"><span style=\"font-size: medium\">Antonella Nonnis | Mob. 335 6076549 | <a href=\"mailto:antonella.nonnis@progettozenone.it\">antonella.nonnis@progettozenone.it<\/a> &#8211; Presidente <\/span><\/span><\/p>\n<p style=\"text-align: justify\"><span style=\"font-family: sans-serif\"><span style=\"font-size: medium\">Valentina Bucci | Mob. 320 7527575 | <a href=\"mailto:info@100voltemarche.it\">info@100voltemarche.it<\/a> &#8211; Segreteria organizzativa<\/span><\/span><\/p>\n<p style=\"text-align: justify\"><span style=\"font-family: sans-serif\"><span style=\"font-size: medium\">Cristian Ciarrocchi | Mob. 3408514962 | <a href=\"mailto:info@100voltemarche.it\">info@100voltemarche.it<\/a> \u2013Segreteria organizzativa<\/span><\/span><\/p>\n<h1 style=\"text-align: justify\"><a href=\"https:\/\/fiaf.net\/marche\/wp-content\/uploads\/sites\/12\/2014\/12\/100voltemarche_regolamento.pdf\">Regolamento<\/a><\/h1>\n<p><a href=\"https:\/\/fiaf.net\/marche\/wp-content\/uploads\/sites\/12\/2014\/12\/LOCANDINA.jpg\"><img loading=\"lazy\" decoding=\"async\" class=\"aligncenter size-full wp-image-3064\" alt=\"Microsoft Word - LOCANDINA.doc\" src=\"https:\/\/fiaf.net\/marche\/wp-content\/uploads\/sites\/12\/2014\/12\/LOCANDINA.jpg\" width=\"600\" height=\"878\" srcset=\"https:\/\/fiaf.net\/marche\/wp-content\/uploads\/sites\/12\/2014\/12\/LOCANDINA.jpg 600w, https:\/\/fiaf.net\/marche\/wp-content\/uploads\/sites\/12\/2014\/12\/LOCANDINA-205x300.jpg 205w\" sizes=\"auto, (max-width: 600px) 100vw, 600px\" \/><\/a>\t\t<\/p>\n\n    <div class=\"xs_social_share_widget xs_share_url after_content \t\tmain_content  wslu-style-1 wslu-share-box-shaped wslu-fill-colored wslu-none wslu-share-horizontal wslu-theme-font-no wslu-main_content\">\n\n\t\t\n        <ul>\n\t\t\t        <\/ul>\n    <\/div> \n","protected":false},"excerpt":{"rendered":"<p>Fabbrica Cultura, Societ\u00e0 Cooperativa Consortile, propone 100 Volte Marche, una iniziativa di carattere culturale di rilievo regionale, proposta da Fabbrica &hellip;<\/p>\n","protected":false},"author":64,"featured_media":3064,"comment_status":"closed","ping_status":"closed","sticky":false,"template":"","format":"standard","meta":{"_acf_changed":false,"footnotes":""},"categories":[14],"tags":[],"class_list":["post-3062","post","type-post","status-publish","format-standard","has-post-thumbnail","hentry","category-anno-2014"],"acf":[],"_links":{"self":[{"href":"https:\/\/fiaf.net\/marche\/wp-json\/wp\/v2\/posts\/3062","targetHints":{"allow":["GET"]}}],"collection":[{"href":"https:\/\/fiaf.net\/marche\/wp-json\/wp\/v2\/posts"}],"about":[{"href":"https:\/\/fiaf.net\/marche\/wp-json\/wp\/v2\/types\/post"}],"author":[{"embeddable":true,"href":"https:\/\/fiaf.net\/marche\/wp-json\/wp\/v2\/users\/64"}],"replies":[{"embeddable":true,"href":"https:\/\/fiaf.net\/marche\/wp-json\/wp\/v2\/comments?post=3062"}],"version-history":[{"count":0,"href":"https:\/\/fiaf.net\/marche\/wp-json\/wp\/v2\/posts\/3062\/revisions"}],"wp:featuredmedia":[{"embeddable":true,"href":"https:\/\/fiaf.net\/marche\/wp-json\/wp\/v2\/media\/3064"}],"wp:attachment":[{"href":"https:\/\/fiaf.net\/marche\/wp-json\/wp\/v2\/media?parent=3062"}],"wp:term":[{"taxonomy":"category","embeddable":true,"href":"https:\/\/fiaf.net\/marche\/wp-json\/wp\/v2\/categories?post=3062"},{"taxonomy":"post_tag","embeddable":true,"href":"https:\/\/fiaf.net\/marche\/wp-json\/wp\/v2\/tags?post=3062"}],"curies":[{"name":"wp","href":"https:\/\/api.w.org\/{rel}","templated":true}]}}