{"id":4767,"date":"2016-05-17T19:00:53","date_gmt":"2016-05-17T17:00:53","guid":{"rendered":"https:\/\/fiaf.net\/regioni\/marche\/?p=4767"},"modified":"2016-05-17T19:00:53","modified_gmt":"2016-05-17T17:00:53","slug":"il-cammino-di-santiago-di-ernesto-scarponi-archi-vivi-ancona","status":"publish","type":"post","link":"https:\/\/fiaf.net\/marche\/il-cammino-di-santiago-di-ernesto-scarponi-archi-vivi-ancona\/","title":{"rendered":"Il Cammino di Santiago di Ernesto Scarponi &#8211; Archi Vivi Ancona"},"content":{"rendered":"<p style=\"text-align: justify\">Il 27 Maggio 2016 alle ore 21,15 presso la sede dell&#8217;Associazione Archi Vivi di Ancona in Via Mamiani 70\/B, si svolger\u00e0 una serata di proiezione e discussione di fotografia con l&#8217;autore Ernesto Scarponi che presenter\u00e0 le immagini scattate durante il cammino di Santiago di Compostela da lui percorso e racconter\u00e0 le sue emozioni.<br \/>\nIngresso libero<\/p>\n<p><a href=\"https:\/\/fiaf.net\/marche\/wp-content\/uploads\/sites\/12\/2016\/05\/IN.jpg\"><img loading=\"lazy\" decoding=\"async\" class=\"aligncenter size-full wp-image-4769\" alt=\"IN\" src=\"https:\/\/fiaf.net\/marche\/wp-content\/uploads\/sites\/12\/2016\/05\/IN.jpg\" width=\"600\" height=\"848\" srcset=\"https:\/\/fiaf.net\/marche\/wp-content\/uploads\/sites\/12\/2016\/05\/IN.jpg 600w, https:\/\/fiaf.net\/marche\/wp-content\/uploads\/sites\/12\/2016\/05\/IN-212x300.jpg 212w\" sizes=\"auto, (max-width: 600px) 100vw, 600px\" \/><\/a>\t\t<\/p>\n\n    <div class=\"xs_social_share_widget xs_share_url after_content \t\tmain_content  wslu-style-1 wslu-share-box-shaped wslu-fill-colored wslu-none wslu-share-horizontal wslu-theme-font-no wslu-main_content\">\n\n\t\t\n        <ul>\n\t\t\t        <\/ul>\n    <\/div> \n","protected":false},"excerpt":{"rendered":"<p>Il 27 Maggio 2016 alle ore 21,15 presso la sede dell&#8217;Associazione Archi Vivi di Ancona in Via Mamiani 70\/B, si &hellip;<\/p>\n","protected":false},"author":64,"featured_media":4769,"comment_status":"closed","ping_status":"closed","sticky":false,"template":"","format":"standard","meta":{"_acf_changed":false,"footnotes":""},"categories":[16],"tags":[],"class_list":["post-4767","post","type-post","status-publish","format-standard","has-post-thumbnail","hentry","category-anno-2016"],"acf":[],"_links":{"self":[{"href":"https:\/\/fiaf.net\/marche\/wp-json\/wp\/v2\/posts\/4767","targetHints":{"allow":["GET"]}}],"collection":[{"href":"https:\/\/fiaf.net\/marche\/wp-json\/wp\/v2\/posts"}],"about":[{"href":"https:\/\/fiaf.net\/marche\/wp-json\/wp\/v2\/types\/post"}],"author":[{"embeddable":true,"href":"https:\/\/fiaf.net\/marche\/wp-json\/wp\/v2\/users\/64"}],"replies":[{"embeddable":true,"href":"https:\/\/fiaf.net\/marche\/wp-json\/wp\/v2\/comments?post=4767"}],"version-history":[{"count":0,"href":"https:\/\/fiaf.net\/marche\/wp-json\/wp\/v2\/posts\/4767\/revisions"}],"wp:featuredmedia":[{"embeddable":true,"href":"https:\/\/fiaf.net\/marche\/wp-json\/wp\/v2\/media\/4769"}],"wp:attachment":[{"href":"https:\/\/fiaf.net\/marche\/wp-json\/wp\/v2\/media?parent=4767"}],"wp:term":[{"taxonomy":"category","embeddable":true,"href":"https:\/\/fiaf.net\/marche\/wp-json\/wp\/v2\/categories?post=4767"},{"taxonomy":"post_tag","embeddable":true,"href":"https:\/\/fiaf.net\/marche\/wp-json\/wp\/v2\/tags?post=4767"}],"curies":[{"name":"wp","href":"https:\/\/api.w.org\/{rel}","templated":true}]}}