{"id":4950,"date":"2016-06-24T12:51:34","date_gmt":"2016-06-24T10:51:34","guid":{"rendered":"https:\/\/fiaf.net\/regioni\/marche\/?p=4950"},"modified":"2016-06-24T12:51:34","modified_gmt":"2016-06-24T10:51:34","slug":"workshop-la-giostra-della-quintana-effetto-ghergo-montefano","status":"publish","type":"post","link":"https:\/\/fiaf.net\/marche\/workshop-la-giostra-della-quintana-effetto-ghergo-montefano\/","title":{"rendered":"Workshop &#8220;LA GIOSTRA DELLA QUINTANA&#8221; &#8211; Effetto Ghergo Montefano"},"content":{"rendered":"<p style=\"text-align: justify\">Workshop di tre giorni con il fotografo spagnolo Jordi Ferrando i Arrufat con il quale andremo alla scoperta di una citt\u00e0 affascinante e di una manifestazione tra le pi\u00f9 antiche della regione. Ci immergeremo nell&#8217;atmosfera dell&#8217;Ascoli Piceno del 1400 e ne coglieremo tutte le sfumature, i colori le passioni con lo stile del reportage .<br \/>\nJordi Ferrando i Arrufat, Catalano, nato in un piccolo paesino vicino a Barcellona, dove poi la sua famiglia si trasferisce presto.<br \/>\nEntra nel mondo della fotografia all\u2019et\u00e0 di 14 anni grazie alla mano del nonno materno, che gli presta la prima attrezzatura, lo accompagna e lo istruisce. Inizia a studiare architettura, ma continua a scattare.<br \/>\nL\u2019universit\u00e0 gli offre le prime soddisfazioni come fotografo, a partire dalla raccolta di immagini perl\u2019archivio fotografico della Catedral de Barcelona.<br \/>\nNel 1995 vince una borsa di studio, quindi trascorre due anni a Venezia, dedicandosi principalmente alla scrittura e alla fotografia.<br \/>\nLa sua ricerca personale si catalizzer\u00e0 nella mostra \u201cLa citt\u00e0 degli specchi\u201d. Alterna viaggi nelle isole del Mediterraneo (Grecia, Minorca, Sicilia\u2026) con ascensioni di alta montagna (Pirenei, Alpi, Dolomiti\u2026), sempre alla ricerca di nuovi stimoli visivi. Pubblica articoli e fotografie nelle principali riviste di viaggi spagnole e italiane.<br \/>\nNel 2001 si reca per la prima volta in Himalaya come fotografo di una spedizione alpinistica. Colpito dalla spiritualit\u00e0 del luogo, vi torna in altre due occasioni.<br \/>\nDa queste esperienze nascono gli audiovisivi \u201cAggirando l\u2019Annapurna\u201d, \u201cI colori della montagna\u201d e \u201cLadakh, la terra degli alti passi\u201d, presentati nel corso di numerose conferenze.<br \/>\nDal 2003 organizza e dirige corsi di fotografia di montagna (per il Club Alpino Italiano) e di iniziazione alla fotografia (a Treviso).<br \/>\nNel 2007 realizza un workshop con il famoso fotografo americano David Alan Harvey.<br \/>\nNel 2008 inizia a collaborare con la rivista Lonely Planet Magazine, una delle pi\u00f9 importanti testate del settore.<\/p>\n<p>Costo del Workshop : a partecipante \u20ac 390,00 ( sono incluse nel prezzo didattica e accompagnamento,pernottamento, prima colazione e cena, biglietto di ingresso alla quintana)<br \/>\nA chi si iscriver\u00e0 saranno poi comunicate le modalit\u00e0 per il versametno della quota d&#8217;iscrizione.<\/p>\n<p>Scadenza iscrizioni: 5 luglio 2016<\/p>\n<p>per info e prenotazioni: effettoghergo@gmail.com<br \/>\no tramite la nostra pagina FB, scaricando anche il modulo d\u2019iscrizione da compilare e restituire via mail, sia per la prenotazione al qorkshop che per la prenotazione alberghiera.<\/p>\n<p style=\"text-align: justify\">NB: il programma del corso sar\u00e0 fornito in modo pi\u00f9 dettagliato al momento dell&#8217;iscrizione e potr\u00e0 subire variazioni a seconda del programma della manifestazione e delle necessit\u00e0 didattiche.<\/p>\n<p style=\"text-align: justify\"><span style=\"color: #ffffff\">h<\/span><\/p>\n<h2><a href=\"https:\/\/fiaf.net\/marche\/wp-content\/uploads\/sites\/12\/2016\/06\/Workshop-1.pdf\">Workshop-1<\/a><\/h2>\n<p><span style=\"color: #ffffff\">k<\/span><\/p>\n<h2><a href=\"https:\/\/fiaf.net\/marche\/wp-content\/uploads\/sites\/12\/2016\/06\/Workshop-2.pdf\">Workshop-2<\/a><\/h2>\n<p><span style=\"color: #ffffff\">\u00f2<\/span><\/p>\n<h2><a href=\"https:\/\/fiaf.net\/marche\/wp-content\/uploads\/sites\/12\/2016\/06\/Indicazioni-Stradali.pdf\">Indicazioni Stradali<\/a><\/h2>\n<p>&nbsp;<\/p>\n<p><span style=\"color: #ffffff\">h<\/span><\/p>\n<p><a href=\"https:\/\/fiaf.net\/marche\/wp-content\/uploads\/sites\/12\/2016\/06\/Quintana2.jpg\"><img loading=\"lazy\" decoding=\"async\" class=\"aligncenter size-full wp-image-4955\" alt=\"Stampa\" src=\"https:\/\/fiaf.net\/marche\/wp-content\/uploads\/sites\/12\/2016\/06\/Quintana2.jpg\" width=\"700\" height=\"1481\" srcset=\"https:\/\/fiaf.net\/marche\/wp-content\/uploads\/sites\/12\/2016\/06\/Quintana2.jpg 700w, https:\/\/fiaf.net\/marche\/wp-content\/uploads\/sites\/12\/2016\/06\/Quintana2-142x300.jpg 142w, https:\/\/fiaf.net\/marche\/wp-content\/uploads\/sites\/12\/2016\/06\/Quintana2-484x1024.jpg 484w\" sizes=\"auto, (max-width: 700px) 100vw, 700px\" \/><\/a><\/p>\n<p>&nbsp;\t\t<\/p>\n\n    <div class=\"xs_social_share_widget xs_share_url after_content \t\tmain_content  wslu-style-1 wslu-share-box-shaped wslu-fill-colored wslu-none wslu-share-horizontal wslu-theme-font-no wslu-main_content\">\n\n\t\t\n        <ul>\n\t\t\t        <\/ul>\n    <\/div> \n","protected":false},"excerpt":{"rendered":"<p>Workshop di tre giorni con il fotografo spagnolo Jordi Ferrando i Arrufat con il quale andremo alla scoperta di una &hellip;<\/p>\n","protected":false},"author":64,"featured_media":4955,"comment_status":"closed","ping_status":"closed","sticky":false,"template":"","format":"standard","meta":{"_acf_changed":false,"footnotes":""},"categories":[16],"tags":[],"class_list":["post-4950","post","type-post","status-publish","format-standard","has-post-thumbnail","hentry","category-anno-2016"],"acf":[],"_links":{"self":[{"href":"https:\/\/fiaf.net\/marche\/wp-json\/wp\/v2\/posts\/4950","targetHints":{"allow":["GET"]}}],"collection":[{"href":"https:\/\/fiaf.net\/marche\/wp-json\/wp\/v2\/posts"}],"about":[{"href":"https:\/\/fiaf.net\/marche\/wp-json\/wp\/v2\/types\/post"}],"author":[{"embeddable":true,"href":"https:\/\/fiaf.net\/marche\/wp-json\/wp\/v2\/users\/64"}],"replies":[{"embeddable":true,"href":"https:\/\/fiaf.net\/marche\/wp-json\/wp\/v2\/comments?post=4950"}],"version-history":[{"count":0,"href":"https:\/\/fiaf.net\/marche\/wp-json\/wp\/v2\/posts\/4950\/revisions"}],"wp:featuredmedia":[{"embeddable":true,"href":"https:\/\/fiaf.net\/marche\/wp-json\/wp\/v2\/media\/4955"}],"wp:attachment":[{"href":"https:\/\/fiaf.net\/marche\/wp-json\/wp\/v2\/media?parent=4950"}],"wp:term":[{"taxonomy":"category","embeddable":true,"href":"https:\/\/fiaf.net\/marche\/wp-json\/wp\/v2\/categories?post=4950"},{"taxonomy":"post_tag","embeddable":true,"href":"https:\/\/fiaf.net\/marche\/wp-json\/wp\/v2\/tags?post=4950"}],"curies":[{"name":"wp","href":"https:\/\/api.w.org\/{rel}","templated":true}]}}