{"id":5055,"date":"2016-08-29T15:47:37","date_gmt":"2016-08-29T13:47:37","guid":{"rendered":"https:\/\/fiaf.net\/regioni\/marche\/?p=5055"},"modified":"2016-08-29T15:47:37","modified_gmt":"2016-08-29T13:47:37","slug":"tanti-per-tutti-viaggio-nel-volontariato-italiano-jesi","status":"publish","type":"post","link":"https:\/\/fiaf.net\/marche\/tanti-per-tutti-viaggio-nel-volontariato-italiano-jesi\/","title":{"rendered":"Tanti Per Tutti, Viaggio nel Volontariato Italiano &#8211; Jesi"},"content":{"rendered":"<div>\n<p style=\"text-align: justify\"><em>Nell&#8217;ambito della &#8220;Giornata del donatore &#8211; festa del volontariato&#8221;, organizzata dall&#8217;Avis, Aido e Admo, con il patrocinio del Comune di Jesi, il CSV Marche invita a Palazzo dei Convegni, il 31 agosto alle ore 18, per l&#8217;inaugurazione della mostra fotografica &#8220;Tanti per Tutti. Viaggio nel Volontariato italiano&#8221; che documenta il mondo del volontariato marchigiano e nazionale<\/em><\/p>\n<\/div>\n<div>\n<p style=\"text-align: justify\">JESI (An) \u2013 Nell&#8217;ambito della &#8220;Giornata del donatore &#8211; festa del volontariato&#8221;, organizzata dall&#8217;Avis, Aido e Admo, con il patrocinio del Comune di Jesi, il CSV Marche (Centro servizi per il volontariato) inaugura la mostra\u00a0&#8220;Tanti per Tutti. Viaggio nel Volontariato italiano&#8221;. Da mercoled\u00ec 31 agosto a gioved\u00ec 4 settembre a Palazzo dei Convegni, sar\u00e0 possibile visionare il primo progetto di documentazione del mondo del volontariato attraverso la fotografia, che racconta la vita delle associazioni, le iniziative, i luoghi di incontro e le attivit\u00e0 promosse dai milioni di volontari attivi in Italia, supportati dai pi\u00f9 diversi interessi e da differenti motivazioni, ma tutti uniti nella precisa volont\u00e0 di partecipazione e di solidariet\u00e0. La mostra, a ingresso gratuito, verr\u00e0\u00a0inaugurata il 31 agosto alle ore 18\u00a0e sar\u00e0\u00a0visitabile tutti i giorni dalle ore 16 alle 20;\u00a0il 4 settembre, in occasione della festa, anche la mattina dalle ore 10 alle 13.<\/p>\n<p style=\"text-align: justify\">L&#8217;iniziativa, insieme alle 150 mostre contemporaneamente aperte in tutta la nazione, testimonia l&#8217;impegno civile e culturale degli appassionati di fotografia che hanno partecipato attivamente a una celebrazione importante per tutta la collettivit\u00e0. Saranno infatti esposte le fotografie dei\u00a0circoli di Senigallia, Corinaldo, Osimo e Chiaravalle\u00a0e dei fotografi che hanno aderito al progetto della\u00a0<a href=\"https:\/\/fiaf.net\/\" target=\"_blank\" rel=\"noopener\">Fiaf &#8211; Federazione Italiana Associazioni Fotografiche<\/a>\u00a0e di\u00a0<a href=\"http:\/\/www.csvnet.it\/\" target=\"_blank\" rel=\"noopener\">CSVnet &#8211; Coordinamento Nazionale dei Centri di Servizio per il Volontariato<\/a>.<\/p>\n<p style=\"text-align: justify\">Il progetto nazionale\u00a0<a href=\"https:\/\/fiaf.net\/tantipertutti\/\" target=\"_blank\" rel=\"noopener\">&#8220;Tanti per Tutti. Viaggio nel Volontariato italiano&#8221;<\/a>\u00a0ha visto la partecipazione di oltre 700 autori, di cui 300 selezionati per documentare, con oltre 1400 immagini, tutte le molteplici e variegate esperienze di volontariato che spaziano dall&#8217;assistenza sociale, salute, organizzazione del tempo libero, cultura e sport, protezione civile, educazione e ricerca, ambiente, tutela dei diritti, cooperazione e solidariet\u00e0 internazionale. Un profondo lavoro di ricerca sul territorio che permette di scoprirne le potenzialit\u00e0 e le necessit\u00e0, indagare lo spazio pubblico, il senso della comunit\u00e0, il rapportarsi della vita del volontario con la vita lavorativa, individuare tempi e modi di un vivere completo che prevede spazi dedicati a se stessi e alle esigenze degli altri.<br \/>\nCSVnet, grazie alla sua presenza su tutto il territorio nazionale, ha aiutato e supportato i fotografi coinvolti nel progetto, facilitandoli nell&#8217;individuazione delle associazioni disponibili a far entrare la macchina fotografica nelle loro attivit\u00e0. Il percorso ha portato alla realizzazione del primo archivio nazionale fotografico online sul volontariato: un patrimonio di scatti appositamente selezionati tra i tanti lavori pervenuti, resi disponibili e catalogati in base ai diversi ambiti in cui il volontariato agisce.<\/p>\n<p style=\"text-align: justify\">Per l&#8217;aiuto nell&#8217;allestimento della mostra, il CSV Marche ringrazia\u00a0l&#8217;<a href=\"http:\/\/www.fotoclubmanifatturatabacchi.it\/\" target=\"_blank\" rel=\"noopener\">associazione di volontariato &#8220;Gruppo Fotografico Manifattura Tabacchi&#8221;<\/a>.<a href=\"https:\/\/fiaf.net\/marche\/wp-content\/uploads\/sites\/12\/2016\/08\/Loca.jpg\"><img loading=\"lazy\" decoding=\"async\" class=\"aligncenter size-full wp-image-5053\" alt=\"Istruzioni tanti per tutti\" src=\"https:\/\/fiaf.net\/marche\/wp-content\/uploads\/sites\/12\/2016\/08\/Loca.jpg\" width=\"700\" height=\"990\" srcset=\"https:\/\/fiaf.net\/marche\/wp-content\/uploads\/sites\/12\/2016\/08\/Loca.jpg 700w, https:\/\/fiaf.net\/marche\/wp-content\/uploads\/sites\/12\/2016\/08\/Loca-212x300.jpg 212w\" sizes=\"auto, (max-width: 700px) 100vw, 700px\" \/><\/a><\/p>\n<\/div>\n\n    <div class=\"xs_social_share_widget xs_share_url after_content \t\tmain_content  wslu-style-1 wslu-share-box-shaped wslu-fill-colored wslu-none wslu-share-horizontal wslu-theme-font-no wslu-main_content\">\n\n\t\t\n        <ul>\n\t\t\t        <\/ul>\n    <\/div> \n","protected":false},"excerpt":{"rendered":"<p>Nell&#8217;ambito della &#8220;Giornata del donatore &#8211; festa del volontariato&#8221;, organizzata dall&#8217;Avis, Aido e Admo, con il patrocinio del Comune di &hellip;<\/p>\n","protected":false},"author":64,"featured_media":5053,"comment_status":"closed","ping_status":"closed","sticky":false,"template":"","format":"standard","meta":{"_acf_changed":false,"footnotes":""},"categories":[16],"tags":[],"class_list":["post-5055","post","type-post","status-publish","format-standard","has-post-thumbnail","hentry","category-anno-2016"],"acf":[],"_links":{"self":[{"href":"https:\/\/fiaf.net\/marche\/wp-json\/wp\/v2\/posts\/5055","targetHints":{"allow":["GET"]}}],"collection":[{"href":"https:\/\/fiaf.net\/marche\/wp-json\/wp\/v2\/posts"}],"about":[{"href":"https:\/\/fiaf.net\/marche\/wp-json\/wp\/v2\/types\/post"}],"author":[{"embeddable":true,"href":"https:\/\/fiaf.net\/marche\/wp-json\/wp\/v2\/users\/64"}],"replies":[{"embeddable":true,"href":"https:\/\/fiaf.net\/marche\/wp-json\/wp\/v2\/comments?post=5055"}],"version-history":[{"count":0,"href":"https:\/\/fiaf.net\/marche\/wp-json\/wp\/v2\/posts\/5055\/revisions"}],"wp:featuredmedia":[{"embeddable":true,"href":"https:\/\/fiaf.net\/marche\/wp-json\/wp\/v2\/media\/5053"}],"wp:attachment":[{"href":"https:\/\/fiaf.net\/marche\/wp-json\/wp\/v2\/media?parent=5055"}],"wp:term":[{"taxonomy":"category","embeddable":true,"href":"https:\/\/fiaf.net\/marche\/wp-json\/wp\/v2\/categories?post=5055"},{"taxonomy":"post_tag","embeddable":true,"href":"https:\/\/fiaf.net\/marche\/wp-json\/wp\/v2\/tags?post=5055"}],"curies":[{"name":"wp","href":"https:\/\/api.w.org\/{rel}","templated":true}]}}