{"id":5227,"date":"2016-12-05T20:18:16","date_gmt":"2016-12-05T18:18:16","guid":{"rendered":"https:\/\/fiaf.net\/regioni\/marche\/?p=5227"},"modified":"2016-12-05T20:18:16","modified_gmt":"2016-12-05T18:18:16","slug":"utopicity-di-alberto-raffaeli-ancona","status":"publish","type":"post","link":"https:\/\/fiaf.net\/marche\/utopicity-di-alberto-raffaeli-ancona\/","title":{"rendered":"UtopiCity di Alberto Raffaeli &#8211; Ancona"},"content":{"rendered":"<p style=\"text-align: justify\">&#8220;Inaugurazione della mostra di fotografie realizzate a Doha (Qatar) da Alberto Raffaeli (<a href=\"http:\/\/www.albertoraffaeli.com\/\" target=\"_blank\" rel=\"nofollow noopener\">www.albertoraffaeli.com<\/a>). Con l&#8217;occasione l&#8217;autore presenter\u00e0 due brevi audiovisivi e sar\u00e0 a disposizione per le domande del pubblico.&#8221;<\/p>\n<p style=\"text-align: justify\">Doha \u00e9 la reclame di se stessa; una moderna citt\u00e1 ideale di cui gli uomini sembrano non aver ancora preso possesso. \u00c9 come se il suo immaginario creatore avesse piazzato solo qualche pedina animata per rendere realistico il plastico a grandezza naturale del progetto urbano. Ho voluto registrare l&#8217;immagine che i ricchi arabi ci vogliono dare della loro societ\u00e1: un mondo fatto di bellezza, ordine e pulizia, di moderni grattacieli e di immensi giardini e prati rigogliosi irrigati da preziosissima acqua, il tutto sorto dove prima non c&#8217;era che sabbia.&#8221;<\/p>\n<p style=\"text-align: justify\"><a href=\"https:\/\/fiaf.net\/marche\/wp-content\/uploads\/sites\/12\/2016\/12\/15268071_60284536991.jpg\"><img loading=\"lazy\" decoding=\"async\" class=\"aligncenter size-full wp-image-5228\" alt=\"15268071_60284536991\" src=\"https:\/\/fiaf.net\/marche\/wp-content\/uploads\/sites\/12\/2016\/12\/15268071_60284536991.jpg\" width=\"700\" height=\"259\" srcset=\"https:\/\/fiaf.net\/marche\/wp-content\/uploads\/sites\/12\/2016\/12\/15268071_60284536991.jpg 700w, https:\/\/fiaf.net\/marche\/wp-content\/uploads\/sites\/12\/2016\/12\/15268071_60284536991-300x111.jpg 300w\" sizes=\"auto, (max-width: 700px) 100vw, 700px\" \/><\/a><\/p>\n\n    <div class=\"xs_social_share_widget xs_share_url after_content \t\tmain_content  wslu-style-1 wslu-share-box-shaped wslu-fill-colored wslu-none wslu-share-horizontal wslu-theme-font-no wslu-main_content\">\n\n\t\t\n        <ul>\n\t\t\t        <\/ul>\n    <\/div> \n","protected":false},"excerpt":{"rendered":"<p>&#8220;Inaugurazione della mostra di fotografie realizzate a Doha (Qatar) da Alberto Raffaeli (www.albertoraffaeli.com). Con l&#8217;occasione l&#8217;autore presenter\u00e0 due brevi audiovisivi &hellip;<\/p>\n","protected":false},"author":64,"featured_media":5228,"comment_status":"closed","ping_status":"closed","sticky":false,"template":"","format":"standard","meta":{"_acf_changed":false,"footnotes":""},"categories":[16],"tags":[],"class_list":["post-5227","post","type-post","status-publish","format-standard","has-post-thumbnail","hentry","category-anno-2016"],"acf":[],"_links":{"self":[{"href":"https:\/\/fiaf.net\/marche\/wp-json\/wp\/v2\/posts\/5227","targetHints":{"allow":["GET"]}}],"collection":[{"href":"https:\/\/fiaf.net\/marche\/wp-json\/wp\/v2\/posts"}],"about":[{"href":"https:\/\/fiaf.net\/marche\/wp-json\/wp\/v2\/types\/post"}],"author":[{"embeddable":true,"href":"https:\/\/fiaf.net\/marche\/wp-json\/wp\/v2\/users\/64"}],"replies":[{"embeddable":true,"href":"https:\/\/fiaf.net\/marche\/wp-json\/wp\/v2\/comments?post=5227"}],"version-history":[{"count":0,"href":"https:\/\/fiaf.net\/marche\/wp-json\/wp\/v2\/posts\/5227\/revisions"}],"wp:featuredmedia":[{"embeddable":true,"href":"https:\/\/fiaf.net\/marche\/wp-json\/wp\/v2\/media\/5228"}],"wp:attachment":[{"href":"https:\/\/fiaf.net\/marche\/wp-json\/wp\/v2\/media?parent=5227"}],"wp:term":[{"taxonomy":"category","embeddable":true,"href":"https:\/\/fiaf.net\/marche\/wp-json\/wp\/v2\/categories?post=5227"},{"taxonomy":"post_tag","embeddable":true,"href":"https:\/\/fiaf.net\/marche\/wp-json\/wp\/v2\/tags?post=5227"}],"curies":[{"name":"wp","href":"https:\/\/api.w.org\/{rel}","templated":true}]}}