{"id":5370,"date":"2017-02-09T12:53:49","date_gmt":"2017-02-09T10:53:49","guid":{"rendered":"https:\/\/fiaf.net\/regioni\/marche\/?p=5370"},"modified":"2017-02-09T12:53:49","modified_gmt":"2017-02-09T10:53:49","slug":"io-reporter-fotoclub-fano","status":"publish","type":"post","link":"https:\/\/fiaf.net\/marche\/io-reporter-fotoclub-fano\/","title":{"rendered":"IO REPORTER &#8211; Fotoclub Fano"},"content":{"rendered":"<p style=\"text-align: justify\"><b>Sabato 11 Febbraio alle 17,30<\/b>\u00a0nella prestigiosa sede della\u00a0<b>Ex Chiesa di Sant\u2019Arcangelo<\/b>\u00a0in Corso Matteotti a Fano sar\u00e0 inaugurata \u201cIO REPORTER\u201d l\u2019Esposizione Fotografica Collettiva del FotoClub Fano.<\/p>\n<p style=\"text-align: justify\">I quindici partecipanti a questa importante Esposizione Collettiva si sono espressi in reportage fotografici che vanno dai temi pi\u00f9 impegnati e di attualit\u00e0 ad altri in apparenza pi\u00f9 futili ma capaci di trasportarci dentro un racconto con grande empatia.<br \/>\nQuello che ci ha attratto del \u201cconcetto di Reportage\u201d \u00e8 il lato pi\u00f9 narrativo e se vogliamo \u201cromantico\u201d scelto come approccio per raccontare un fatto importante che \u201cl\u2019io narrante\u201d\u00a0ha deciso di porre in evidenza . IO REPORTER \u00e8 quindi la trasposizione personale e intima che cerca una strada visiva per condurci dentro la storia del racconto organizzato con una sequenza di immagini e parole che completano il progetto fotografico. Il fine di un approccio cos\u00ec strutturato \u00e8 anche quello di cercare di tornare ad un tempo rallentato dove l\u2019osservatore \u00e8 come costretto ad analizzare le singole immagini e a cercare di ricomporne la giusta sequenza per arrivare al significato ultimo. In questa serie di immagini oltre al racconto della storia in s\u00e9 c\u2019\u00e8 anche l\u2019IO del fotografo che esteticamente ha lavorato come uno scultore cercando di levare il superfluo per lasciare in evidenza i segni che come un alfabeto compongono il linguaggio. Non si \u00e8 lavorato per \u201cbelle fotografie in s\u00e9\u201d ma per fotografie significanti all\u2019interno del processo e questo nel reportage \u00e8 un passo importante verso la direzione di un progetto compiuto che trova esplicazione ultima nella lettura fotografica.<\/p>\n<p style=\"text-align: justify\">\n<span style=\"text-decoration: underline\">L\u2019Esposizione Fotografica rimarr\u00e0 aperta da Sabato 11 Febbraio alle ore 17,30 (inaugurazione) fino a Domenica 19 Febbraio con i seguenti orari : Tutti i giorni dalle 17,00 alle 20,00 i Week End dalle 9,30 alle 12,30 _ e dalle 15,00 alle 21,30<\/span><\/p>\n<p style=\"text-align: justify\"><a href=\"https:\/\/fiaf.net\/marche\/wp-content\/uploads\/sites\/12\/2017\/02\/IO.jpg\"><img loading=\"lazy\" decoding=\"async\" class=\"aligncenter size-full wp-image-5371\" alt=\"IO\" src=\"https:\/\/fiaf.net\/marche\/wp-content\/uploads\/sites\/12\/2017\/02\/IO.jpg\" width=\"700\" height=\"1000\" srcset=\"https:\/\/fiaf.net\/marche\/wp-content\/uploads\/sites\/12\/2017\/02\/IO.jpg 700w, https:\/\/fiaf.net\/marche\/wp-content\/uploads\/sites\/12\/2017\/02\/IO-210x300.jpg 210w\" sizes=\"auto, (max-width: 700px) 100vw, 700px\" \/><\/a><\/p>\n\n    <div class=\"xs_social_share_widget xs_share_url after_content \t\tmain_content  wslu-style-1 wslu-share-box-shaped wslu-fill-colored wslu-none wslu-share-horizontal wslu-theme-font-no wslu-main_content\">\n\n\t\t\n        <ul>\n\t\t\t        <\/ul>\n    <\/div> \n","protected":false},"excerpt":{"rendered":"<p>Sabato 11 Febbraio alle 17,30\u00a0nella prestigiosa sede della\u00a0Ex Chiesa di Sant\u2019Arcangelo\u00a0in Corso Matteotti a Fano sar\u00e0 inaugurata \u201cIO REPORTER\u201d l\u2019Esposizione &hellip;<\/p>\n","protected":false},"author":64,"featured_media":5371,"comment_status":"closed","ping_status":"closed","sticky":false,"template":"","format":"standard","meta":{"_acf_changed":false,"footnotes":""},"categories":[17],"tags":[],"class_list":["post-5370","post","type-post","status-publish","format-standard","has-post-thumbnail","hentry","category-anno-2017"],"acf":[],"_links":{"self":[{"href":"https:\/\/fiaf.net\/marche\/wp-json\/wp\/v2\/posts\/5370","targetHints":{"allow":["GET"]}}],"collection":[{"href":"https:\/\/fiaf.net\/marche\/wp-json\/wp\/v2\/posts"}],"about":[{"href":"https:\/\/fiaf.net\/marche\/wp-json\/wp\/v2\/types\/post"}],"author":[{"embeddable":true,"href":"https:\/\/fiaf.net\/marche\/wp-json\/wp\/v2\/users\/64"}],"replies":[{"embeddable":true,"href":"https:\/\/fiaf.net\/marche\/wp-json\/wp\/v2\/comments?post=5370"}],"version-history":[{"count":0,"href":"https:\/\/fiaf.net\/marche\/wp-json\/wp\/v2\/posts\/5370\/revisions"}],"wp:featuredmedia":[{"embeddable":true,"href":"https:\/\/fiaf.net\/marche\/wp-json\/wp\/v2\/media\/5371"}],"wp:attachment":[{"href":"https:\/\/fiaf.net\/marche\/wp-json\/wp\/v2\/media?parent=5370"}],"wp:term":[{"taxonomy":"category","embeddable":true,"href":"https:\/\/fiaf.net\/marche\/wp-json\/wp\/v2\/categories?post=5370"},{"taxonomy":"post_tag","embeddable":true,"href":"https:\/\/fiaf.net\/marche\/wp-json\/wp\/v2\/tags?post=5370"}],"curies":[{"name":"wp","href":"https:\/\/api.w.org\/{rel}","templated":true}]}}