{"id":5671,"date":"2017-04-28T10:55:56","date_gmt":"2017-04-28T08:55:56","guid":{"rendered":"https:\/\/fiaf.net\/regioni\/marche\/?p=5671"},"modified":"2017-04-28T10:55:56","modified_gmt":"2017-04-28T08:55:56","slug":"cagli-photo-art-2017-fotoclub-carpe-diem-cagli","status":"publish","type":"post","link":"https:\/\/fiaf.net\/marche\/cagli-photo-art-2017-fotoclub-carpe-diem-cagli\/","title":{"rendered":"Cagli Photo Art 2017 &#8211; Fotoclub Carpe Diem Cagli"},"content":{"rendered":"<p style=\"text-align: justify\">Sabato 6 maggio a Cagli presso le particolari sale del cinquecentesco Palazzo Tiranni si inaugurer\u00e0 la IV edizione di Cagli Photo Art organizzata dal Fotoclub Cagli \u201cCarpe Diem\u201d in collaborazione con la FIAF alla presenza di autorit\u00e0 locali e, si spera, numerosi appassionati di fotografia.<\/p>\n<p style=\"text-align: justify\">Il tema della manifestazione di quest\u2019anno \u00e8 il ritratto.<\/p>\n<p style=\"text-align: justify\">Il Foto Club Cagli costituito nel 2005, anche se conta un numero limitato di iscritti, si \u00e8 sempre attivato per la diffusione della cultura dell\u2019immagine organizzando mostre personali e collettive, corsi di fotografia , workshop e numerosi slide show.<\/p>\n<p style=\"text-align: justify\">A fianco di tali attivit\u00e0, che hanno sempre voluto il coinvolgimento di fotografi di altre citt\u00e0 o di altri club non trascurando anche le giovani generazioni, si \u00e8 sempre cercato di coinvolgere il pubblico ad interagire con esso. Ritenendo, quindi, che la crescita culturale ed umana possa avvenire solo con atteggiamenti di umilt\u00e0 ed empatia.<\/p>\n<p style=\"text-align: justify\">Non quindi una cattedra ma una vetrina dove ospitare chiunque abbia qualcosa da dire.<\/p>\n<p style=\"text-align: justify\">Cagli Photo Art 2017 \u00e8 la naturale prosecuzione di questi intenti.<\/p>\n<p style=\"text-align: justify\">Il tutto \u00e8 cominciato nel 2014 quando il Club ha ospitato la 8^ Rassegna di Fotografia Marchigiana in collaborazione con la FIAF e i circoli fotografici marchigiani aderenti all\u2019associazione. La mostra collettiva \u00e8 stata allestita nei sontuosi locali del palazzo Mochi Zamperoli messo a disposizione dalla provincia di Pesaro e Urbino; in contemporanea sono state presentate 7 mostre personali presso il palazzo Tiranni fornito dalla Curia Vescovile.<\/p>\n<p style=\"text-align: justify\">Forti del successo delle manifestazioni abbiamo deciso di proseguire negli anni invitando di volta in volta fotografi diversi e riservandoci solo una sala per un piccolo assaggio dei nostri lavori.<\/p>\n<p style=\"text-align: justify\">Sempre nel 2014 in occasione di detta manifestazione abbiamo ospitato la mostra di Francesco Cito \u201cSulla terra chiamata Palestina\u201d alla cui inaugurazione \u00e8 intervenuto l\u2019autore.<\/p>\n<p style=\"text-align: justify\">Nel 2015, in occasione della rassegna Cagli Photo Art 2015, nello scenario di palazzo Tiranni \u00e8 stata ospita una mostra collettiva tenuta dai fotoclub affiliati FIAF della Provincia di Pesaro e Urbino.<\/p>\n<p style=\"text-align: justify\">Cagli Phort Art 2016 ha avuto per tema il reportage; oltre ad ospitare dieci autori provenienti da diverse regioni d\u2019Italia \u00e8 stato proposto un workshop di due giorni tenuto dal maestro Francesco Cito.<\/p>\n<p style=\"text-align: justify\">Le mostre saranno aperte nelle giornate del 6, 7, 13, 14, 20 e 21 maggio 2017.<\/p>\n<p style=\"text-align: justify\"><a href=\"https:\/\/fiaf.net\/marche\/wp-content\/uploads\/sites\/12\/2017\/04\/Cagli.jpg\"><img loading=\"lazy\" decoding=\"async\" class=\"aligncenter size-full wp-image-5672\" alt=\"Cagli\" src=\"https:\/\/fiaf.net\/marche\/wp-content\/uploads\/sites\/12\/2017\/04\/Cagli.jpg\" width=\"700\" height=\"990\" srcset=\"https:\/\/fiaf.net\/marche\/wp-content\/uploads\/sites\/12\/2017\/04\/Cagli.jpg 700w, https:\/\/fiaf.net\/marche\/wp-content\/uploads\/sites\/12\/2017\/04\/Cagli-212x300.jpg 212w\" sizes=\"auto, (max-width: 700px) 100vw, 700px\" \/><\/a><\/p>\n\n    <div class=\"xs_social_share_widget xs_share_url after_content \t\tmain_content  wslu-style-1 wslu-share-box-shaped wslu-fill-colored wslu-none wslu-share-horizontal wslu-theme-font-no wslu-main_content\">\n\n\t\t\n        <ul>\n\t\t\t        <\/ul>\n    <\/div> \n","protected":false},"excerpt":{"rendered":"<p>Sabato 6 maggio a Cagli presso le particolari sale del cinquecentesco Palazzo Tiranni si inaugurer\u00e0 la IV edizione di Cagli &hellip;<\/p>\n","protected":false},"author":64,"featured_media":5672,"comment_status":"closed","ping_status":"closed","sticky":false,"template":"","format":"standard","meta":{"_acf_changed":false,"footnotes":""},"categories":[17],"tags":[],"class_list":["post-5671","post","type-post","status-publish","format-standard","has-post-thumbnail","hentry","category-anno-2017"],"acf":[],"_links":{"self":[{"href":"https:\/\/fiaf.net\/marche\/wp-json\/wp\/v2\/posts\/5671","targetHints":{"allow":["GET"]}}],"collection":[{"href":"https:\/\/fiaf.net\/marche\/wp-json\/wp\/v2\/posts"}],"about":[{"href":"https:\/\/fiaf.net\/marche\/wp-json\/wp\/v2\/types\/post"}],"author":[{"embeddable":true,"href":"https:\/\/fiaf.net\/marche\/wp-json\/wp\/v2\/users\/64"}],"replies":[{"embeddable":true,"href":"https:\/\/fiaf.net\/marche\/wp-json\/wp\/v2\/comments?post=5671"}],"version-history":[{"count":0,"href":"https:\/\/fiaf.net\/marche\/wp-json\/wp\/v2\/posts\/5671\/revisions"}],"wp:featuredmedia":[{"embeddable":true,"href":"https:\/\/fiaf.net\/marche\/wp-json\/wp\/v2\/media\/5672"}],"wp:attachment":[{"href":"https:\/\/fiaf.net\/marche\/wp-json\/wp\/v2\/media?parent=5671"}],"wp:term":[{"taxonomy":"category","embeddable":true,"href":"https:\/\/fiaf.net\/marche\/wp-json\/wp\/v2\/categories?post=5671"},{"taxonomy":"post_tag","embeddable":true,"href":"https:\/\/fiaf.net\/marche\/wp-json\/wp\/v2\/tags?post=5671"}],"curies":[{"name":"wp","href":"https:\/\/api.w.org\/{rel}","templated":true}]}}