{"id":5680,"date":"2017-04-29T16:22:44","date_gmt":"2017-04-29T14:22:44","guid":{"rendered":"https:\/\/fiaf.net\/regioni\/marche\/?p=5680"},"modified":"2017-04-29T16:22:44","modified_gmt":"2017-04-29T14:22:44","slug":"vedo-di-giancarla-lorenzini-cantine-garofoli-castelfidardo","status":"publish","type":"post","link":"https:\/\/fiaf.net\/marche\/vedo-di-giancarla-lorenzini-cantine-garofoli-castelfidardo\/","title":{"rendered":"Vedo? di Giancarla Lorenzini &#8211; Cantine Garofoli Castelfidardo"},"content":{"rendered":"<p style=\"text-align: justify\">Per Giancarla Lorenzini, fotografa per passione, la fotografia \u00e8 strumento di comunicazione, perch\u00e9 &lt;ogni volta che apre l\u2019otturatore da voce ad un suo pensiero sul mondo, prende posizione e lo sguardo diventa la somma dei suoi pensieri&gt; (Paolo Pellegrin). La fotografia \u00e8 per lei il mezzo privilegiato di riflessione per oltrepassare le apparenze delle cose e delle situazioni e cos\u00ec penetrare la vita, per cercare di comprendere se stessa e il mondo.<\/p>\n<p style=\"text-align: justify\">Le immagini della mostra rivolgono lo sguardo al mondo esterno attraverso una visione del tutto personale, dove le linee e le forme si dissolvono per ricreare paesaggi fortemente interiorizzati in una dimensione\u00a0 nascosta tra le pieghe del tangibile; l\u2019impiego del mosso nasce dall\u2019esigenza di riportare alla luce le immagini sedimentate nel ricordo. A volte col passare del tempo si perdono i tratti reali dei luoghi che abbiamo vissuto e si tende a ricordare ci\u00f2 che di essi ci ha maggiormente emozionati. Cos\u00ec nella memoria essi diventano luoghi onirici appena tracciati , in una realt\u00e0 trasfigurata dove non c\u2019\u00e8 pi\u00f9 n\u00e9 dolore n\u00e9 pianto, dove tutto \u00e8 bellezza e armonia,\u00a0che si traducono in visioni \u00a0in chiave di scoperta, in luce e colore, come luoghi incontrati per la prima volta.<\/p>\n<p style=\"text-align: justify\">Ma le fotografie in mostra rivolgono lo sguardo anche all\u2019interno di s\u00e9 stessi, alla ricerca spasmodica del proprio s\u00e9 in perenne conflitto con la finitezza dell\u2019esistere. L&#8217;esposizione ancora una volta vuole celebrare la sacralit\u00e0 dell\u2019uomo e della bellezza della Vita.<\/p>\n<p style=\"text-align: justify\"><a href=\"https:\/\/fiaf.net\/marche\/wp-content\/uploads\/sites\/12\/2017\/04\/lorenzini.jpg\"><img loading=\"lazy\" decoding=\"async\" class=\"aligncenter size-full wp-image-5681\" alt=\"lorenzini\" src=\"https:\/\/fiaf.net\/marche\/wp-content\/uploads\/sites\/12\/2017\/04\/lorenzini.jpg\" width=\"700\" height=\"1001\" srcset=\"https:\/\/fiaf.net\/marche\/wp-content\/uploads\/sites\/12\/2017\/04\/lorenzini.jpg 700w, https:\/\/fiaf.net\/marche\/wp-content\/uploads\/sites\/12\/2017\/04\/lorenzini-210x300.jpg 210w\" sizes=\"auto, (max-width: 700px) 100vw, 700px\" \/><\/a><\/p>\n\n    <div class=\"xs_social_share_widget xs_share_url after_content \t\tmain_content  wslu-style-1 wslu-share-box-shaped wslu-fill-colored wslu-none wslu-share-horizontal wslu-theme-font-no wslu-main_content\">\n\n\t\t\n        <ul>\n\t\t\t        <\/ul>\n    <\/div> \n","protected":false},"excerpt":{"rendered":"<p>Per Giancarla Lorenzini, fotografa per passione, la fotografia \u00e8 strumento di comunicazione, perch\u00e9 &lt;ogni volta che apre l\u2019otturatore da voce &hellip;<\/p>\n","protected":false},"author":64,"featured_media":5681,"comment_status":"closed","ping_status":"closed","sticky":false,"template":"","format":"standard","meta":{"_acf_changed":false,"footnotes":""},"categories":[17],"tags":[],"class_list":["post-5680","post","type-post","status-publish","format-standard","has-post-thumbnail","hentry","category-anno-2017"],"acf":[],"_links":{"self":[{"href":"https:\/\/fiaf.net\/marche\/wp-json\/wp\/v2\/posts\/5680","targetHints":{"allow":["GET"]}}],"collection":[{"href":"https:\/\/fiaf.net\/marche\/wp-json\/wp\/v2\/posts"}],"about":[{"href":"https:\/\/fiaf.net\/marche\/wp-json\/wp\/v2\/types\/post"}],"author":[{"embeddable":true,"href":"https:\/\/fiaf.net\/marche\/wp-json\/wp\/v2\/users\/64"}],"replies":[{"embeddable":true,"href":"https:\/\/fiaf.net\/marche\/wp-json\/wp\/v2\/comments?post=5680"}],"version-history":[{"count":0,"href":"https:\/\/fiaf.net\/marche\/wp-json\/wp\/v2\/posts\/5680\/revisions"}],"wp:featuredmedia":[{"embeddable":true,"href":"https:\/\/fiaf.net\/marche\/wp-json\/wp\/v2\/media\/5681"}],"wp:attachment":[{"href":"https:\/\/fiaf.net\/marche\/wp-json\/wp\/v2\/media?parent=5680"}],"wp:term":[{"taxonomy":"category","embeddable":true,"href":"https:\/\/fiaf.net\/marche\/wp-json\/wp\/v2\/categories?post=5680"},{"taxonomy":"post_tag","embeddable":true,"href":"https:\/\/fiaf.net\/marche\/wp-json\/wp\/v2\/tags?post=5680"}],"curies":[{"name":"wp","href":"https:\/\/api.w.org\/{rel}","templated":true}]}}