{"id":5759,"date":"2017-05-16T22:38:29","date_gmt":"2017-05-16T20:38:29","guid":{"rendered":"https:\/\/fiaf.net\/regioni\/marche\/?p=5759"},"modified":"2017-05-16T22:38:29","modified_gmt":"2017-05-16T20:38:29","slug":"laboratorio-di-still-life-fotoclub-fano","status":"publish","type":"post","link":"https:\/\/fiaf.net\/marche\/laboratorio-di-still-life-fotoclub-fano\/","title":{"rendered":"Laboratorio di Still Life &#8211; Fotoclub Fano"},"content":{"rendered":"<p style=\"text-align: justify\">Giovedi ci sar\u00e0 una serata molto interessante dove saremo chiamati a fotografare!<\/p>\n<p style=\"text-align: justify\">Allestiremo due set fotografici dove sulla scia del grande maestro Edward Weston cercheremo di fotografare delle \u201cNature Morte\u201d utilizzando ortaggi dalle forme particolari, come nello scatto della locandina. Ogni partecipante dovr\u00e0 munirsi di fotocamera e cavalletto (alcuni li metter\u00e0 a disposizione il Fotoclub) e dovr\u00e0 possibilmente portare un ortaggio interessante da fotografare. Non necessariamente le fotografie saranno in bianco e nero, quindi si potr\u00e0 lavorare anche con i colori. Al resto penser\u00e0 il Fotoclub (luci e sfondi).<\/p>\n<p style=\"text-align: justify\">Quindi si preannuncia un incontro davvero speciale dove ogni socio \u00e8 chiamato a dare una sua interpretazione fotografica a questo genere particolarmente intrigante di scatto in studio, dove lo studio della composizione e della luce risulta di fondamentale importanza.<a href=\"https:\/\/fiaf.net\/marche\/wp-content\/uploads\/sites\/12\/2017\/05\/18-Maggio-2017.jpg\"><img loading=\"lazy\" decoding=\"async\" class=\"aligncenter size-full wp-image-5758\" alt=\"18 Maggio 2017\" src=\"https:\/\/fiaf.net\/marche\/wp-content\/uploads\/sites\/12\/2017\/05\/18-Maggio-2017.jpg\" width=\"700\" height=\"990\" srcset=\"https:\/\/fiaf.net\/marche\/wp-content\/uploads\/sites\/12\/2017\/05\/18-Maggio-2017.jpg 700w, https:\/\/fiaf.net\/marche\/wp-content\/uploads\/sites\/12\/2017\/05\/18-Maggio-2017-212x300.jpg 212w\" sizes=\"auto, (max-width: 700px) 100vw, 700px\" \/><\/a><\/p>\n\n    <div class=\"xs_social_share_widget xs_share_url after_content \t\tmain_content  wslu-style-1 wslu-share-box-shaped wslu-fill-colored wslu-none wslu-share-horizontal wslu-theme-font-no wslu-main_content\">\n\n\t\t\n        <ul>\n\t\t\t        <\/ul>\n    <\/div> \n","protected":false},"excerpt":{"rendered":"<p>Giovedi ci sar\u00e0 una serata molto interessante dove saremo chiamati a fotografare! Allestiremo due set fotografici dove sulla scia del &hellip;<\/p>\n","protected":false},"author":64,"featured_media":5758,"comment_status":"closed","ping_status":"closed","sticky":false,"template":"","format":"standard","meta":{"_acf_changed":false,"footnotes":""},"categories":[17],"tags":[],"class_list":["post-5759","post","type-post","status-publish","format-standard","has-post-thumbnail","hentry","category-anno-2017"],"acf":[],"_links":{"self":[{"href":"https:\/\/fiaf.net\/marche\/wp-json\/wp\/v2\/posts\/5759","targetHints":{"allow":["GET"]}}],"collection":[{"href":"https:\/\/fiaf.net\/marche\/wp-json\/wp\/v2\/posts"}],"about":[{"href":"https:\/\/fiaf.net\/marche\/wp-json\/wp\/v2\/types\/post"}],"author":[{"embeddable":true,"href":"https:\/\/fiaf.net\/marche\/wp-json\/wp\/v2\/users\/64"}],"replies":[{"embeddable":true,"href":"https:\/\/fiaf.net\/marche\/wp-json\/wp\/v2\/comments?post=5759"}],"version-history":[{"count":0,"href":"https:\/\/fiaf.net\/marche\/wp-json\/wp\/v2\/posts\/5759\/revisions"}],"wp:featuredmedia":[{"embeddable":true,"href":"https:\/\/fiaf.net\/marche\/wp-json\/wp\/v2\/media\/5758"}],"wp:attachment":[{"href":"https:\/\/fiaf.net\/marche\/wp-json\/wp\/v2\/media?parent=5759"}],"wp:term":[{"taxonomy":"category","embeddable":true,"href":"https:\/\/fiaf.net\/marche\/wp-json\/wp\/v2\/categories?post=5759"},{"taxonomy":"post_tag","embeddable":true,"href":"https:\/\/fiaf.net\/marche\/wp-json\/wp\/v2\/tags?post=5759"}],"curies":[{"name":"wp","href":"https:\/\/api.w.org\/{rel}","templated":true}]}}