{"id":6032,"date":"2017-09-19T16:05:40","date_gmt":"2017-09-19T14:05:40","guid":{"rendered":"https:\/\/fiaf.net\/regioni\/marche\/?p=6032"},"modified":"2017-09-19T16:05:40","modified_gmt":"2017-09-19T14:05:40","slug":"donne-di-scanno-oggi-di-antonella-monzoni-sassoferrato","status":"publish","type":"post","link":"https:\/\/fiaf.net\/marche\/donne-di-scanno-oggi-di-antonella-monzoni-sassoferrato\/","title":{"rendered":"Donne di Scanno Oggi di Antonella Monzoni &#8211; Sassoferrato"},"content":{"rendered":"<p style=\"text-align: justify\">Antonella ricorda che a differenza della precedente mostra (esposta a Scanno a fine ottobre 2016) a Sassoferrato presenta un&#8217;inedito, le foto de LA BAMBINA DI SCANNO, la bambina fotografata da Henri Cartier Bresson nel 1951 all&#8217;uscita dalla famosa chiesa di Scanno, fotografia intitolata anche &#8220;Ora pro nobis&#8221;. Ho cercato la bambina, l&#8217;ho trovata e fotografata a Scanno tra giugno e ottobre dello scorso anno.<\/p>\n<p style=\"text-align: justify\">Inoltre la mostra \u00e8 arricchita da una cinquina d&#8217;eccezione, fotografie di autori che hanno amato e fotografato Scanno negli ultimi anni: Mario Giacomelli, Renzo Tortelli, Gianni Berengo Gardin, Giovanni Bucci e Claudio Marcozzi che ha redatto anche l&#8217;ottimo ed esaustivo testo che ci racconta del rapporto dei fotografi con Scanno, anzi con le Donne di Scanno, anch&#8217;esso presente in mostra.<\/p>\n<p style=\"text-align: justify\">La mostra si terr\u00e0 presso la Chiesa San Giuseppe in Piazza Matteotti a Sassoferrato, e rester\u00e0 aperta dal 29 Settembre al 15 Ottobre dal gioved\u00ec alla domenica con orario 16,30 \/19,30 e\u00a0tutti i giorni su prenotazione (Tel. 3898775848).<\/p>\n<p><a href=\"https:\/\/fiaf.net\/marche\/wp-content\/uploads\/sites\/12\/2017\/09\/IMG_87.jpg\"><img loading=\"lazy\" decoding=\"async\" class=\"aligncenter size-full wp-image-6034\" alt=\"Stampa\" src=\"https:\/\/fiaf.net\/marche\/wp-content\/uploads\/sites\/12\/2017\/09\/IMG_87.jpg\" width=\"700\" height=\"1000\" srcset=\"https:\/\/fiaf.net\/marche\/wp-content\/uploads\/sites\/12\/2017\/09\/IMG_87.jpg 700w, https:\/\/fiaf.net\/marche\/wp-content\/uploads\/sites\/12\/2017\/09\/IMG_87-210x300.jpg 210w\" sizes=\"auto, (max-width: 700px) 100vw, 700px\" \/><\/a>\t\t<\/p>\n\n    <div class=\"xs_social_share_widget xs_share_url after_content \t\tmain_content  wslu-style-1 wslu-share-box-shaped wslu-fill-colored wslu-none wslu-share-horizontal wslu-theme-font-no wslu-main_content\">\n\n\t\t\n        <ul>\n\t\t\t        <\/ul>\n    <\/div> \n","protected":false},"excerpt":{"rendered":"<p>Antonella ricorda che a differenza della precedente mostra (esposta a Scanno a fine ottobre 2016) a Sassoferrato presenta un&#8217;inedito, le &hellip;<\/p>\n","protected":false},"author":64,"featured_media":6034,"comment_status":"closed","ping_status":"closed","sticky":false,"template":"","format":"standard","meta":{"_acf_changed":false,"footnotes":""},"categories":[17],"tags":[],"class_list":["post-6032","post","type-post","status-publish","format-standard","has-post-thumbnail","hentry","category-anno-2017"],"acf":[],"_links":{"self":[{"href":"https:\/\/fiaf.net\/marche\/wp-json\/wp\/v2\/posts\/6032","targetHints":{"allow":["GET"]}}],"collection":[{"href":"https:\/\/fiaf.net\/marche\/wp-json\/wp\/v2\/posts"}],"about":[{"href":"https:\/\/fiaf.net\/marche\/wp-json\/wp\/v2\/types\/post"}],"author":[{"embeddable":true,"href":"https:\/\/fiaf.net\/marche\/wp-json\/wp\/v2\/users\/64"}],"replies":[{"embeddable":true,"href":"https:\/\/fiaf.net\/marche\/wp-json\/wp\/v2\/comments?post=6032"}],"version-history":[{"count":0,"href":"https:\/\/fiaf.net\/marche\/wp-json\/wp\/v2\/posts\/6032\/revisions"}],"wp:featuredmedia":[{"embeddable":true,"href":"https:\/\/fiaf.net\/marche\/wp-json\/wp\/v2\/media\/6034"}],"wp:attachment":[{"href":"https:\/\/fiaf.net\/marche\/wp-json\/wp\/v2\/media?parent=6032"}],"wp:term":[{"taxonomy":"category","embeddable":true,"href":"https:\/\/fiaf.net\/marche\/wp-json\/wp\/v2\/categories?post=6032"},{"taxonomy":"post_tag","embeddable":true,"href":"https:\/\/fiaf.net\/marche\/wp-json\/wp\/v2\/tags?post=6032"}],"curies":[{"name":"wp","href":"https:\/\/api.w.org\/{rel}","templated":true}]}}