{"id":6213,"date":"2017-11-17T20:02:19","date_gmt":"2017-11-17T18:02:19","guid":{"rendered":"https:\/\/fiaf.net\/regioni\/marche\/?p=6213"},"modified":"2017-11-17T20:02:19","modified_gmt":"2017-11-17T18:02:19","slug":"misticismo-copto-effetto-ghergo-montefano","status":"publish","type":"post","link":"https:\/\/fiaf.net\/marche\/misticismo-copto-effetto-ghergo-montefano\/","title":{"rendered":"Misticismo Copto &#8211; Effetto Ghergo Montefano"},"content":{"rendered":"<p style=\"text-align: justify\">La mostra \u201cMisticismo Copto\u201d in mostra a Montefano dal 2 al 18 dicembre 2017, presso lo Spazio Ghergo\u00a0 \u00e8 la sintesi di alcuni viaggi di Cristina Garzone nel \u201cCorno d\u2019Africa\u201d,nel nord dell\u2019Etiopia, tra i luoghi sacri delle chiese rupestri di Lalibela, dichiarate patrimonio dell\u2019umanit\u00e0 dell\u2019Unesco nel 1968. La<br \/>\nregione fu una delle prime in cui si diffuse la religione Cristiana, e il rapporto con la fede permea la maggior parte della vita della popolazione. Lalibela \u00e8 una citt\u00e0 dal fascino unico, dove natura e storia si sono compenetrate. Uno dei luoghi pi\u00f9 affascinanti dell\u2019Africa e del mondo intero, in cui le chiese sono scavate nella roccia, ma con una particolarit\u00e0: procedendo dall\u2019alto verso il basso.<\/p>\n<p style=\"text-align: justify\">Per presentare la mostra dell\u2019autrice di fama internazionale Cristina Garzone, niente di meglio che richiamare le parole di Carlo Ciappi, attore nella vita, critico e docente fotografico per passione.\u201cSi avverte un gran silenzio dentro di noi davanti a questa raccolta di fotografie rispecchianti in pieno l\u2019attinenza al titolo.<br \/>\nMisticismo: l\u2019esperienza che impegna la vita interiore dell\u2019uomo di fronte a una realt\u00e0 misteriosa, senso di religiosit\u00e0 profonda per cui si aspira a una vita totalmente spirituale. Ecco, questo si vede rappresentato nell\u2019opera dell\u2019esperta reportagista\u201d che ha saputo compenetrarsi nella vita e nei comportamenti di queste genti. \u201cSilenzio e riflessione ispirano le foto facenti parte della silloge fatta di colori sereni, ferme posture di persone oranti, bagliori e ombre dei luoghi teatri delle riprese, lampi di folgorazione mistica sui volti intenti a letture, canti, interiorit\u00e0 private. Saper osservare prima dello scatto deve essere la dote del fotografo che ha in animo di rappresentare la massima interiorit\u00e0 dell\u2019uomo, la sua preghiera e il suo trasalimento spirituale, l\u2019Autrice ha dimostrato questa capacit\u00e0 per la rappresentazione essenziale con cui ha svolto<\/p>\n<p style=\"text-align: justify\">la narrazione di quest\u2019opera, ha dimostrato conoscenza delle situazioni cui sarebbe andata incontro e, quindi, l\u2019adeguata preparazione ha fatto s\u00ec che il lavoro non potesse avere sbavature o inesattezze. Molti sono i simboli che figurano e ben collocati nella successione della sequenza fotografica, la Croce copta, detta pure Croce ansata, ricorre pi\u00f9 volte nella sua sembianza di chiave, segno molto importante per quel Popolo che definisce quel simbolo: Chiave del Nilo, ma ancor pi\u00f9 importante, Chiave della vita.\u201d&#8230;\u201cLa luce, comprensibilmente, \u00e8 scarsa in quei luoghi in cui le difficolt\u00e0 di ripresa sono molte, ma quel che \u00e8 nato in quella lucentissima penombra poi trasportato sulla carta fotografica \u00e8 di luce piena, per la giusta sistemazione delle poche cose rappresentate, o di molte alla rinfusa, in virt\u00f9 di una dote di composizione fotografica operata con sapiente conoscenza dall\u2019Autrice che ha saputo porre il tutto in un\u2019unica omogenea luce, quella del suo progetto iniziale, l\u2019idea centrale che l\u2019ha spinta a questa realizzazione fotografica, progetto di buona fotografia contenente anche una grande partecipazione del \u201cBello fotografico\u201d.<\/p>\n<p style=\"text-align: justify\">A conclusione dell&#8217;inaugurazione della mostra alle 19,00 ci sar\u00e0\u00a0 presso il Teatro La Rondinella di Montefano alle 21,30, la videoproiezione &#8220;Il cammino della speranza&#8221; ideata da Lorenzo De Francesco e a cura dell&#8217;AV FIAP, con la collaborazione dei circoli fotografici nazionali degli autori della Collezione<\/p>\n<p style=\"text-align: justify\">Internazionale Audiovisivi del servizio audiovisivi della Fiap, e di quelli\u00a0 nazionali del Dipartimento Audiovisivi fotografici della Fiaf.<\/p>\n<p style=\"text-align: justify\">\u00a0Una serie di audiovisivi sul lavoro di diversi fotografi che illustrano le religioni raccontando la religiosit\u00e0 nei popoli del mondo secondo la visione teologico-culturale di Padre Teilhard de Chardin.<\/p>\n<h2 style=\"text-align: justify\"><a href=\"https:\/\/fiaf.net\/marche\/wp-content\/uploads\/sites\/12\/2017\/11\/locandina-mostra-esterno-1.pdf\">locandina mostra esterno 1<\/a><\/h2>\n<h2 style=\"text-align: justify\"><a href=\"https:\/\/fiaf.net\/marche\/wp-content\/uploads\/sites\/12\/2017\/11\/locandina-mostra-interno-1.pdf\">locandina mostra interno-1<\/a><\/h2>\n<p style=\"text-align: justify\"><a href=\"https:\/\/fiaf.net\/marche\/wp-content\/uploads\/sites\/12\/2017\/11\/ma.jpg\"><img loading=\"lazy\" decoding=\"async\" class=\"aligncenter size-full wp-image-6214\" alt=\"Stampa\" src=\"https:\/\/fiaf.net\/marche\/wp-content\/uploads\/sites\/12\/2017\/11\/ma.jpg\" width=\"700\" height=\"990\" srcset=\"https:\/\/fiaf.net\/marche\/wp-content\/uploads\/sites\/12\/2017\/11\/ma.jpg 700w, https:\/\/fiaf.net\/marche\/wp-content\/uploads\/sites\/12\/2017\/11\/ma-212x300.jpg 212w\" sizes=\"auto, (max-width: 700px) 100vw, 700px\" \/><\/a><\/p>\n\n    <div class=\"xs_social_share_widget xs_share_url after_content \t\tmain_content  wslu-style-1 wslu-share-box-shaped wslu-fill-colored wslu-none wslu-share-horizontal wslu-theme-font-no wslu-main_content\">\n\n\t\t\n        <ul>\n\t\t\t        <\/ul>\n    <\/div> \n","protected":false},"excerpt":{"rendered":"<p>La mostra \u201cMisticismo Copto\u201d in mostra a Montefano dal 2 al 18 dicembre 2017, presso lo Spazio Ghergo\u00a0 \u00e8 la &hellip;<\/p>\n","protected":false},"author":64,"featured_media":6214,"comment_status":"closed","ping_status":"closed","sticky":false,"template":"","format":"standard","meta":{"_acf_changed":false,"footnotes":""},"categories":[17],"tags":[],"class_list":["post-6213","post","type-post","status-publish","format-standard","has-post-thumbnail","hentry","category-anno-2017"],"acf":[],"_links":{"self":[{"href":"https:\/\/fiaf.net\/marche\/wp-json\/wp\/v2\/posts\/6213","targetHints":{"allow":["GET"]}}],"collection":[{"href":"https:\/\/fiaf.net\/marche\/wp-json\/wp\/v2\/posts"}],"about":[{"href":"https:\/\/fiaf.net\/marche\/wp-json\/wp\/v2\/types\/post"}],"author":[{"embeddable":true,"href":"https:\/\/fiaf.net\/marche\/wp-json\/wp\/v2\/users\/64"}],"replies":[{"embeddable":true,"href":"https:\/\/fiaf.net\/marche\/wp-json\/wp\/v2\/comments?post=6213"}],"version-history":[{"count":0,"href":"https:\/\/fiaf.net\/marche\/wp-json\/wp\/v2\/posts\/6213\/revisions"}],"wp:featuredmedia":[{"embeddable":true,"href":"https:\/\/fiaf.net\/marche\/wp-json\/wp\/v2\/media\/6214"}],"wp:attachment":[{"href":"https:\/\/fiaf.net\/marche\/wp-json\/wp\/v2\/media?parent=6213"}],"wp:term":[{"taxonomy":"category","embeddable":true,"href":"https:\/\/fiaf.net\/marche\/wp-json\/wp\/v2\/categories?post=6213"},{"taxonomy":"post_tag","embeddable":true,"href":"https:\/\/fiaf.net\/marche\/wp-json\/wp\/v2\/tags?post=6213"}],"curies":[{"name":"wp","href":"https:\/\/api.w.org\/{rel}","templated":true}]}}