{"id":6346,"date":"2018-01-09T21:15:11","date_gmt":"2018-01-09T19:15:11","guid":{"rendered":"https:\/\/fiaf.net\/regioni\/marche\/?p=6346"},"modified":"2018-01-09T21:15:11","modified_gmt":"2018-01-09T19:15:11","slug":"inaugurazione-nuova-sede-effeunopuntouno-maiolati-spontini","status":"publish","type":"post","link":"https:\/\/fiaf.net\/marche\/inaugurazione-nuova-sede-effeunopuntouno-maiolati-spontini\/","title":{"rendered":"Inaugurazione Nuova Sede &#8211; Effeunopuntouno Maiolati Spontini"},"content":{"rendered":"<div style=\"text-align: justify\">&#8220;Il fotoclub\u00a0<b>effeunopuntouno<\/b>\u00a0ha il piacere di invitare tutti all&#8217;inaugurazione della nuova sede.<\/div>\n<div style=\"text-align: justify\"><b>Domenica 14 gennaio dalle ore 10<\/b>\u00a0il fotoclub organizza un\u00a0<b>&#8220;open day&#8221;<\/b>\u00a0in cui presenter\u00e0 la nuova sede, render\u00e0 disponibili la proprie attrezzature da sala posa per alcuni scatti insieme e presenter\u00e0 le attivit\u00e0 per questo anno 2018. Vi aspettiamo a\u00a0<b>Moie di Maiolati Spontini, in via Leopardi 10<\/b>&#8220;<\/div>\n<div style=\"text-align: justify\"><a href=\"https:\/\/fiaf.net\/marche\/wp-content\/uploads\/sites\/12\/2018\/01\/vvvvvvvvvvvvvvvv.jpg\"><img loading=\"lazy\" decoding=\"async\" class=\"aligncenter size-full wp-image-6347\" alt=\"vvvvvvvvvvvvvvvv\" src=\"https:\/\/fiaf.net\/marche\/wp-content\/uploads\/sites\/12\/2018\/01\/vvvvvvvvvvvvvvvv.jpg\" width=\"700\" height=\"990\" srcset=\"https:\/\/fiaf.net\/marche\/wp-content\/uploads\/sites\/12\/2018\/01\/vvvvvvvvvvvvvvvv.jpg 700w, https:\/\/fiaf.net\/marche\/wp-content\/uploads\/sites\/12\/2018\/01\/vvvvvvvvvvvvvvvv-212x300.jpg 212w\" sizes=\"auto, (max-width: 700px) 100vw, 700px\" \/><\/a><\/div>\n\n    <div class=\"xs_social_share_widget xs_share_url after_content \t\tmain_content  wslu-style-1 wslu-share-box-shaped wslu-fill-colored wslu-none wslu-share-horizontal wslu-theme-font-no wslu-main_content\">\n\n\t\t\n        <ul>\n\t\t\t        <\/ul>\n    <\/div> \n","protected":false},"excerpt":{"rendered":"<p>&#8220;Il fotoclub\u00a0effeunopuntouno\u00a0ha il piacere di invitare tutti all&#8217;inaugurazione della nuova sede. Domenica 14 gennaio dalle ore 10\u00a0il fotoclub organizza un\u00a0&#8220;open &hellip;<\/p>\n","protected":false},"author":64,"featured_media":6347,"comment_status":"closed","ping_status":"closed","sticky":false,"template":"","format":"standard","meta":{"_acf_changed":false,"footnotes":""},"categories":[18],"tags":[],"class_list":["post-6346","post","type-post","status-publish","format-standard","has-post-thumbnail","hentry","category-anno-2018"],"acf":[],"_links":{"self":[{"href":"https:\/\/fiaf.net\/marche\/wp-json\/wp\/v2\/posts\/6346","targetHints":{"allow":["GET"]}}],"collection":[{"href":"https:\/\/fiaf.net\/marche\/wp-json\/wp\/v2\/posts"}],"about":[{"href":"https:\/\/fiaf.net\/marche\/wp-json\/wp\/v2\/types\/post"}],"author":[{"embeddable":true,"href":"https:\/\/fiaf.net\/marche\/wp-json\/wp\/v2\/users\/64"}],"replies":[{"embeddable":true,"href":"https:\/\/fiaf.net\/marche\/wp-json\/wp\/v2\/comments?post=6346"}],"version-history":[{"count":0,"href":"https:\/\/fiaf.net\/marche\/wp-json\/wp\/v2\/posts\/6346\/revisions"}],"wp:featuredmedia":[{"embeddable":true,"href":"https:\/\/fiaf.net\/marche\/wp-json\/wp\/v2\/media\/6347"}],"wp:attachment":[{"href":"https:\/\/fiaf.net\/marche\/wp-json\/wp\/v2\/media?parent=6346"}],"wp:term":[{"taxonomy":"category","embeddable":true,"href":"https:\/\/fiaf.net\/marche\/wp-json\/wp\/v2\/categories?post=6346"},{"taxonomy":"post_tag","embeddable":true,"href":"https:\/\/fiaf.net\/marche\/wp-json\/wp\/v2\/tags?post=6346"}],"curies":[{"name":"wp","href":"https:\/\/api.w.org\/{rel}","templated":true}]}}