{"id":6375,"date":"2018-01-29T20:13:11","date_gmt":"2018-01-29T18:13:11","guid":{"rendered":"https:\/\/fiaf.net\/regioni\/marche\/?p=6375"},"modified":"2018-01-29T20:13:11","modified_gmt":"2018-01-29T18:13:11","slug":"custodi-erranti-crua-scatto-flessibile-ancona","status":"publish","type":"post","link":"https:\/\/fiaf.net\/marche\/custodi-erranti-crua-scatto-flessibile-ancona\/","title":{"rendered":"Custodi Erranti &#8211; Crua Scatto Flessibile Ancona"},"content":{"rendered":"<p style=\"text-align: justify\">Questo libro racchiude in se un inedito progetto fotografico durato tre anni riguardo una breve (ma al contempo lunghissima) storia che conduce al difficile rapporto tra il lupo e la pastorizia e sulle possibili strategie per una coesistenza duratura (e qui entra in gioco soprattutto il Pastore Maremmano Abruzzese).<\/p>\n<p style=\"text-align: justify\">Una storia in cui lupi e uomini non vengono documentati in maniera separata ma come due vite parallele che si incontrano e che condividono tra loro molto pi\u00f9 di ci\u00f2 che si \u00e8 portati a pensare, in un contesto ambientale ricco di personaggi e luoghi straordinari.<\/p>\n<p style=\"text-align: justify\">Tutte componenti legate tra loro da un filo, il quale potrebbe spezzarsi con grande facilit\u00e0.<\/p>\n<p style=\"text-align: justify\">Una scommessa e un contributo per le presenti e future generazioni, nel valorizzare, riavvicinarsi e vivere personalmente il nostro straordinario patrimonio naturalistico (dal quale noi tutti dipendiamo) e nel risolvere importanti problematiche che riguardano la coesistenza tra il lupo ed alcune antiche attivit\u00e0 umane legate all\u2019ambiente in cui questo straordinario e indescrivibile predatore vive e ha vissuto per millenni.<\/p>\n<p style=\"text-align: justify\">\n<p style=\"text-align: justify\">Dalla prefazione di Luigi Boitani:<\/p>\n<p style=\"text-align: justify\">&#8220;Un esempio raro di dedizione ad un sapere antico che, purtroppo, sta lentamente svanendo. Mi auguro che questo libro lasci una traccia indelebile in tutti i lettori\u201d.<\/p>\n<p style=\"text-align: justify\">\n<p style=\"text-align: justify\">Il libro attualmente \u00e8 stato e continuer\u00e0 ad essere presentato in diversi luoghi d&#8217;Italia tra cui il Museo di storia naturale di Venezia, Belluno, Torino ecc. luned\u00ec 27 Novembre se ne \u00e8 parleto anche a GEO su Rai 3.<\/p>\n<p style=\"text-align: justify\">Per maggiori info\u00a0<a href=\"https:\/\/www.matteoluciani.com\/custodi-erranti-uomini-e-lupi-a-confronto.html\" target=\"_blank\" data-saferedirecturl=\"https:\/\/www.google.com\/url?hl=it&amp;q=https:\/\/www.matteoluciani.com\/custodi-erranti-uomini-e-lupi-a-confronto.html&amp;source=gmail&amp;ust=1517335553009000&amp;usg=AFQjCNGG-uuIFbW-QgJYSGHG2btfP7Xu0g\" rel=\"noopener\">https:\/\/www.matteoluciani.com\/custodi-erranti-uomini-e-lupi-a-confronto.html<\/a>.<\/p>\n<p style=\"text-align: justify\">\n<p style=\"text-align: justify\">Breve biografia:<\/p>\n<p style=\"text-align: justify\">Sono nato a Roma nel novembre del 1988.<\/p>\n<p style=\"text-align: justify\">\u200bDa sempre affascinato dalla complessit\u00e0 e dalla bellezza della natura, decisi di conseguire un percorso universitario triennale e magistrale in Ecologia.<\/p>\n<p style=\"text-align: justify\">Per poter comprendere al meglio ci\u00f2 che leggevo sui libri universitari e sulle guide naturalistiche, mi recavo spesso in molti luoghi dell\u2019 Appennino centrale.<\/p>\n<p style=\"text-align: justify\">\u200bDurante le mie passeggiate sentivo il bisogno di immortalare e divulgare la diversit\u00e0 e la bellezza dalla quale ero circondato; cos\u00ec decisi di acquistare la mia prima macchina fotografica, senza sapere che la fotografia sarebbe diventata da li a breve parte integrante della mia vita.<\/p>\n<p style=\"text-align: justify\">Con il tempo, la fotografia mi ha permesso di inglobare argomenti diversi ma strettamente correlati tra loro e che insieme rappresentano la base di alcuni miei progetti fotografici.<\/p>\n<p style=\"text-align: justify\">Uno dei principali obiettivi che traspare dai miei lavori \u00e8 quello di far riavvicinare l\u2019uomo, con un approccio curioso, rispettoso, entusiastico ma soprattutto coscienzioso, al contesto naturale, semi-naturale e sociale dal quale egli dipende.<\/p>\n<p style=\"text-align: justify\"><a href=\"https:\/\/fiaf.net\/marche\/wp-content\/uploads\/sites\/12\/2018\/01\/gggggggggggggggg.jpg\"><img loading=\"lazy\" decoding=\"async\" class=\"aligncenter size-full wp-image-6376\" alt=\"gggggggggggggggg\" src=\"https:\/\/fiaf.net\/marche\/wp-content\/uploads\/sites\/12\/2018\/01\/gggggggggggggggg.jpg\" width=\"700\" height=\"990\" srcset=\"https:\/\/fiaf.net\/marche\/wp-content\/uploads\/sites\/12\/2018\/01\/gggggggggggggggg.jpg 700w, https:\/\/fiaf.net\/marche\/wp-content\/uploads\/sites\/12\/2018\/01\/gggggggggggggggg-212x300.jpg 212w\" sizes=\"auto, (max-width: 700px) 100vw, 700px\" \/><\/a><\/p>\n\n    <div class=\"xs_social_share_widget xs_share_url after_content \t\tmain_content  wslu-style-1 wslu-share-box-shaped wslu-fill-colored wslu-none wslu-share-horizontal wslu-theme-font-no wslu-main_content\">\n\n\t\t\n        <ul>\n\t\t\t        <\/ul>\n    <\/div> \n","protected":false},"excerpt":{"rendered":"<p>Questo libro racchiude in se un inedito progetto fotografico durato tre anni riguardo una breve (ma al contempo lunghissima) storia &hellip;<\/p>\n","protected":false},"author":64,"featured_media":6376,"comment_status":"closed","ping_status":"closed","sticky":false,"template":"","format":"standard","meta":{"_acf_changed":false,"footnotes":""},"categories":[18],"tags":[],"class_list":["post-6375","post","type-post","status-publish","format-standard","has-post-thumbnail","hentry","category-anno-2018"],"acf":[],"_links":{"self":[{"href":"https:\/\/fiaf.net\/marche\/wp-json\/wp\/v2\/posts\/6375","targetHints":{"allow":["GET"]}}],"collection":[{"href":"https:\/\/fiaf.net\/marche\/wp-json\/wp\/v2\/posts"}],"about":[{"href":"https:\/\/fiaf.net\/marche\/wp-json\/wp\/v2\/types\/post"}],"author":[{"embeddable":true,"href":"https:\/\/fiaf.net\/marche\/wp-json\/wp\/v2\/users\/64"}],"replies":[{"embeddable":true,"href":"https:\/\/fiaf.net\/marche\/wp-json\/wp\/v2\/comments?post=6375"}],"version-history":[{"count":0,"href":"https:\/\/fiaf.net\/marche\/wp-json\/wp\/v2\/posts\/6375\/revisions"}],"wp:featuredmedia":[{"embeddable":true,"href":"https:\/\/fiaf.net\/marche\/wp-json\/wp\/v2\/media\/6376"}],"wp:attachment":[{"href":"https:\/\/fiaf.net\/marche\/wp-json\/wp\/v2\/media?parent=6375"}],"wp:term":[{"taxonomy":"category","embeddable":true,"href":"https:\/\/fiaf.net\/marche\/wp-json\/wp\/v2\/categories?post=6375"},{"taxonomy":"post_tag","embeddable":true,"href":"https:\/\/fiaf.net\/marche\/wp-json\/wp\/v2\/tags?post=6375"}],"curies":[{"name":"wp","href":"https:\/\/api.w.org\/{rel}","templated":true}]}}