{"id":6471,"date":"2018-03-17T12:23:41","date_gmt":"2018-03-17T10:23:41","guid":{"rendered":"https:\/\/fiaf.net\/regioni\/marche\/?p=6471"},"modified":"2018-03-17T12:23:41","modified_gmt":"2018-03-17T10:23:41","slug":"la-luce-fototeca-morrovalle","status":"publish","type":"post","link":"https:\/\/fiaf.net\/marche\/la-luce-fototeca-morrovalle\/","title":{"rendered":"La Luce &#8230; &#8211; Fototeca Morrovalle"},"content":{"rendered":"<p>\t\t\t\t&nbsp;<\/p>\n<p>&nbsp;<\/p>\n<p style=\"text-align: justify\"><a href=\"https:\/\/fiaf.net\/marche\/wp-content\/uploads\/sites\/12\/2018\/03\/vvvvvvvvvv.jpg\"><span style=\"text-decoration: underline;color: #000000\">Racconter\u00f2 i miei viaggi, comincer\u00f2 con una proiezione dedicata all&#8217;Italia, dal Piemonte alla Sicilia, poi racconter\u00f2 la Transilvania e l&#8217;Alsazia e per concludere l&#8217;Islanda e la Norvegia.<\/span><br \/>\n<span style=\"text-decoration: underline;color: #000000\">Il mio intento sar\u00e0 quello si, di stupire con paesaggi mozzafiato, ma anche raccontare i luoghi attraverso le immagini, mettendo in risalto le peculiariet\u00e0 architettoniche e paesaggistiche che distinguono i vari luoghi.<\/span><\/p>\n<p><span style=\"text-decoration: underline;color: #000000\">Sono nato il 21\/03\/1963 a Grugliasco (TO) e risiedo da 24 anni nelle Marche<\/span><\/p>\n<p><span style=\"text-decoration: underline;color: #000000\">-2 Pubblicazioni su Photography MASTER CLASS<\/span><br \/>\n<span style=\"text-decoration: underline;color: #000000\">-3 Pubblicazioni si National Geographic negli Stati Uniti -Fatto parte della Short List nel Sony Award WPO nel 2017 -Finalista all&#8217;HIPA International Photography Award 2018 a DUBAI -Vincitore al MIFA -MOSCOV International Foto AWARDS 2016 -Medaglia d&#8217;oro al Trierenberg WPO Austria 2016 -Vincitore assoluto al Natural word cat.Ambiente Urbano 2106 -2\u00b0 classificato al Natural word cat. Ambiente Naturale -Menzione d&#8217;onore all&#8217;OASIS 2014 -Menzione d&#8217;onore all&#8217;OASIS 2017 -Miglior Paesaggio al CUPOLONE 2017 -Miglior Paesaggio al TRUCIOLO d&#8217;ORO 2016 -Miglior Paesaggio Conc. Nazionale di Fotografia &#8220;Citt\u00e0 di Montevarchi&#8221;<\/span><br \/>\n<span style=\"text-decoration: underline;color: #000000\">2016<\/span><br \/>\n<span style=\"text-decoration: underline;color: #000000\">-Vincitore del Trofeo &#8220;Marco Failli&#8221; al 27\u00b0 Conc. Nazionale di Fotografia &#8220;Citt\u00e0 di Montevarchi&#8221; 2014 -Miglior Paesaggio al 22 Gran Tour delle Colline Circuit 2018 -Menzione d&#8217;Onore al Conc. &#8220;Giuliano Carrara&#8221; 2018 &#8211; Pistoia (i riconoscimenti sono molti di pi\u00f9 ma non riesco a ricordali tutti)<\/span><\/p>\n<p><span style=\"text-decoration: underline;color: #000000\">Collaboro con varie agenzie fotografiche internazionali e le mie foto vengono regolarmente pubblicate nelle riviste nazionali ma soprattutto internazionali.<\/span><img loading=\"lazy\" decoding=\"async\" class=\"aligncenter size-large wp-image-6472\" alt=\"vvvvvvvvvv\" src=\"https:\/\/fiaf.net\/marche\/wp-content\/uploads\/sites\/12\/2018\/03\/vvvvvvvvvv-698x1024.jpg\" width=\"698\" height=\"1024\" \/><\/a><\/p>\n\n    <div class=\"xs_social_share_widget xs_share_url after_content \t\tmain_content  wslu-style-1 wslu-share-box-shaped wslu-fill-colored wslu-none wslu-share-horizontal wslu-theme-font-no wslu-main_content\">\n\n\t\t\n        <ul>\n\t\t\t        <\/ul>\n    <\/div> \n","protected":false},"excerpt":{"rendered":"<p>&nbsp; &nbsp; Racconter\u00f2 i miei viaggi, comincer\u00f2 con una proiezione dedicata all&#8217;Italia, dal Piemonte alla Sicilia, poi racconter\u00f2 la Transilvania &hellip;<\/p>\n","protected":false},"author":64,"featured_media":6472,"comment_status":"closed","ping_status":"closed","sticky":false,"template":"","format":"standard","meta":{"_acf_changed":false,"footnotes":""},"categories":[18],"tags":[],"class_list":["post-6471","post","type-post","status-publish","format-standard","has-post-thumbnail","hentry","category-anno-2018"],"acf":[],"_links":{"self":[{"href":"https:\/\/fiaf.net\/marche\/wp-json\/wp\/v2\/posts\/6471","targetHints":{"allow":["GET"]}}],"collection":[{"href":"https:\/\/fiaf.net\/marche\/wp-json\/wp\/v2\/posts"}],"about":[{"href":"https:\/\/fiaf.net\/marche\/wp-json\/wp\/v2\/types\/post"}],"author":[{"embeddable":true,"href":"https:\/\/fiaf.net\/marche\/wp-json\/wp\/v2\/users\/64"}],"replies":[{"embeddable":true,"href":"https:\/\/fiaf.net\/marche\/wp-json\/wp\/v2\/comments?post=6471"}],"version-history":[{"count":0,"href":"https:\/\/fiaf.net\/marche\/wp-json\/wp\/v2\/posts\/6471\/revisions"}],"wp:featuredmedia":[{"embeddable":true,"href":"https:\/\/fiaf.net\/marche\/wp-json\/wp\/v2\/media\/6472"}],"wp:attachment":[{"href":"https:\/\/fiaf.net\/marche\/wp-json\/wp\/v2\/media?parent=6471"}],"wp:term":[{"taxonomy":"category","embeddable":true,"href":"https:\/\/fiaf.net\/marche\/wp-json\/wp\/v2\/categories?post=6471"},{"taxonomy":"post_tag","embeddable":true,"href":"https:\/\/fiaf.net\/marche\/wp-json\/wp\/v2\/tags?post=6471"}],"curies":[{"name":"wp","href":"https:\/\/api.w.org\/{rel}","templated":true}]}}