{"id":8677,"date":"2018-12-02T13:53:51","date_gmt":"2018-12-02T11:53:51","guid":{"rendered":"https:\/\/fiaf.net\/regioni\/marche\/?p=8677"},"modified":"2018-12-02T13:53:51","modified_gmt":"2018-12-02T11:53:51","slug":"lab-di-cult-49-leffimero-e-leterno-incontro-con-andrea-angelini-fotocineclub-fermo-bfi","status":"publish","type":"post","link":"https:\/\/fiaf.net\/marche\/lab-di-cult-49-leffimero-e-leterno-incontro-con-andrea-angelini-fotocineclub-fermo-bfi\/","title":{"rendered":"LAB DI CULT 049 &#8211; L&#8217;effimero e l&#8217;eterno &#8211; Incontro con Andrea Angelini &#8211; Fotocineclub Fermo BFI"},"content":{"rendered":"<p>\t\t\t\tOspite del LAB Di Cult 049 Fiaf &#8220;l&#8217;effimero e l&#8217;eterno&#8221;\u00a0<a href=\"https:\/\/www.facebook.com\/andrea.angelini.1848?__tn__=%2CdK-R-R&amp;eid=ARBZ2XLn0sMOsZPY-EvNm3aOl1IgL2pIM5zxbuqgFeofeDmOgxdkJ_wWU7atGNjPACgg-mvMid6fEetb&amp;fref=mentions\" target=\"_blank\" data-saferedirecturl=\"https:\/\/www.google.com\/url?q=https:\/\/www.facebook.com\/andrea.angelini.1848?__tn__%3D%252CdK-R-R%26eid%3DARBZ2XLn0sMOsZPY-EvNm3aOl1IgL2pIM5zxbuqgFeofeDmOgxdkJ_wWU7atGNjPACgg-mvMid6fEetb%26fref%3Dmentions&amp;source=gmail&amp;ust=1543837356304000&amp;usg=AFQjCNFuO7wks5_9d0iimxVd2Ia7pNjk3Q\" rel=\"noopener\">Andrea Angelini<\/a>.<br \/>\nIl laboratorio itinerante questa volta si sposta al Cinefotoclub di Fermo, per una serata APERTA A TUTTI, anche a chi non \u00e8 iscritto al gruppo.<\/p>\n<p>Dalla &#8220;Storia dell&#8217;eternit\u00e0&#8221; di Jorge Luis Borges: &#8220;Leggiamo nel Timeo di Platone che il tempo \u00e8 una immagine mobile dell&#8217;eternit\u00e0; ma si tratta di un semplice postulato, che non distoglie nessuno dalla convinzione che l&#8217;eternit\u00e0 sia una immagine la cui sostanza \u00e8 il tempo. Questa immagine, questa banale parola arricchita dalle discordanze umane, \u00e8 ci\u00f2 di cui mi propongo di narrare la storia&#8221;. Andrea Angelini ci propone una serata alla ricerca del tempo tra effimero ed eterno indagando l&#8217;animo umano.<\/p>\n<div>\n<p>ANDREA ANGELINI \u00e8 nato nel 1968 a Forl\u00ec, vive a Fratta Terme e fotografa dal 1995. \u00c8 interessato al linguaggio delle immagini ed alle sue contaminazioni. Esegue ricerche fotografiche e realizza laboratori sul fotografico e il legame tra la fotografia e diversi concetti filosofici, proponendo riflessioni anche sugli altri linguaggi artistici quali letteratura, cinema, fumetto, pittura, scultura, musica. Lettore FIAF, Tutor, CAR, Testimonial: ha svolto diversi incarichi e compiti in Federazione. Ha ricevuto premi in diversi festival nazionali. Ha realizzato diverse mostre personali e collettive in Italia. Finalista di Portfolio Italia nel 2006, 2007 e 2018. \u00c8 presidente dell\u2019associazione Tank Sviluppo Immagine &#8211; BFI di Forl\u00ec.<\/p>\n<p>&nbsp;<\/p>\n<p><a href=\"https:\/\/fiaf.net\/marche\/wp-content\/uploads\/sites\/12\/2018\/12\/serata-con-Andrea-Angelini.jpg\"><img loading=\"lazy\" decoding=\"async\" class=\"aligncenter size-full wp-image-8678\" alt=\"serata con Andrea Angelini\" src=\"https:\/\/fiaf.net\/marche\/wp-content\/uploads\/sites\/12\/2018\/12\/serata-con-Andrea-Angelini.jpg\" width=\"567\" height=\"850\" srcset=\"https:\/\/fiaf.net\/marche\/wp-content\/uploads\/sites\/12\/2018\/12\/serata-con-Andrea-Angelini.jpg 567w, https:\/\/fiaf.net\/marche\/wp-content\/uploads\/sites\/12\/2018\/12\/serata-con-Andrea-Angelini-200x300.jpg 200w\" sizes=\"auto, (max-width: 567px) 100vw, 567px\" \/><\/a><\/p>\n<\/div>\n\n    <div class=\"xs_social_share_widget xs_share_url after_content \t\tmain_content  wslu-style-1 wslu-share-box-shaped wslu-fill-colored wslu-none wslu-share-horizontal wslu-theme-font-no wslu-main_content\">\n\n\t\t\n        <ul>\n\t\t\t        <\/ul>\n    <\/div> \n","protected":false},"excerpt":{"rendered":"<p>Ospite del LAB Di Cult 049 Fiaf &#8220;l&#8217;effimero e l&#8217;eterno&#8221;\u00a0Andrea Angelini. Il laboratorio itinerante questa volta si sposta al Cinefotoclub &hellip;<\/p>\n","protected":false},"author":64,"featured_media":8678,"comment_status":"closed","ping_status":"closed","sticky":false,"template":"","format":"standard","meta":{"_acf_changed":false,"footnotes":""},"categories":[18],"tags":[],"class_list":["post-8677","post","type-post","status-publish","format-standard","has-post-thumbnail","hentry","category-anno-2018"],"acf":[],"_links":{"self":[{"href":"https:\/\/fiaf.net\/marche\/wp-json\/wp\/v2\/posts\/8677","targetHints":{"allow":["GET"]}}],"collection":[{"href":"https:\/\/fiaf.net\/marche\/wp-json\/wp\/v2\/posts"}],"about":[{"href":"https:\/\/fiaf.net\/marche\/wp-json\/wp\/v2\/types\/post"}],"author":[{"embeddable":true,"href":"https:\/\/fiaf.net\/marche\/wp-json\/wp\/v2\/users\/64"}],"replies":[{"embeddable":true,"href":"https:\/\/fiaf.net\/marche\/wp-json\/wp\/v2\/comments?post=8677"}],"version-history":[{"count":0,"href":"https:\/\/fiaf.net\/marche\/wp-json\/wp\/v2\/posts\/8677\/revisions"}],"wp:featuredmedia":[{"embeddable":true,"href":"https:\/\/fiaf.net\/marche\/wp-json\/wp\/v2\/media\/8678"}],"wp:attachment":[{"href":"https:\/\/fiaf.net\/marche\/wp-json\/wp\/v2\/media?parent=8677"}],"wp:term":[{"taxonomy":"category","embeddable":true,"href":"https:\/\/fiaf.net\/marche\/wp-json\/wp\/v2\/categories?post=8677"},{"taxonomy":"post_tag","embeddable":true,"href":"https:\/\/fiaf.net\/marche\/wp-json\/wp\/v2\/tags?post=8677"}],"curies":[{"name":"wp","href":"https:\/\/api.w.org\/{rel}","templated":true}]}}