{"id":8742,"date":"2019-01-10T17:04:26","date_gmt":"2019-01-10T15:04:26","guid":{"rendered":"https:\/\/fiaf.net\/regioni\/marche\/?p=8742"},"modified":"2019-01-10T17:04:26","modified_gmt":"2019-01-10T15:04:26","slug":"imperfezioni-presentazione-libro-di-davide-marrollo-e-anthony-caruana","status":"publish","type":"post","link":"https:\/\/fiaf.net\/marche\/imperfezioni-presentazione-libro-di-davide-marrollo-e-anthony-caruana\/","title":{"rendered":"IMPERFEZIONI &#8211; Presentazione Libro di Davide Marrollo e Anthony Caruana"},"content":{"rendered":"<p>\t\t\t\tIn data <strong>19 gennaio 2019 alle ore 17.30<\/strong> presso la sede dell&#8217;<strong>Informagiovani di Ancona<\/strong>, in <strong>piazza Roma (underground)<\/strong>, Davide Marrollo ha il piacere di invitare tutti alla presentazione del suo primo libro, in collaborazione con lo scrittore Anthony Caruana, dal titolo &#8220;IMPERFEZIONI&#8221;.<\/p>\n<p>La presentazione, ad <strong>ingresso gratuito<\/strong>, avr\u00e0 come protagoniste <strong>le parole, le fotografie e la musica<\/strong>.<\/p>\n<p>&nbsp;<\/p>\n<p><i>\u201cImperfezioni nasce da una sinergia, da una collaborazione che si incastra con garbo e dona al lettore un libro fresco e variegato nei temi.<\/i><\/p>\n<div><i>La struttura mi ha subito interessata perch\u00e9 implica un dialogo fecondo tra gli autori e una contaminazione tra forme artistiche diverse. Questa contaminazione non si esaurisce nella semplice occasione dello scrivere ispirandosi a un\u2019immagine o, viceversa, nel cercare con l\u2019obiettivo l\u2019incarnazione di una suggestione innescata dalle parole. Non funziona semplicemente cos\u00ec. In realt\u00e0, quando due artisti si incontrano, ci\u00f2 che avviene \u00e8 una reale ibridazione in cui ciascuno dei due\u00a0 muove dalla propria sfera verso l\u2019altro e l\u2019incontro si realizza in uno spazio nuovo, originale, in cui le diverse energie creative si ricombinano. Ci\u00f2 che ne scaturisce \u00e8 un ulteriore sguardo sul mondo, un\u2019inedita sensibilit\u00e0 che trascende quella individuale dei due artisti\u2026\u201d<\/i><\/div>\n<div><\/div>\n<div><i>Estratto dalla prefazione da parte di Sabrina Martinelli<\/i><\/div>\n<div><\/div>\n<div><\/div>\n<div><\/div>\n<div><a href=\"https:\/\/fiaf.net\/marche\/wp-content\/uploads\/sites\/12\/2019\/01\/49713972_378219112929907_3212971438210285568_n.jpg\"><img loading=\"lazy\" decoding=\"async\" class=\"aligncenter size-large wp-image-8743\" alt=\"49713972_378219112929907_3212971438210285568_n\" src=\"https:\/\/fiaf.net\/marche\/wp-content\/uploads\/sites\/12\/2019\/01\/49713972_378219112929907_3212971438210285568_n-729x1024.jpg\" width=\"729\" height=\"1024\" \/><\/a><\/div>\n<p>&nbsp;<\/p>\n<p>&nbsp;\t\t<\/p>\n\n    <div class=\"xs_social_share_widget xs_share_url after_content \t\tmain_content  wslu-style-1 wslu-share-box-shaped wslu-fill-colored wslu-none wslu-share-horizontal wslu-theme-font-no wslu-main_content\">\n\n\t\t\n        <ul>\n\t\t\t        <\/ul>\n    <\/div> \n","protected":false},"excerpt":{"rendered":"<p>In data 19 gennaio 2019 alle ore 17.30 presso la sede dell&#8217;Informagiovani di Ancona, in piazza Roma (underground), Davide Marrollo &hellip;<\/p>\n","protected":false},"author":22,"featured_media":8743,"comment_status":"closed","ping_status":"closed","sticky":false,"template":"","format":"standard","meta":{"_acf_changed":false,"footnotes":""},"categories":[19],"tags":[],"class_list":["post-8742","post","type-post","status-publish","format-standard","has-post-thumbnail","hentry","category-anno-2019"],"acf":[],"_links":{"self":[{"href":"https:\/\/fiaf.net\/marche\/wp-json\/wp\/v2\/posts\/8742","targetHints":{"allow":["GET"]}}],"collection":[{"href":"https:\/\/fiaf.net\/marche\/wp-json\/wp\/v2\/posts"}],"about":[{"href":"https:\/\/fiaf.net\/marche\/wp-json\/wp\/v2\/types\/post"}],"author":[{"embeddable":true,"href":"https:\/\/fiaf.net\/marche\/wp-json\/wp\/v2\/users\/22"}],"replies":[{"embeddable":true,"href":"https:\/\/fiaf.net\/marche\/wp-json\/wp\/v2\/comments?post=8742"}],"version-history":[{"count":0,"href":"https:\/\/fiaf.net\/marche\/wp-json\/wp\/v2\/posts\/8742\/revisions"}],"wp:featuredmedia":[{"embeddable":true,"href":"https:\/\/fiaf.net\/marche\/wp-json\/wp\/v2\/media\/8743"}],"wp:attachment":[{"href":"https:\/\/fiaf.net\/marche\/wp-json\/wp\/v2\/media?parent=8742"}],"wp:term":[{"taxonomy":"category","embeddable":true,"href":"https:\/\/fiaf.net\/marche\/wp-json\/wp\/v2\/categories?post=8742"},{"taxonomy":"post_tag","embeddable":true,"href":"https:\/\/fiaf.net\/marche\/wp-json\/wp\/v2\/tags?post=8742"}],"curies":[{"name":"wp","href":"https:\/\/api.w.org\/{rel}","templated":true}]}}