{"id":9346,"date":"2019-11-20T12:59:44","date_gmt":"2019-11-20T10:59:44","guid":{"rendered":"https:\/\/fiaf.net\/regioni\/marche\/?p=9346"},"modified":"2019-11-20T12:59:44","modified_gmt":"2019-11-20T10:59:44","slug":"corso-completo-di-fotografia-crua-scattoflessibile-ancona","status":"publish","type":"post","link":"https:\/\/fiaf.net\/marche\/corso-completo-di-fotografia-crua-scattoflessibile-ancona\/","title":{"rendered":"Corso completo di Fotografia &#8211; CRUA Scattoflessibile Ancona"},"content":{"rendered":"<p>\t\t\t\t<strong>Obiettivi\u00a0<\/strong><\/p>\n<p>L\u2019obiettivo del corso \u00e8 quello di introdurre alla conoscenza degli strumenti fotografici digitali e di approfondire le tecniche di ripresa mostrando particolare attenzione nello studio compositivo, analizzando la luce e non meno approfondendo la tecnica necessaria per ottenere delle buone fotografie. Il corso inizier\u00e0 il 23 Ottobre 2019 con un incontro preliminare durante il quale sar\u00e0 illustrato il programma del corso e le modalit\u00e0 di iscrizione e partecipazione. Il corso sar\u00e0 poi strutturato in 10 lezioni da circa 2 ore, dove si alterneranno sessioni teoriche e pratiche.<\/p>\n<p><strong>Prerequisiti<\/strong><\/p>\n<p>Non ci sono prerequisiti indispensabili, ma quantomeno consigliati come nei seguenti punti:<\/p>\n<ul>\n<li>Essere muniti di un mezzo fotografico (possibilmente reflex o mirrorless)<\/li>\n<li>Blocco note e penna<\/li>\n<li>Predisposizione all\u2019ascolto ed all\u2019apprendimento<\/li>\n<li>Predisposizione alla condivisione<\/li>\n<\/ul>\n<p><strong>Dove e Quando?<\/strong><\/p>\n<p>Presso l\u2019\u00a0<strong>UNIVERSITA\u2019 POLITECNICA DELLE MARCHE<\/strong><\/p>\n<p>c\/o Facolt\u00e0 di Ingegneria<br \/>\nAula 155\/D1<br \/>\nVia Brecce Bianche<br \/>\n60131 Ancona (AN)<\/p>\n<p><strong>Orario delle Lezioni:\u00a0<\/strong>Mercoled\u00ec dalle 18.30 alle 20.30 circa<\/p>\n<p><strong>Docente<br \/>\n<\/strong><\/p>\n<p>Il docente per questo corso sar\u00e0 Francesco Paolo Flamini<\/p>\n<p><strong>Costi<\/strong><\/p>\n<p>Il costo del corso \u00e8 di 80\u20ac ed \u00e8 riservato ai soci del Crua (Circolo Ricreativo Universitario Ancona). Chi non fosse socio pu\u00f2 comunque associarsi al costo di 10\u20ac (socio ordinario) o 20\u20ac (socio sostenitore). La tessera annuale consente di partecipare a tutte le attivit\u00e0 del circolo. Tutte le informazioni su\u00a0<a href=\"http:\/\/www.crua.univpm.it\/\" target=\"_blank\" rel=\"noopener\">www.crua.univpm.it<\/a><\/p>\n<p><strong>Per qualsiasi informazione e per prenotarsi alla lezione di presentazione del 23 Ottobre 2019 scrivere a scattoflessibile@gmail.com indicando Nome e Cognome<\/strong><\/p>\n<p><b>Programma di massima<\/b><\/p>\n<ul>\n<li>ELEMENTI COSTITUTIVI DELLA FOTOGRAFIA<\/li>\n<li>INQUADRATURA<\/li>\n<\/ul>\n<ul>\n<li>MOMENTO IN CUI SCATTARE<\/li>\n<li>ESPOSIZIONE<\/li>\n<li>MESSA A FUOCO<\/li>\n<\/ul>\n<ul>\n<li>GENERI FOTOGRAFICI<\/li>\n<\/ul>\n<ul>\n<li>RITRATTO<\/li>\n<li>NATURA (ANIMALI, PAESAGGIO)<\/li>\n<li>STILL LIFE<\/li>\n<li>MACRO<\/li>\n<li>ARCHITETTURA<\/li>\n<\/ul>\n<ul>\n<li>COMPOSIZIONE DELL\u2019IMMAGINE<\/li>\n<\/ul>\n<ul>\n<li>REGOLA DEI TERZI<\/li>\n<li>SFRUTTARE LE DIAGONALI<\/li>\n<li>L\u2019INSERIMENTO DELL\u2019AMBIENTE IN CUI CI TROVIAMO<\/li>\n<li>CORNICI NATURALI<\/li>\n<\/ul>\n<ul>\n<li>PUNTO DI RIPRESA<\/li>\n<li>TAGLI FOTOGRAFICI<\/li>\n<\/ul>\n<ul>\n<li>DETTAGLIO<\/li>\n<li>PRIMI PIANI<\/li>\n<li>PIANO AMERICANO<\/li>\n<li>FIGURA INTERA<\/li>\n<\/ul>\n<ul>\n<li>TIPI DI FORMATO DA UTILIZZARE, PER RENDERE PIU\u2019 ACCATTIVANTI LE NOSTRE IMMAGINI<\/li>\n<\/ul>\n<ul>\n<li>STANDARD (4:3)<\/li>\n<li>RETTANGOLARE (16:9)<\/li>\n<li>QUADRATO<\/li>\n<\/ul>\n<ul>\n<li>MACCHINA FOTOGRAFICA DIGITALE<\/li>\n<\/ul>\n<ul>\n<li>SENSORE<\/li>\n<li>FORMATO PIENO<\/li>\n<li>APSC (FATTORE DI MOLTIPLICAZIONE 1,5 o 1,6 in funzione della macchina)<\/li>\n<\/ul>\n<ul>\n<li>LA LUCE<\/li>\n<\/ul>\n<ul>\n<li>SOLARE<\/li>\n<li>ARTIFICIALE<\/li>\n<li>AMBIENTE<\/li>\n<\/ul>\n<ul>\n<li>ISO<\/li>\n<li>TEMPI E DIAFRAMMI (COME CAMBIANO GLI UNI IN FUNZIONE DEGLI ALTRI)<\/li>\n<li>IMPOSTARE I PARAMETRI IN FUNZIONE DI COSA VOGLIAMO FOTOGRAFARE<\/li>\n<\/ul>\n<ul>\n<li>IMPOSTAZIONE DEGLI ISO<\/li>\n<li>SCELTA DEI TEMPI<\/li>\n<li>SCELTA DEL DIAFRAMMA<\/li>\n<\/ul>\n<ul>\n<li>MODALITA\u2019 AUTOMATICA E MANUALE<\/li>\n<li>PRIORITA\u2019 DI TEMPI E DIAFRAMMI<\/li>\n<li>BILANCIAMENTO DEL BIANCO<\/li>\n<li>LETTURA DEL SENSORE<\/li>\n<\/ul>\n<ul>\n<li>MATRIX<\/li>\n<li>MEDIA PESATA<\/li>\n<li>SPOT<\/li>\n<\/ul>\n<ul>\n<li>EFFETTI PARTICOLARI (SOVRAESPOSIZIONE O SOTTOESPOSIZIONE)<\/li>\n<li>LETTURA DELL\u2019ISTOGRAMMA (VALUTARE L\u2019ISTOGRAMMA E NON L\u2019IMMAGINE)<\/li>\n<\/ul>\n<ul>\n<li>OBIETTIVI<\/li>\n<\/ul>\n<ul>\n<li>FISSI<\/li>\n<li>ZOOM<\/li>\n<li>SPECIALI (MACRO, FISHEYE, BASCULANTI)<\/li>\n<\/ul>\n<ul>\n<li>LUNGHEZZA FOCALE<\/li>\n<li>PROFONDITA\u2019 DI CAMPO<\/li>\n<li>ESERCITAZIONI PRATICHE CON USCITE PROGRAMMATE<\/li>\n<li>UTILIZZO BASE DI PROGRAMMI PER L\u2019ELABORAZIONE DEI FILE RAW<\/li>\n<\/ul>\n<p>&nbsp;<\/p>\n<p><a href=\"https:\/\/fiaf.net\/marche\/wp-content\/uploads\/sites\/12\/2019\/10\/Ashampoo_Snap_giovedi-26-settembre-2019_22h24m26s_001_.png\"><img loading=\"lazy\" decoding=\"async\" class=\"aligncenter size-full wp-image-9347\" alt=\"Ashampoo_Snap_gioved\u00ec-26-settembre-2019_22h24m26s_001_\" src=\"https:\/\/fiaf.net\/marche\/wp-content\/uploads\/sites\/12\/2019\/10\/Ashampoo_Snap_giovedi-26-settembre-2019_22h24m26s_001_.png\" width=\"682\" height=\"885\" srcset=\"https:\/\/fiaf.net\/marche\/wp-content\/uploads\/sites\/12\/2019\/10\/Ashampoo_Snap_giovedi-26-settembre-2019_22h24m26s_001_.png 682w, https:\/\/fiaf.net\/marche\/wp-content\/uploads\/sites\/12\/2019\/10\/Ashampoo_Snap_giovedi-26-settembre-2019_22h24m26s_001_-231x300.png 231w\" sizes=\"auto, (max-width: 682px) 100vw, 682px\" \/><\/a>\t\t<\/p>\n\n    <div class=\"xs_social_share_widget xs_share_url after_content \t\tmain_content  wslu-style-1 wslu-share-box-shaped wslu-fill-colored wslu-none wslu-share-horizontal wslu-theme-font-no wslu-main_content\">\n\n\t\t\n        <ul>\n\t\t\t        <\/ul>\n    <\/div> \n","protected":false},"excerpt":{"rendered":"<p>Obiettivi\u00a0 L\u2019obiettivo del corso \u00e8 quello di introdurre alla conoscenza degli strumenti fotografici digitali e di approfondire le tecniche di &hellip;<\/p>\n","protected":false},"author":22,"featured_media":9347,"comment_status":"closed","ping_status":"closed","sticky":false,"template":"","format":"standard","meta":{"_acf_changed":false,"footnotes":""},"categories":[19],"tags":[],"class_list":["post-9346","post","type-post","status-publish","format-standard","has-post-thumbnail","hentry","category-anno-2019"],"acf":[],"_links":{"self":[{"href":"https:\/\/fiaf.net\/marche\/wp-json\/wp\/v2\/posts\/9346","targetHints":{"allow":["GET"]}}],"collection":[{"href":"https:\/\/fiaf.net\/marche\/wp-json\/wp\/v2\/posts"}],"about":[{"href":"https:\/\/fiaf.net\/marche\/wp-json\/wp\/v2\/types\/post"}],"author":[{"embeddable":true,"href":"https:\/\/fiaf.net\/marche\/wp-json\/wp\/v2\/users\/22"}],"replies":[{"embeddable":true,"href":"https:\/\/fiaf.net\/marche\/wp-json\/wp\/v2\/comments?post=9346"}],"version-history":[{"count":0,"href":"https:\/\/fiaf.net\/marche\/wp-json\/wp\/v2\/posts\/9346\/revisions"}],"wp:featuredmedia":[{"embeddable":true,"href":"https:\/\/fiaf.net\/marche\/wp-json\/wp\/v2\/media\/9347"}],"wp:attachment":[{"href":"https:\/\/fiaf.net\/marche\/wp-json\/wp\/v2\/media?parent=9346"}],"wp:term":[{"taxonomy":"category","embeddable":true,"href":"https:\/\/fiaf.net\/marche\/wp-json\/wp\/v2\/categories?post=9346"},{"taxonomy":"post_tag","embeddable":true,"href":"https:\/\/fiaf.net\/marche\/wp-json\/wp\/v2\/tags?post=9346"}],"curies":[{"name":"wp","href":"https:\/\/api.w.org\/{rel}","templated":true}]}}