{"id":9926,"date":"2021-01-28T09:19:41","date_gmt":"2021-01-28T07:19:41","guid":{"rendered":"https:\/\/fiaf.net\/regioni\/marche\/?p=9926"},"modified":"2021-01-28T09:19:41","modified_gmt":"2021-01-28T07:19:41","slug":"henri-cartier-bresson-il-tiro-fotografico-del-900-circolo-fotografico-jesino-massimo-ferretti","status":"publish","type":"post","link":"https:\/\/fiaf.net\/marche\/henri-cartier-bresson-il-tiro-fotografico-del-900-circolo-fotografico-jesino-massimo-ferretti\/","title":{"rendered":"Henri Cartier-Bresson &#8211; il &#8220;tiro fotografico&#8221; del &#8216;900 &#8211; Circolo Fotografico Jesino &#8211; Massimo Ferretti"},"content":{"rendered":"\n\t\t\t\t\n<p>Incontro online: Henri Cartier-Bresson: il \u201ctiro\nfotografico\u201d del \u2018900<\/p>\n\n\n\n<ul class=\"wp-block-gallery aligncenter columns-1 is-cropped wp-block-gallery-1 is-layout-flex wp-block-gallery-is-layout-flex\"><li class=\"blocks-gallery-item\"><figure><img decoding=\"async\" src=\"https:\/\/fiaf.net\/marche\/wp-content\/uploads\/sites\/12\/2021\/01\/HCB-Domenica-sulla-riva-della-Marna-Francia-1938.-\u00a9-Magnum-Photos-1024x687.jpg\" alt=\"\" data-id=\"9928\" data-link=\"https:\/\/fiaf.net\/regioni\/marche\/?attachment_id=9928\" class=\"wp-image-9928\" \/><\/figure><\/li><\/ul>\n\n\n\n<p style=\"font-size:10px;text-align:center\">HCB &#8211;\nDomenica-sulla-riva-della-Marna-Francia-1938. &#8211; \u00a9 &#8211; Magnum-Photos<\/p>\n\n\n\n<p><em>Il Circolo Fotografico Jesino Massimo Ferretti ha il piacere di invitare tutti alla serata su <strong>Henri Cartier-Bresson.<\/strong><\/em><\/p>\n\n\n\n<p><strong>Alle ore 21 sulla piattaforma Teams<\/strong>, <em>Tullio Fragiacomo<\/em> racconter\u00e0 il mondo che HCB ha interpretato ed approfondir\u00e0 il suo pensiero attraverso le tracce del suo diario, i suoi lavori inseriti nel contesto storico-sociale nel quale \u00e8 vissuto l&#8217;autore.<\/p>\n\n\n\n<p>L\u2019invenzione della fotografia ha letteralmente disvelato un\nuniverso di opportunit\u00e0 e di visioni sul reale, di fatto perdute nella\ntrasformazione dell\u2019attimo in una materia diversa, tangibile e\nirrimediabilmente distinta dalla sua generatrice. <\/p>\n\n\n\n<p>Henri Cartier-Bresson, grazie alla sua sensibilit\u00e0 e alla\ncapacit\u00e0 di essere essenziale nel cogliere l\u2019attimo, ha dato vita a una\npercezione della fotografia cos\u00ec stupefacente da rappresentare un assoluto\npunto di riferimento per l\u2019intero secolo breve e oltre.<\/p>\n\n\n\n<p>L\u2019incontro, della durata di circa due ore, sar\u00e0 un autentico\nviaggio nel mondo che egli ha interpretato. Ci permetter\u00e0 di approfondire il\nsuo pensiero attraverso le tracce del suo diario, i suoi lavori, che saranno,\novviamente, inseriti nel contesto storico-sociale nel quale \u00e8 vissuto. <\/p>\n\n\n\n<p>Lungi dall\u2019essere un percorso esaustivo (stante la vastit\u00e0\ndelle esperienze che ha vissuto e trasformato in fotografie e disegni) sar\u00e0\ncomunque un\u2019occasione per riflettere sulla sua storia, i fatti importanti che\nha vissuto e che hanno forgiato la sua peculiare capacit\u00e0 di \u201ccogliere l\u2019attimo\u201d.\n<\/p>\n\n\n\n<p>La sua personalit\u00e0 e le sue opere lo hanno gi\u00e0 reso un mito\ne questo incontro rappresenta anche un, sia pur modesto, omaggio all\u2019uomo e\nall\u2019artista.<\/p>\n\n\n\n<p>Tullio Fragiacomo <\/p>\n\n\n\n<p>___________________________ <\/p>\n\n\n\n<p><em>Tullio Fragiacomo (1957), \u00e8 esperto in gestione della conoscenza e per molti anni \u00e8 stato docente (non strutturato) presso l\u2019Universit\u00e0 di Trieste. Attualmente e &#8220;cultore della materia&#8221; (in Sociologia dei processi culturali e comunicativi &#8211; SPS\/08). Si occupa di fotografia dalla fine degli anni Settanta e da trenta si interessa di comunicazione e cultura dell&#8217;immagine. \u00c8 stato direttore di dipartimento, collaboratore del \u201cDipartimento Attivit\u00e0 Culturali\u201d della FIAF (Federazione Italiana Associazioni Fotografiche). Attualmente \u00e8 membro del \u201cDipartimento Didattica\u201d della Federazione. Ha tenuto moltissime conferenze, corsi e seminari e ha presentato altrettante mostre fotografiche. Negli ultimi tre lustri ha approfondito le tematiche del portfolio fotografico orientando gli studi sulla semiologia del discorso curando, con particolare attenzione, la teoria dell\u2019immagine nell\u2019era postmoderna e dei nuovi media. <\/em><\/p>\n\t\t\n    <div class=\"xs_social_share_widget xs_share_url after_content \t\tmain_content  wslu-style-1 wslu-share-box-shaped wslu-fill-colored wslu-none wslu-share-horizontal wslu-theme-font-no wslu-main_content\">\n\n\t\t\n        <ul>\n\t\t\t        <\/ul>\n    <\/div> \n","protected":false},"excerpt":{"rendered":"<p>Incontro online: Henri Cartier-Bresson: il \u201ctiro fotografico\u201d del \u2018900 HCB &#8211; Domenica-sulla-riva-della-Marna-Francia-1938. &#8211; \u00a9 &#8211; Magnum-Photos Il Circolo Fotografico Jesino &hellip;<\/p>\n","protected":false},"author":22,"featured_media":9928,"comment_status":"closed","ping_status":"closed","sticky":false,"template":"","format":"standard","meta":{"_acf_changed":false,"footnotes":""},"categories":[4],"tags":[],"class_list":["post-9926","post","type-post","status-publish","format-standard","has-post-thumbnail","hentry","category-attivitacircoli"],"acf":[],"_links":{"self":[{"href":"https:\/\/fiaf.net\/marche\/wp-json\/wp\/v2\/posts\/9926","targetHints":{"allow":["GET"]}}],"collection":[{"href":"https:\/\/fiaf.net\/marche\/wp-json\/wp\/v2\/posts"}],"about":[{"href":"https:\/\/fiaf.net\/marche\/wp-json\/wp\/v2\/types\/post"}],"author":[{"embeddable":true,"href":"https:\/\/fiaf.net\/marche\/wp-json\/wp\/v2\/users\/22"}],"replies":[{"embeddable":true,"href":"https:\/\/fiaf.net\/marche\/wp-json\/wp\/v2\/comments?post=9926"}],"version-history":[{"count":0,"href":"https:\/\/fiaf.net\/marche\/wp-json\/wp\/v2\/posts\/9926\/revisions"}],"wp:featuredmedia":[{"embeddable":true,"href":"https:\/\/fiaf.net\/marche\/wp-json\/wp\/v2\/media\/9928"}],"wp:attachment":[{"href":"https:\/\/fiaf.net\/marche\/wp-json\/wp\/v2\/media?parent=9926"}],"wp:term":[{"taxonomy":"category","embeddable":true,"href":"https:\/\/fiaf.net\/marche\/wp-json\/wp\/v2\/categories?post=9926"},{"taxonomy":"post_tag","embeddable":true,"href":"https:\/\/fiaf.net\/marche\/wp-json\/wp\/v2\/tags?post=9926"}],"curies":[{"name":"wp","href":"https:\/\/api.w.org\/{rel}","templated":true}]}}