{"id":1022,"date":"2018-11-22T00:32:41","date_gmt":"2018-11-21T22:32:41","guid":{"rendered":"https:\/\/fiaf.net\/regioni\/molise\/?p=1022"},"modified":"2018-11-22T00:32:41","modified_gmt":"2018-11-21T22:32:41","slug":"photo-movie-night-7","status":"publish","type":"post","link":"https:\/\/fiaf.net\/molise\/photo-movie-night-7\/","title":{"rendered":"PHOTO MOVIE NIGHT 7"},"content":{"rendered":"<p>Centro per la Fotografia Vivian Maier e il Circolo letterario Beatnik organizzano una serata cineforum dedicata alla fotografia d\u2019autore, intitolata Photo Movie Night.<br \/>\nL&#8217;intento di queste serate sar\u00e0, oltre alla visione di film e documentari pi\u00f9 o meno noti a tema fotografico, anche quello di riuscire ad aprire una discussione, un confronto e quindi una crescita personale.<br \/>\nIl settimo film di questa serie di eventi \u00e8 \u201cCity of God\u201d, un film di Fernando Meirelles del 2002, in lingua italiana.<br \/>\nAmbientato a Rio de Janeiro, dagli anni &#8217;60 agli &#8217;80. La favela di Cidade de Deus diventa il palcoscenico delle storie parallele di Buscap\u00e9 e Dadinho. Entrambi tredicenni, sono per\u00f2 mossi da ambizioni diversissime: il primo vorrebbe diventare fotografo, il secondo il pi\u00f9 temuto criminale della citt\u00e0.<br \/>\nTratto dall&#8217;omonimo romanzo di Paulo Lins.<br \/>\nMarted\u00ec 27 Novembre 2018<br \/>\n&#8211; ore 20:50 presentazione film<br \/>\n&#8211; ore 21:00 Proiezione film<br \/>\n&#8211; ore 23:00 Discussione e impressioni<br \/>\nCircolo Letterario Beatnik via Pietrunto, 19 (galleria banca) Campobasso (circolo Arci).<br \/>\nIngresso gratuito.<br \/>\nPosti limitati, \u00e8 consigliata la prenotazione.<br \/>\nInfo e prenotazioni:\u00a0<a href=\"mailto:cfcvivianmaier@gmail.com\" target=\"_blank\" rel=\"noopener\">cfcvivianmaier@gmail.com<\/a><br \/>\n<a href=\"https:\/\/www.facebook.com\/centrofotografiavivianmaier\/\" target=\"_blank\" data-saferedirecturl=\"https:\/\/www.google.com\/url?q=https:\/\/www.facebook.com\/centrofotografiavivianmaier\/&amp;source=gmail&amp;ust=1542903640058000&amp;usg=AFQjCNHscSiQLG_sD7v9of9_FlJSz6fRHg\" rel=\"noopener\">https:\/\/www.facebook.com\/centrofotografiavivianmaier\/<\/a><br \/>\n<a href=\"https:\/\/www.facebook.com\/circolobeatnik\/\" target=\"_blank\" data-saferedirecturl=\"https:\/\/www.google.com\/url?q=https:\/\/www.facebook.com\/circolobeatnik\/&amp;source=gmail&amp;ust=1542903640058000&amp;usg=AFQjCNFdq0vAhfjMAdTBH2cD2fcAcgDSKw\" rel=\"noopener\">https:\/\/www.facebook.com\/circolobeatnik\/<\/a><br \/>\n<span style=\"font-family: arial, helvetica, sans-serif\"><a href=\"https:\/\/www.facebook.com\/events\/326000324865377\/\" target=\"_blank\" data-saferedirecturl=\"https:\/\/www.google.com\/url?q=https:\/\/www.facebook.com\/events\/326000324865377\/&amp;source=gmail&amp;ust=1542903640058000&amp;usg=AFQjCNFLIPix4H6OJVtf4Ck3chsOI9XaAQ\" rel=\"noopener\">https:\/\/www.facebook.com\/events\/326000324865377\/<br \/>\n<\/a><\/span>3288234289<br \/>\n<a href=\"https:\/\/fiaf.net\/molise\/wp-content\/uploads\/sites\/15\/2018\/11\/locandina-city.jpg\"><img loading=\"lazy\" decoding=\"async\" class=\"alignnone size-medium wp-image-1023\" alt=\"locandina city\" src=\"https:\/\/fiaf.net\/molise\/wp-content\/uploads\/sites\/15\/2018\/11\/locandina-city-300x175.jpg\" width=\"300\" height=\"175\" \/><\/a><\/p>\n\n    <div class=\"xs_social_share_widget xs_share_url after_content \t\tmain_content  wslu-style-1 wslu-share-box-shaped wslu-fill-colored wslu-none wslu-share-horizontal wslu-theme-font-no wslu-main_content\">\n\n\t\t\n        <ul>\n\t\t\t        <\/ul>\n    <\/div> \n","protected":false},"excerpt":{"rendered":"<p>Centro per la Fotografia Vivian Maier e il Circolo letterario Beatnik organizzano una serata cineforum dedicata alla fotografia d\u2019autore, intitolata &hellip;<\/p>\n","protected":false},"author":64,"featured_media":1023,"comment_status":"closed","ping_status":"closed","sticky":false,"template":"","format":"standard","meta":{"_acf_changed":false,"footnotes":""},"categories":[6],"tags":[51,67,308],"class_list":["post-1022","post","type-post","status-publish","format-standard","has-post-thumbnail","hentry","category-generale","tag-campobasso","tag-centro-per-la-fotografia","tag-vivian-maier"],"acf":[],"_links":{"self":[{"href":"https:\/\/fiaf.net\/molise\/wp-json\/wp\/v2\/posts\/1022","targetHints":{"allow":["GET"]}}],"collection":[{"href":"https:\/\/fiaf.net\/molise\/wp-json\/wp\/v2\/posts"}],"about":[{"href":"https:\/\/fiaf.net\/molise\/wp-json\/wp\/v2\/types\/post"}],"author":[{"embeddable":true,"href":"https:\/\/fiaf.net\/molise\/wp-json\/wp\/v2\/users\/64"}],"replies":[{"embeddable":true,"href":"https:\/\/fiaf.net\/molise\/wp-json\/wp\/v2\/comments?post=1022"}],"version-history":[{"count":0,"href":"https:\/\/fiaf.net\/molise\/wp-json\/wp\/v2\/posts\/1022\/revisions"}],"wp:featuredmedia":[{"embeddable":true,"href":"https:\/\/fiaf.net\/molise\/wp-json\/wp\/v2\/media\/1023"}],"wp:attachment":[{"href":"https:\/\/fiaf.net\/molise\/wp-json\/wp\/v2\/media?parent=1022"}],"wp:term":[{"taxonomy":"category","embeddable":true,"href":"https:\/\/fiaf.net\/molise\/wp-json\/wp\/v2\/categories?post=1022"},{"taxonomy":"post_tag","embeddable":true,"href":"https:\/\/fiaf.net\/molise\/wp-json\/wp\/v2\/tags?post=1022"}],"curies":[{"name":"wp","href":"https:\/\/api.w.org\/{rel}","templated":true}]}}