{"id":1026,"date":"2018-11-27T19:33:52","date_gmt":"2018-11-27T17:33:52","guid":{"rendered":"https:\/\/fiaf.net\/regioni\/molise\/?p=1026"},"modified":"2018-11-27T19:33:52","modified_gmt":"2018-11-27T17:33:52","slug":"corpus-domini-e-i-misteri-concorso-fotografico","status":"publish","type":"post","link":"https:\/\/fiaf.net\/molise\/corpus-domini-e-i-misteri-concorso-fotografico\/","title":{"rendered":"Corpus Domini e i Misteri concorso fotografico"},"content":{"rendered":"<p>REGOLAMENTO<br \/>\n1) &#8211; L&#8217;A.C.F. \u201cSei Torri\u201d &#8211; Tommaso Brasiliano di Campobasso, in occasione dei trecento anni dalla nascita di Paolo Saverio Di Zinno, organizza l&#8217;edizione speciale del <strong>Concorso Fotografico \u201cCorpus Domini e i Misteri\u201d<\/strong>.<br \/>\n2) &#8211; Il concorso \u00e8 aperto a tutti i fotografi e fotoamatori.<br \/>\n3) &#8211; Il concorso \u00e8 articolato in una sola sezione: \u201cCorpus Domini e i Misteri\u201d.<br \/>\n4) &#8211; L\u2019iscrizione pu\u00f2 essere effettuata online, oppure presso CM Stampa in via IV Novembre 93\/h a Campobasso.<br \/>\n5) &#8211; La quota di partecipazione \u00e8 di \u20ac 10,00. Sar\u00e0 possibile presentare un totale di 4 foto, a colori o bianconero. Le immagini, ritenute dalla giuria sostanzialmente alterate con programmi di fotoritocco, non saranno ammesse al concorso. Non sono ammesse: la tecnica dell&#8217;HDR, l&#8217;unione di pi\u00f9 scatti in una singola foto mediante programma di fotoritocco e lo scatto mediante l&#8217;utilizzo di droni.<br \/>\n6) &#8211; Le foto dovranno essere realizzate nella sola giornata del 2 dicembre 2018, durante la sfilata dei Misteri. Non saranno ammesse al concorso le foto scattate durante la vestizione dei figuranti e all\u2019interno del Museo dei Misteri.<br \/>\n7) &#8211; Le foto dovranno essere spedite entro le ore 24:00 di venerd\u00ec 7 Dicembre 2018 all&#8217;indirizzo e-mail: iscrizioni@acfseitorri.it; oppure consegnate, tramite penna USB, presso CM Stampa, via IV Novembre 93\/h a Campobasso, entro venerd\u00ec 7 dicembre 2018 (orario negozio) e dovranno avere il lato maggiore di dimensione compresa tra un minimo di 1500 e un massimo di 2000 pixel a 300 dpi. Per garantire l\u2019anonimato, i files dovranno essere nominati con il codice rilasciato al momento dell&#8217;iscrizione seguito dal numero progressivo (es. 083A1). Le immagini non conformi saranno escluse dal concorso.<br \/>\n8) &#8211; Le foto saranno visionate dalla giuria in modo assolutamente anonimo e soltanto dopo il verdetto saranno verificati i dati anagrafici dei partecipanti.<br \/>\n9) &#8211; Le foto premiate e quelle ammesse alla mostra costituiranno patrimonio dell&#8217;Assessorato alla Cultura, che potr\u00e0 utilizzarle per uso propagandistico ed inserirle nella BiblioMediateca Comunale. La paternit\u00e0 dell&#8217;immagine resta dell&#8217;autore che sar\u00e0 sempre menzionato in caso di utilizzo della stessa.<br \/>\n10) &#8211; L&#8217;organizzazione, pur assicurando la massima cura delle foto, declina ogni responsabilit\u00e0 per eventuali furti, smarrimenti o danneggiamenti delle stesse durante la mostra.<br \/>\n11) &#8211; Il giudizio della Giuria \u00e8 inappellabile ed insindacabile e la partecipazione al concorso, implica l\u2019accettazione di questo regolamento.<\/p>\n<div>\nModalit\u00e0 d\u2019iscrizione<br \/>\n&#8211; c\/o CM Stampa in via IV Novembre 93\/h a Campobasso, dal 26 novembre al 7 dicembre (orario negozio)<br \/>\n&#8211; Online &#8211;\u00a0<a href=\"https:\/\/l.facebook.com\/l.php?u=http%3A%2F%2Fwww.acfseitorri.it%2F%3Ffbclid%3DIwAR20d9xLdVV3EWRwe-yV8p_ZtIF_4gZD38jbu7eER3vdCNGRZ6-wLobAv6U&amp;h=AT00eEAUMdu157Oa6v7mGpGrfQfoFH7QNnyc-kQgn0NkVDx53zM0VUOQi4ZV7jvjp-u7bSUvuwHVGCu78ofQmDRcfTblKLVHpzJ7L3aEddjVMvTwwvff1QquwNTmwS8s4enXy1Y7DSt3TTHCFArZFEjKQjlg_A\" target=\"_blank\" rel=\"noopener nofollow\" data-ft=\"{&quot;tn&quot;:&quot;-U&quot;}\" data-lynx-mode=\"asynclazy\">www.acfseitorri.it<\/a>\u00a0&#8211; &#8211; dalle ore 00.00 del 26 novembre alle 24.00 del 7 dicembre.<br \/>\nPremiazione presso locale idoneo messo a disposizione del Comune di Campobasso e che sar\u00e0 comunicato sul sito\u00a0<a href=\"https:\/\/l.facebook.com\/l.php?u=http%3A%2F%2Fwww.acfseitorri.it%2F%3Ffbclid%3DIwAR2u9VaOjBklFug5iqsJ7W0qgIADvOCCgsUoTWH9V__MsnIzAr-dF9uUEW0&amp;h=AT0i8Ap9A6RBMoc_dQ-y6LvqslBcSNmnF6um5TE2mLza2KfwuzM4XLy3bDYy91eLgRM8CkPJnJcNixhSA7O1GHAOkW-Mb-b_zl5JnNK0Y6RVCW9MjRuy43D7PX7clZhoKFUJ8fybGHlHGbD8W7ZDM2-HHUDMLQ\" target=\"_blank\" rel=\"noopener nofollow\" data-ft=\"{&quot;tn&quot;:&quot;-U&quot;}\" data-lynx-mode=\"asynclazy\">www.acfseitorri.it<\/a>, sulla pagina Facebook dell&#8217;associazione e a mezzo stampa.<br \/>\nGIURIA: Roberto De Rensis (fotografo)<br \/>\nCarmine Marinaro (fotoamatore)<br \/>\nNunzio Colarocchio (fotoamatore)<br \/>\nBruno Buontempo (fotomatore)<br \/>\nStefano di Maria (fotografo)<br \/>\nSEGRETARIO: socio interno dell\u2019associazione<br \/>\nINFO:\u00a0<a href=\"https:\/\/l.facebook.com\/l.php?u=http%3A%2F%2Fwww.acfseitorri.it%2F%3Ffbclid%3DIwAR2H4_u_AoU7wwd2_rVMwcR3rZrurauHYKp9AbrdBXbCA_445icy4Xy9WLY&amp;h=AT31Ix9TofxPQHq9jHh6C3QNuApL7MvwPP4O1oLhu5FeQpHxgnt6gbJrDdcPyUhEsQerJ5Fxa5tqtJZ8oh6owQugHoQAzm0HqiFOGbvJTqMuYh83EfDCEnmtYscYaRsKfdqk8Y_RIE4IaS04Mo6eMBm54L_ZaQ\" target=\"_blank\" rel=\"noopener nofollow\" data-ft=\"{&quot;tn&quot;:&quot;-U&quot;}\" data-lynx-mode=\"asynclazy\">www.acfseitorri.it<\/a>\u00a0\/ info@acfseitorri.it \/ 349.1639761 &#8211; 349.3513743<br \/>\n<a href=\"https:\/\/fiaf.net\/molise\/wp-content\/uploads\/sites\/15\/2018\/11\/46707225_1932378450398345_4826756870846808064_o.jpg\"><img loading=\"lazy\" decoding=\"async\" class=\"alignnone size-medium wp-image-1027\" alt=\"46707225_1932378450398345_4826756870846808064_o\" src=\"https:\/\/fiaf.net\/molise\/wp-content\/uploads\/sites\/15\/2018\/11\/46707225_1932378450398345_4826756870846808064_o-209x300.jpg\" width=\"209\" height=\"300\" \/><\/a>\u00a0\u00a0<a href=\"https:\/\/fiaf.net\/molise\/wp-content\/uploads\/sites\/15\/2018\/11\/Brochure-Fronte-no-sponsor.pdf\">Brochure Fronte no sponsor<\/a>\n<\/div>\n\n    <div class=\"xs_social_share_widget xs_share_url after_content \t\tmain_content  wslu-style-1 wslu-share-box-shaped wslu-fill-colored wslu-none wslu-share-horizontal wslu-theme-font-no wslu-main_content\">\n\n\t\t\n        <ul>\n\t\t\t        <\/ul>\n    <\/div> \n","protected":false},"excerpt":{"rendered":"<p> L&#8217;A.C.F. \u201cSei Torri\u201d &#8211; Tommaso Brasiliano di Campobasso, in occasione dei trecento anni dalla nascita di Paolo Saverio Di Zinno, organizza l&#8217;edizione speciale del Concorso Fotografico \u201cCorpus Domini e i Misteri\u201d.<\/p>\n","protected":false},"author":64,"featured_media":1027,"comment_status":"closed","ping_status":"closed","sticky":false,"template":"","format":"standard","meta":{"_acf_changed":false,"footnotes":""},"categories":[3],"tags":[81,84,98,206],"class_list":["post-1026","post","type-post","status-publish","format-standard","has-post-thumbnail","hentry","category-concorsi","tag-cmpobasso","tag-corpus-domini","tag-di-zinno","tag-misteri"],"acf":[],"_links":{"self":[{"href":"https:\/\/fiaf.net\/molise\/wp-json\/wp\/v2\/posts\/1026","targetHints":{"allow":["GET"]}}],"collection":[{"href":"https:\/\/fiaf.net\/molise\/wp-json\/wp\/v2\/posts"}],"about":[{"href":"https:\/\/fiaf.net\/molise\/wp-json\/wp\/v2\/types\/post"}],"author":[{"embeddable":true,"href":"https:\/\/fiaf.net\/molise\/wp-json\/wp\/v2\/users\/64"}],"replies":[{"embeddable":true,"href":"https:\/\/fiaf.net\/molise\/wp-json\/wp\/v2\/comments?post=1026"}],"version-history":[{"count":0,"href":"https:\/\/fiaf.net\/molise\/wp-json\/wp\/v2\/posts\/1026\/revisions"}],"wp:featuredmedia":[{"embeddable":true,"href":"https:\/\/fiaf.net\/molise\/wp-json\/wp\/v2\/media\/1027"}],"wp:attachment":[{"href":"https:\/\/fiaf.net\/molise\/wp-json\/wp\/v2\/media?parent=1026"}],"wp:term":[{"taxonomy":"category","embeddable":true,"href":"https:\/\/fiaf.net\/molise\/wp-json\/wp\/v2\/categories?post=1026"},{"taxonomy":"post_tag","embeddable":true,"href":"https:\/\/fiaf.net\/molise\/wp-json\/wp\/v2\/tags?post=1026"}],"curies":[{"name":"wp","href":"https:\/\/api.w.org\/{rel}","templated":true}]}}