{"id":1246,"date":"2019-03-02T11:16:10","date_gmt":"2019-03-02T09:16:10","guid":{"rendered":"https:\/\/fiaf.net\/regioni\/molise\/?p=1246"},"modified":"2019-03-02T11:16:10","modified_gmt":"2019-03-02T09:16:10","slug":"weekend-fotografico-in-molise","status":"publish","type":"post","link":"https:\/\/fiaf.net\/molise\/weekend-fotografico-in-molise\/","title":{"rendered":"Weekend fotografico in MOLISE"},"content":{"rendered":"<h1>Weekend fotografico in MOLISE \u2013 9 e 10 Marzo 2019<\/h1>\n<p>In 100 scatti, pi\u00f9 10 inediti, \u201cIcons\u201d il grande viaggio nell\u2019umanit\u00e0 di Steve McCurry, \u00e8 in esposizione al Palazzo EX GIL di Campobasso.\u00a0 La mostra \u00e8 una grandiosa retrospettiva che riunisce le immagini pi\u00f9 suggestive di uno dei pi\u00f9 grandi maestri della fotografia contemporanea che espone per la prima volta nel capoluogo molisano.<br \/>\nLe fotografie in mostra sono state realizzate in 40 anni di attivit\u00e0 in paesi come l\u2019India, l\u2019Afghanistan, la Birmania, il Giappone, il Brasile.\u00a0 Tra le pi\u00f9 amate non manca il ritratto di Sharbat Gula, la ragazza afghana che McCurry ha fotografato nel campo profughi di Peshawar in Pakistan e che, con i suoi grandi occhi verdi e con il suo sguardo triste, \u00e8 diventata un\u2019icona assoluta della fotografia mondiale.<br \/>\nLa Piana dei Mulini, un suggestivo albergo diffuso nel cuore del Molise, propone un weekend all\u2019insegna della fotografia per visitare la mostra fotografica dell\u2019anno e partecipare ad un workshop fotografico curato dal fotografo molisano Lello Muzio.<br \/>\nAttraverso le suggestioni che provengono da altre discipline artistiche, Lello Muzio accompagner\u00e0 i partecipanti in un viaggio interiore per stimolare in ognuno la ricerca della propria poetica fotografica. Un dialogo informale di cultura fotografica per approfondire il proprio linguaggio e stimolare l\u2019autenticit\u00e0 della visione. A chiusura di questo percorso, una parte sar\u00e0 dedicata alla tecniche di costruzione del reportage e alle dinamiche della street photography.<br \/>\nIl workshop prevede una parte teorica e una parte pratica con esercitazione presso l\u2019area archeologica di Saepinum, una splendida citt\u00e0 romana ai piedi del Matese.<br \/>\nLa\u00a0quota a persona\u00a0\u00e8 di\u00a0\u20ac 115\u00a0per l\u2019intero weekend e comprende:<\/p>\n<ul>\n<li>1 pernotto con colazione in\u00a0camera superior\u00a0base doppia (10 euro supplemento per singola in camera standard)<\/li>\n<li>1 coffe break (bevande calde e fredde e dolci)<\/li>\n<li>1 light lunch (tagliere degustazione di formaggi e salumi, un primo a scelta, uncalice di vino e acqua)<\/li>\n<li>1 cena (un antipasto, un secondo a scelta, un dolce, un calice di vino e acqua)<\/li>\n<li>workshop con il fotografo Lello Muzio<\/li>\n<li>ingresso alla mostra Icons di Steve McCurry a Campobasso con guida del fotografo Lello Muzio<\/li>\n<li>visita presso l\u2019area archeologica di Saepinum \u2013 Altilia ed esercitazione pratica con il fotografo Lello Muzio<\/li>\n<\/ul>\n<p>Tutti gli spostamenti avverranno con mezzi propri.<br \/>\nL\u2019offerta \u00e8 vincolata al raggiungimento minimo di 10 partecipanti.<br \/>\nSono disponibili anche formule senza pernotto.<br \/>\nPer info e prenotazioni<br \/>\n0874787330<br \/>\n<a href=\"mailto:info@lapianadeimulini.it\">info@lapianadeimulini.it<\/a><br \/>\nhttp:\/\/www.lapianadeimulini.it\/2019\/02\/24\/weekend-fotografico-in-molise-9-e-10-marzo-2019\/?fbclid=IwAR0N18uWdK00mW8fqtjbQzrLrcmaHbyuHBJ1QDkXJgNjToQO5hmH6H1K3Rw<br \/>\n<a href=\"https:\/\/fiaf.net\/molise\/wp-content\/uploads\/sites\/15\/2019\/03\/Immagine-workshop-1.jpg\"><img loading=\"lazy\" decoding=\"async\" class=\"alignnone size-medium wp-image-1247\" alt=\"Immagine-workshop-1\" src=\"https:\/\/fiaf.net\/molise\/wp-content\/uploads\/sites\/15\/2019\/03\/Immagine-workshop-1-300x234.jpg\" width=\"300\" height=\"234\" \/><\/a><\/p>\n\n    <div class=\"xs_social_share_widget xs_share_url after_content \t\tmain_content  wslu-style-1 wslu-share-box-shaped wslu-fill-colored wslu-none wslu-share-horizontal wslu-theme-font-no wslu-main_content\">\n\n\t\t\n        <ul>\n\t\t\t        <\/ul>\n    <\/div> \n","protected":false},"excerpt":{"rendered":"<p>Weekend fotografico in MOLISE \u2013 9 e 10 Marzo 2019 In 100 scatti, pi\u00f9 10 inediti, \u201cIcons\u201d il grande viaggio &hellip;<\/p>\n","protected":false},"author":64,"featured_media":1247,"comment_status":"closed","ping_status":"closed","sticky":true,"template":"","format":"standard","meta":{"_acf_changed":false,"footnotes":""},"categories":[4],"tags":[21,51,166,245,283],"class_list":["post-1246","post","type-post","status-publish","format-standard","has-post-thumbnail","hentry","category-formazione","tag-altilia","tag-campobasso","tag-lello-muzio","tag-piana-dei-mulini","tag-steve-mccurry"],"acf":[],"_links":{"self":[{"href":"https:\/\/fiaf.net\/molise\/wp-json\/wp\/v2\/posts\/1246","targetHints":{"allow":["GET"]}}],"collection":[{"href":"https:\/\/fiaf.net\/molise\/wp-json\/wp\/v2\/posts"}],"about":[{"href":"https:\/\/fiaf.net\/molise\/wp-json\/wp\/v2\/types\/post"}],"author":[{"embeddable":true,"href":"https:\/\/fiaf.net\/molise\/wp-json\/wp\/v2\/users\/64"}],"replies":[{"embeddable":true,"href":"https:\/\/fiaf.net\/molise\/wp-json\/wp\/v2\/comments?post=1246"}],"version-history":[{"count":0,"href":"https:\/\/fiaf.net\/molise\/wp-json\/wp\/v2\/posts\/1246\/revisions"}],"wp:featuredmedia":[{"embeddable":true,"href":"https:\/\/fiaf.net\/molise\/wp-json\/wp\/v2\/media\/1247"}],"wp:attachment":[{"href":"https:\/\/fiaf.net\/molise\/wp-json\/wp\/v2\/media?parent=1246"}],"wp:term":[{"taxonomy":"category","embeddable":true,"href":"https:\/\/fiaf.net\/molise\/wp-json\/wp\/v2\/categories?post=1246"},{"taxonomy":"post_tag","embeddable":true,"href":"https:\/\/fiaf.net\/molise\/wp-json\/wp\/v2\/tags?post=1246"}],"curies":[{"name":"wp","href":"https:\/\/api.w.org\/{rel}","templated":true}]}}