{"id":1506,"date":"2020-05-31T11:49:04","date_gmt":"2020-05-31T09:49:04","guid":{"rendered":"https:\/\/fiaf.net\/regioni\/molise\/?p=1506"},"modified":"2020-05-31T11:49:04","modified_gmt":"2020-05-31T09:49:04","slug":"parliamo-di-fotografia-con-francesco-zizola","status":"publish","type":"post","link":"https:\/\/fiaf.net\/molise\/parliamo-di-fotografia-con-francesco-zizola\/","title":{"rendered":"Parliamo di fotografia con Francesco Zizola"},"content":{"rendered":"<div>\n<p align=\"center\"><b>Parliamo di Fotografia<\/b><b><\/b><\/p>\n<p>&nbsp;<br \/>\nIl\u00a0<b>Centro per la Fotografia Campobasso \u201cVivian Maier\u201d<\/b>,\u00a0date le difficolt\u00e0 nell\u2019organizzare eventi dal vivo,\u00a0lancia una serie di\u00a0<b>appuntamenti gratuiti online<\/b>\u00a0per mantenere un contatto con il pubblico e garantire spazi di confronto e crescita culturale.<br \/>\nCon la collaborazione di\u00a0<b>Sar\u00e0 Talk \u2013 Dialoghi sul Sud<\/b>, si svolgeranno, in un clima conviviale, dei talk, in cui saranno condivise idee legate alla fotografia. In particolare, negli appuntamenti organizzati saranno accolte importanti figure della fotografia italiana che illustreranno il lavoro svolto durante la quarantena obbligata e racconteranno la loro esperienza.<br \/>\nIl Primo incontro, condotto da\u00a0<b>Antonello Barone<\/b>\u00a0e\u00a0<b>Zaira Stabile<\/b>, vedr\u00e0 come ospite il fotoreporter plurivincitore del Word Press Photo<b>\u00a0Francesco Zizola\u00a0<\/b>e si svolger\u00e0 il\u00a0<b>1\u00b0 giugno 2020 alle ore 17:00<\/b>\u00a0in diretta facebook ai seguenti link:<br \/>\n<a href=\"https:\/\/www.facebook.com\/centrofotografiavivianmaier\/\" target=\"_blank\" data-saferedirecturl=\"https:\/\/www.google.com\/url?q=https:\/\/www.facebook.com\/centrofotografiavivianmaier\/&amp;source=gmail&amp;ust=1591000406834000&amp;usg=AFQjCNEfmry551F7yXnxQ480B-EJafxZsQ\" rel=\"noopener\">https:\/\/www.facebook.com\/centrofotografiavivianmaier\/<\/a><br \/>\n<a href=\"https:\/\/www.facebook.com\/RestoalSud\" target=\"_blank\" data-saferedirecturl=\"https:\/\/www.google.com\/url?q=https:\/\/www.facebook.com\/RestoalSud&amp;source=gmail&amp;ust=1591000406834000&amp;usg=AFQjCNFTolHpvw0zDt8H2JPjIY79eTY8yw\" rel=\"noopener\">https:\/\/www.facebook.com\/RestoalSud<\/a><\/p>\n<div>\n<div>e su youtube al link:<\/div>\n<\/div>\n<p><a href=\"https:\/\/www.youtube.com\/channel\/UCnbAPIT9gp1SsPJ-yl8ke8w\" target=\"_blank\" data-saferedirecturl=\"https:\/\/www.google.com\/url?q=https:\/\/www.youtube.com\/channel\/UCnbAPIT9gp1SsPJ-yl8ke8w&amp;source=gmail&amp;ust=1591000406834000&amp;usg=AFQjCNHWk2r67dl6hR7CIRJByiuyOE9lYA\" rel=\"noopener\">https:\/\/www.youtube.com\/channel\/UCnbAPIT9gp1SsPJ-yl8ke8w<\/a><br \/>\nPer info:\u00a0<a href=\"mailto:cfcvivianmaier@gmail.com\" target=\"_blank\" rel=\"noopener\">cfcvivianmaier@gmail.com<\/a><br \/>\n<a href=\"https:\/\/fiaf.net\/molise\/wp-content\/uploads\/sites\/15\/2020\/05\/parliamo-di-fotografia-zizola-cfc-i.jpg\"><img loading=\"lazy\" decoding=\"async\" class=\"alignnone size-medium wp-image-1507\" alt=\"parliamo di fotografia zizola cfc i\" src=\"https:\/\/fiaf.net\/molise\/wp-content\/uploads\/sites\/15\/2020\/05\/parliamo-di-fotografia-zizola-cfc-i-300x168.jpg\" width=\"300\" height=\"168\" \/><\/a><br \/>\n<b>Biografia:<\/b><br \/>\nFrancesco Zizola (Roma, 1962) ha fotografato crisi e conflitti che si sono succeduti nel mondo negli ultimi trent\u2019anni. Un forte impegno etico ed una caratteristica cifra stilistica contraddistinguono la sua produzione fotografica.\u00a0Ha ricevuto numerosi riconoscimenti, tra cui dieci\u00a0<i>World Press Photo<\/i>\u00a0e sei<i>\u00a0Picture of the Year International<\/i>.\u00a0Nel 2003 Henri Cartier Bresson include una sua fotografia tra le sue cento preferite. Tra i volumi che ha pubblicato<i>,&#8221;Uno sguardo inadeguato&#8221;<\/i>\u00a0(2013),\u00a0<i>&#8220;Iraq&#8221;<\/i>\u00a0(2007) e\u00a0<i>&#8220;Born Somewhere&#8221;<\/i>\u00a0(2004)\u00a0che parla della condizione dell&#8217;infanzia in ventisette paesi del mondo. Nel 2015 ha iniziato\u00a0<i>Hybris<\/i>, un progetto che tratta dell\u2019arroganza dell\u2019uomo nei confronti della natura. Ha realizzato un cortometraggio che ha vinto il premio SIAE 2018 per il &#8220;talento creativo&#8221; nell\u2019ambito della biennale di Venezia, Festival del Cinema. E\u2019direttore artistico della mostra World Press Photo di Roma e Ferrara dal 2016 e curatore del progetto Commissione Roma 2020 per il Museo di arte contemporanea di Roma Palazzo delle Esposizioni.<br \/>\n&nbsp;<br \/>\n<b>Premi World Press Photo<\/b><br \/>\nSecondo premio, Contemporary Issues, 2016<br \/>\nTerzo Premio, Nature Singles 2012<br \/>\nSecondo Premio, People in the News 2008<br \/>\nPrimo Premio, Portraits Singles 2005<br \/>\nSecondo Premio, Daily Life Stories 2002<br \/>\nPrimo Premio, General News 1998<br \/>\nSecondo Premio, General News Stories 1998<br \/>\nPrimo Premio, People Stories 1997<br \/>\nWorld Press Photo of the Year, per la testimonianza della tragedia delle mine in Angola 1996<br \/>\nPrimo Premio, People in the News 1995<br \/>\n<b>Altri premi e riconoscimenti<\/b><br \/>\nPremio SIAE per il Talento Creativo, Festival del Cinema di Venezia 2018,\u201cAs if we were tuna, 2018<br \/>\nPremio Lady Wilmar Fotografia.Doc, SalinaDocFest, \u201cAs if we were tuna\u201d, 2018<br \/>\nPicture of the Year, Recognition for the Enviromental Vision Award, \u201cThe last sustainable tonnara, 2018<br \/>\nPictures of the Year International, first prize Multimedia News Story, In the Same Boat\u201d2016<br \/>\nPrimo e Secondo Premio, NPPA the Best of Photojournalism, Stati Uniti 2008<br \/>\nMenzione d\u2019onore, 16th LeadAwards, Germania 2008<br \/>\nMenzione d\u2019onore, Hansel-Mieth Prize, Germania 2008<br \/>\nPrimo Premio, One Vision European 2007<br \/>\nNPPA the Best of Photojournalism 2007<br \/>\nPremio della giuria, DAYS JAPAN International Photojournalism Awards 2007<br \/>\nVincitore Annuale Web per il Photo District News, Stati Uniti 2006<br \/>\nHansel-Mieth Prize 2005, Germania 2006<br \/>\nPictures of the Year International, Stati Uniti 2006<br \/>\nBorn Somewhere, Photo District News Best Book Selection 2005<br \/>\nSecondo Premio, NPPA Best of Photojournalism, Stati Uniti 2005<br \/>\nRiconoscimento speciale, Alexia Foundation for World Peace per \u201cFrontline: the Nuba in Sudan\u201d, Stati Uniti 2004<br \/>\nMenzione d\u2019onore, Hansel-Mieth Prize, Germania 2004<br \/>\nPictures of the Year, National Press Association per \u201cKilling Fields\u201d in Iraq pubblicato in U.S. News &amp; World Report 2003<br \/>\nMenzione d\u2019onore, Hansel-Mieth Prize for \u201cPearl fishermen\u201d in Indonesia, pubblicato in Mare, 2001<br \/>\nSecondo Premio, Eugene Smith 2000<br \/>\nPictures of the Year, National Press Association per \u201cUnderneath China\u2019s Boom\u201d pubblicato in US News &amp; World Report 1998<br \/>\nPictures of the Year, National Press Association per \u201cBurn Victim in Iraq\u201d pubblicato in Life Magazine 1997<br \/>\nVisa d\u2019Or, International Festival of Photojournalism 1996<br \/>\nRuas, miglior libro, Premio MIFAV, assegnato dalla Scuola di Immagini Fotografiche e Arti Visive dell\u2019Universit\u00e0 di Roma, 1994.<br \/>\n<b>Pubblicazioni<\/b><br \/>\nHybris, Delpire Editeur, 2020<br \/>\nSale Sudore Sangue, Postcart Casa Editrice, 2020<br \/>\n100% Made of Italy, Edizioni Silvana Editoriale, 2017<br \/>\nLe donne del Cacao, Edizioni Silvana Editoriale, 2016<br \/>\nUno Sguardo Inadeguato, FIAF Collana Grandi Autori, Italia 2013<br \/>\nIraq, Gruppo Abele Italia 2007<br \/>\nN\u00e9 Quelque Part, Delpire Editeurs Francia \/ Born Somewhere, Fusi orari Italia 2004<br \/>\nEtats d\u2019enfances, Photo Poche Francia \/ Contrasto Italia 1999<br \/>\nSei Storie di bambini, Contrasto Italia 1997<br \/>\nRuas, Gruppo Abele Edizioni Italia 1994<br \/>\n<b>Mostre Personali<\/b><br \/>\nSale Sudore e Sangue, Hotel de Sauroy, Parigi, 2020<br \/>\nSale Sudore e Sangue, SBK Foundation, Amsterdam, 2020<br \/>\nMare Omnis, Chiesa di San Giuliano, Ferrara, Italia, 2018<br \/>\nDer Wall, Fotografia Europea, Reggio Emilia, 2018<br \/>\nSale Sudore e Sangue, EXMA\u2019, Cagliari, Italia 2017<br \/>\nLe donne del Cacao, Triennale di Milano, Italy 2017<br \/>\nMostra personale presso il Centro Internazionale della Fotografia di Palermo, 2016<br \/>\nUno Sguardo Inadeguato, Museo di Roma in Trastevere, Italia 2013<br \/>\nShadows, MART \u2013 Museum of modern and contemporary art di Trento e Rovereto, Italia 2010<br \/>\nFrancesco Zizola,, Sao Paolo Brasile 2010<br \/>\nBeach Culture, Rio de Janeiro, Brasile 2010<br \/>\nBorn Somewhere, Hatachana Gallery, Tel Aviv, Israele 2009<br \/>\nMondi al Limite, Francesco Zizola per MSF, Festival di Internazionale, Ferrara, Italia 2009<br \/>\nVoci dal cuore, Enel Cuore Onlus, Rimini, Italia 2008<br \/>\nBorn Somewhere, Museo di Roma in Trastevere, Italia 2006<br \/>\nI cento volti dei bambini, Palazzo Magnani, Reggio Emilia, Italia 2006<br \/>\nObiettivo Uomo Ambiente featuring Born Somewhere, Viterbo, Italia 2005<br \/>\nTo Live, Koroska Gallery of Fine Arts, Slovenj Gradec, Slovenia 2005<br \/>\nShadows, Scuola Romana di Fotografia, Roma Italia 2004<br \/>\nHeirs of 2000, NRW Forum, Dusseldorf, Germania 2000<br \/>\nEtats d\u2019enfances, Galerie Fait &amp; Cause ,Parigi, Francia 1998<br \/>\nGalleria FNAC, Parigi, Francia 1998<br \/>\nHeirs of 2000\/Unicef, Arengario di Palazzo Reale, Milano, Italia 1997<br \/>\nHeirs of 2000\/Unicef, Palazzo delle Esposizioni, Roma, Italia 1997<br \/>\nVisa pour l\u2019image, Perpignan, Francia 1995<br \/>\n<b>Mostre Collettive<\/b><br \/>\nAKAA Paris Art Fair , VisionQuestT 4rosso, 2019<br \/>\n2:56am \/ To The Moon And B . Photolux festival di Lucca , 2019<br \/>\nPhoto London Art Fair,Ilex Gallery ,2018<br \/>\nThe dark side of the (honey) moon, mostra collettiva, Ragusa Foto festival, Ragusa, 2017<br \/>\nPhoto London Art Fair,Ilex Gallery ,2017<br \/>\nExtraordinary Visions. L\u2019Italia ci guarda, Museo Arti del XXI secolo, MAXXI, Roma, 2016<br \/>\nAbbandoni, mostra collettiva Palazzo Cosentini, Ragusa, Italia, 2015<br \/>\nSouth Sudan on the Eve of Independence, 10&#215;8 Art Gallery, Sydney, Australia, 2013<br \/>\nSolutions by NOOR, 10b Photography Art Gallery, Roma, Italia 2011<br \/>\nConsequences by NOOR, 10b Photography Art Gallery, Roma, Italia 2011<br \/>\nTestimoni del Nostro Tempo, Roma, Italia 2010<br \/>\nTestimoni del Nostro Tempo, Museo d\u2019Arte Scavi Scaligeri, Verona 2010<br \/>\nConsequences by NOOR, DASK Art Gallery, Copenhagen, Danimarca 2009<br \/>\nOne Noor in New York, CVZ Contemporary Art, NY, Stati Uniti 2007<br \/>\nAct of Faith, Noorderlicht Photofestival, Olanda 2007<br \/>\nLes choix d\u2019Henri Cartier Bresson, Paris, France 2003, Barcelona, Spagna 2003<br \/>\n<b>Collezioni<\/b><br \/>\nLe Mus\u00e9e Nic\u00e9phore Ni\u00e9pce, Chalon-sur-Saone, Francia\n<\/div>\n<p>Maison Europ\u00e9enne de la Photographie, Gentilly, Francia<\/p>\n\n    <div class=\"xs_social_share_widget xs_share_url after_content \t\tmain_content  wslu-style-1 wslu-share-box-shaped wslu-fill-colored wslu-none wslu-share-horizontal wslu-theme-font-no wslu-main_content\">\n\n\t\t\n        <ul>\n\t\t\t        <\/ul>\n    <\/div> \n","protected":false},"excerpt":{"rendered":"<p>Il Centro per la Fotografia Campobasso \u201cVivian Maier\u201d, date le difficolt\u00e0 nell\u2019organizzare eventi dal vivo, lancia una serie di appuntamenti gratuiti online per mantenere un contatto con il pubblico e garantire spazi di confronto e crescita culturale. Il Primo incontro, condotto da Antonello Barone e Zaira Stabile, vedr\u00e0 come ospite il fotoreporter plurivincitore del Word Press Photo Francesco Zizola e si svolger\u00e0 il 1\u00b0 giugno 2020 alle ore 17:00.<\/p>\n","protected":false},"author":64,"featured_media":1507,"comment_status":"closed","ping_status":"closed","sticky":true,"template":"","format":"standard","meta":{"_acf_changed":false,"footnotes":""},"categories":[6],"tags":[28,51,67,129,308,310],"class_list":["post-1506","post","type-post","status-publish","format-standard","has-post-thumbnail","hentry","category-generale","tag-antonello-barone","tag-campobasso","tag-centro-per-la-fotografia","tag-francesco-zizola","tag-vivian-maier","tag-zaira-stabile"],"acf":[],"_links":{"self":[{"href":"https:\/\/fiaf.net\/molise\/wp-json\/wp\/v2\/posts\/1506","targetHints":{"allow":["GET"]}}],"collection":[{"href":"https:\/\/fiaf.net\/molise\/wp-json\/wp\/v2\/posts"}],"about":[{"href":"https:\/\/fiaf.net\/molise\/wp-json\/wp\/v2\/types\/post"}],"author":[{"embeddable":true,"href":"https:\/\/fiaf.net\/molise\/wp-json\/wp\/v2\/users\/64"}],"replies":[{"embeddable":true,"href":"https:\/\/fiaf.net\/molise\/wp-json\/wp\/v2\/comments?post=1506"}],"version-history":[{"count":0,"href":"https:\/\/fiaf.net\/molise\/wp-json\/wp\/v2\/posts\/1506\/revisions"}],"wp:featuredmedia":[{"embeddable":true,"href":"https:\/\/fiaf.net\/molise\/wp-json\/wp\/v2\/media\/1507"}],"wp:attachment":[{"href":"https:\/\/fiaf.net\/molise\/wp-json\/wp\/v2\/media?parent=1506"}],"wp:term":[{"taxonomy":"category","embeddable":true,"href":"https:\/\/fiaf.net\/molise\/wp-json\/wp\/v2\/categories?post=1506"},{"taxonomy":"post_tag","embeddable":true,"href":"https:\/\/fiaf.net\/molise\/wp-json\/wp\/v2\/tags?post=1506"}],"curies":[{"name":"wp","href":"https:\/\/api.w.org\/{rel}","templated":true}]}}