{"id":1545,"date":"2020-07-05T20:15:16","date_gmt":"2020-07-05T18:15:16","guid":{"rendered":"https:\/\/fiaf.net\/regioni\/molise\/?p=1545"},"modified":"2020-07-05T20:15:16","modified_gmt":"2020-07-05T18:15:16","slug":"quante-foto-ci-vogliono-per-raccontare-una-storia","status":"publish","type":"post","link":"https:\/\/fiaf.net\/molise\/quante-foto-ci-vogliono-per-raccontare-una-storia\/","title":{"rendered":"Quante foto ci vogliono per raccontare una storia?"},"content":{"rendered":"<div>\n<h1 style=\"text-align: center\" data-fontsize=\"18\" data-lineheight=\"normal\">Quante foto ci vogliono per raccontare una storia?<\/h1>\n<h1 style=\"text-align: center\" data-fontsize=\"18\" data-lineheight=\"normal\">(Eolo Perfido dialoga con Augusto Pieroni)<\/h1>\n<p>Fondazione Molise cultura e Poietika presentano il nuovo appuntamento della serie\u00a0<a href=\"https:\/\/www.facebook.com\/hashtag\/nextstart?__eep__=6&amp;source=feed_text&amp;epa=HASHTAG&amp;__xts__%5B0%5D=68.ARCtGV9OoEM9XbQbjQ5SplREUsokI4jhthbRFUCb1pBHIQHoQcHF9FstqtQTT8rYk6jeJjLhEUnIAw2xKBhuUpW4f2aXAXmhk8eLNiVRtJ0VtwND8wialsj6LGGAu-fiXYj2Hz18-SHZ7yBKbRmOSU1Q2lbp5ERUDJcnOlKel98WdGgFmKEcu2GG9--clxWKXwhk94OqyicGNTPRxuengILsAsZT8FLM8kjMcf_wz_-DNNhSGWzZHhWXf1c07w68-mbkzss67Zgkwyi5DSxFOWXhfcYTVS4X64YFUq6jRI8J4__XbbemY0o0VayPpHQOY5GDIusJSFfQTXLxzZTrR57SFfMwGqEpBj-rDqI-Rw&amp;__tn__=%2ANK-R\" data-ft=\"{&quot;type&quot;:104,&quot;tn&quot;:&quot;*N&quot;}\" target=\"_blank\" rel=\"noopener\">#NextStArt<\/a>: Eolo Perfido intervista Augusto Pieroni, uno dei pi\u00f9 importanti critici fotografici italiani.\n<\/div>\n<p><em id=\"__mceDel\">&#8220;&#8221;Con lui parleremo di narrativa attraverso la fotografia applicata al portfolio fotografico, uno degli strumenti pi\u00f9 importanti che ha un fotografo quando vuole condividere un suo progetto o il lavoro di una vita.<br \/>\nStreaming il 6 luglio alle 19:00 ai seguenti link:<\/em><br \/>\nFbook Pagina Fondazione:\u00a0<a href=\"https:\/\/www.facebook.com\/FondazioneMoliseCultura\" target=\"_blank\" rel=\"noopener noreferrer\">https:\/\/www.facebook.com\/FondazioneMoliseCultura<\/a><br \/>\nFbook Pagine Poietika:<a href=\"https:\/\/www.facebook.com\/poietika.art.festival\" target=\"_blank\" rel=\"noopener noreferrer\">\u00a0https:\/\/www.facebook.com\/poietika.art.festival<\/a><br \/>\nYoutube:\u00a0<a href=\"https:\/\/www.youtube.com\/playlist?list=PLA4iaDb4v3yz_4cZX3-HP10Hmtaeni5tg\" target=\"_blank\" rel=\"noopener noreferrer\">https:\/\/www.youtube.com\/channel\/UCtT1gaOewSBZ2AEPrsonl9Q<\/a><br \/>\n&nbsp;<br \/>\nAUGUSTO PIERONI<br \/>\nStorico e critico delle arti contemporanee,\u00a0curatore e saggista. Gi\u00e0 docente di storia e critica della fotografia alle universit\u00e0 di Roma-Sapienza e di Viterbo, oltrech\u00e9 presso la Scuola Romana di Fotografia, lo IED moda etc. Attualmente insegna discipline fotografiche autoriali presso Officine Fotografiche, RUFA e Door. Ideatore e coordinatore del Master di fotografia autoriale \u201cFirma Visiva\u201d (presso Officine Fotografiche) e del Master di nudo \u201cIl Corpo Visivo\u201d (presso Door). Tiene conferenze, workshop e corsi one-on-one. \u00c8 autore di best seller come:\u00a0<em>Portfolio! \u2013 Costruzione e lettura delle sequenze fotografiche<\/em>\u00a0(2015),\u00a0<em>Leggere la fotografia \u2013 Osservazione e analisi delle immagini fotografiche<\/em>\u00a0(2003),\u00a0<em>Fototensioni \u2013 Arte ed estetica delle ricerche fotografiche d\u2019inizio millennio<\/em>\u00a0(2000). Suoi articoli si trovano\u00a0su riviste quali:\u00a0<em>Aperture\u00a0<\/em>(NY),\u00a0<em>HotShoe\u00a0<\/em>(London-NY),\u00a0<em>Eyemazing<\/em>\u00a0(Amsterdam),\u00a0<em>Muse Magazine<\/em>\u00a0(Milano).<br \/>\nEOLO PERFIDO<br \/>\nFotografo ritrattista, il suo studio fotografico si occupa di fotografia pubblicitaria, editoriale, e fine art. Ha lavorato con alcune tra le pi\u00f9 importanti agenzie di comunicazione del mondo tra le quali Leo Burnett, United 1861, Grey, Saatchi &amp; Saatchi, JWT, DDBI, BBDO. I suoi lavori sono stati pubblicati su testate come il New York Times, Communication Arts, L\u2019Espresso, Panorama First, Vision, Vogue Russia, GQ Russia, Computer Arts. Tra i suoi clienti aziende come Pepsi Cola, Samsung, Sky Television, Adidas, Opel Motors, Kraft, Gatorade, Symantec, A.C. Milan, Breil, Oxydo, Medusa Cinema. All\u2019inizio della sua carriera fotografica \u00e8 stato per molti anni assistente di Steve McCurry con il quale oggi collabora su decine di assignments in tutto il mondo. Ha avuto inoltre l\u2019onore di assistere durante una serie di assignment grandi fotografi come Eugene Richards, Elliott Erwitt e James Natchwey.<br \/>\n<a href=\"https:\/\/fiaf.net\/molise\/wp-content\/uploads\/sites\/15\/2020\/07\/106402801_289181882335124_7976497141759931184_n.jpg\"><img loading=\"lazy\" decoding=\"async\" class=\"alignnone size-medium wp-image-1546\" alt=\"106402801_289181882335124_7976497141759931184_n\" src=\"https:\/\/fiaf.net\/molise\/wp-content\/uploads\/sites\/15\/2020\/07\/106402801_289181882335124_7976497141759931184_n-300x157.jpg\" width=\"300\" height=\"157\" srcset=\"https:\/\/fiaf.net\/molise\/wp-content\/uploads\/sites\/15\/2020\/07\/106402801_289181882335124_7976497141759931184_n-300x157.jpg 300w, https:\/\/fiaf.net\/molise\/wp-content\/uploads\/sites\/15\/2020\/07\/106402801_289181882335124_7976497141759931184_n.jpg 504w\" sizes=\"auto, (max-width: 300px) 100vw, 300px\" \/><\/a><\/p>\n\n    <div class=\"xs_social_share_widget xs_share_url after_content \t\tmain_content  wslu-style-1 wslu-share-box-shaped wslu-fill-colored wslu-none wslu-share-horizontal wslu-theme-font-no wslu-main_content\">\n\n\t\t\n        <ul>\n\t\t\t        <\/ul>\n    <\/div> \n","protected":false},"excerpt":{"rendered":"<p>Quante foto ci vogliono per raccontare una storia? (Eolo Perfido dialoga con Augusto Pieroni) Fondazione Molise cultura e Poietika presentano &hellip;<\/p>\n","protected":false},"author":64,"featured_media":1546,"comment_status":"closed","ping_status":"closed","sticky":true,"template":"","format":"standard","meta":{"_acf_changed":false,"footnotes":""},"categories":[6],"tags":[35,104,250],"class_list":["post-1545","post","type-post","status-publish","format-standard","has-post-thumbnail","hentry","category-generale","tag-augusto-pieroni","tag-eolo-perfido","tag-poietika"],"acf":[],"_links":{"self":[{"href":"https:\/\/fiaf.net\/molise\/wp-json\/wp\/v2\/posts\/1545","targetHints":{"allow":["GET"]}}],"collection":[{"href":"https:\/\/fiaf.net\/molise\/wp-json\/wp\/v2\/posts"}],"about":[{"href":"https:\/\/fiaf.net\/molise\/wp-json\/wp\/v2\/types\/post"}],"author":[{"embeddable":true,"href":"https:\/\/fiaf.net\/molise\/wp-json\/wp\/v2\/users\/64"}],"replies":[{"embeddable":true,"href":"https:\/\/fiaf.net\/molise\/wp-json\/wp\/v2\/comments?post=1545"}],"version-history":[{"count":0,"href":"https:\/\/fiaf.net\/molise\/wp-json\/wp\/v2\/posts\/1545\/revisions"}],"wp:featuredmedia":[{"embeddable":true,"href":"https:\/\/fiaf.net\/molise\/wp-json\/wp\/v2\/media\/1546"}],"wp:attachment":[{"href":"https:\/\/fiaf.net\/molise\/wp-json\/wp\/v2\/media?parent=1545"}],"wp:term":[{"taxonomy":"category","embeddable":true,"href":"https:\/\/fiaf.net\/molise\/wp-json\/wp\/v2\/categories?post=1545"},{"taxonomy":"post_tag","embeddable":true,"href":"https:\/\/fiaf.net\/molise\/wp-json\/wp\/v2\/tags?post=1545"}],"curies":[{"name":"wp","href":"https:\/\/api.w.org\/{rel}","templated":true}]}}