{"id":1562,"date":"2020-07-24T18:57:15","date_gmt":"2020-07-24T16:57:15","guid":{"rendered":"https:\/\/fiaf.net\/regioni\/molise\/?p=1562"},"modified":"2020-07-24T18:57:15","modified_gmt":"2020-07-24T16:57:15","slug":"1562-2","status":"publish","type":"post","link":"https:\/\/fiaf.net\/molise\/1562-2\/","title":{"rendered":"Fotografia al femminile"},"content":{"rendered":"<p><span style=\"font-family: arial, sans-serif\">Il <a href=\"https:\/\/www.facebook.com\/comunebonefro\/\" target=\"_blank\" data-saferedirecturl=\"https:\/\/www.google.com\/url?q=https:\/\/www.facebook.com\/comunebonefro\/&amp;source=gmail&amp;ust=1595692755005000&amp;usg=AFQjCNFxHdernUY30NZzBqrjoIsmHT6d6Q\" rel=\"noopener\">Comune di Bonefro<\/a>, in collaborazione con l&#8217;associazione <a href=\"https:\/\/www.facebook.com\/groups\/acf.seitorri\/\" target=\"_blank\" data-saferedirecturl=\"https:\/\/www.google.com\/url?q=https:\/\/www.facebook.com\/groups\/acf.seitorri\/&amp;source=gmail&amp;ust=1595692755006000&amp;usg=AFQjCNFodYf5ENS-_7oRsOvsyy9kYEtVJg\" rel=\"noopener\">ACF &#8220;Sei Torri&#8221; Tommaso Brasiliano<\/a> e l&#8217;associazione <a href=\"https:\/\/www.facebook.com\/centrofotografiavivianmaier\/\" target=\"_blank\" data-saferedirecturl=\"https:\/\/www.google.com\/url?q=https:\/\/www.facebook.com\/centrofotografiavivianmaier\/&amp;source=gmail&amp;ust=1595692755006000&amp;usg=AFQjCNHd_Qur2lLajEaQwYpQSvhqkJ9mnw\" rel=\"noopener\">Centro per la Fotografia Vivian Maier<\/a>, organizza, Il <b>28 Luglio 2020<\/b>, un appuntamento con la \u201c<b>Fotografia al femminile<\/b>\u201d nel chiostro dell&#8217;ex convento di Santa Maria delle Grazie a Bonefro alle <b>ore 20:45<\/b>. Evento inizialmente programmato in occasione della giornata internazionale dei diritti delle donne, Domenica 8 marzo 2020, e rinviato per l&#8217;emergenza Covid.<\/span><\/p>\n<div>\n<span style=\"font-family: arial, sans-serif\">ingresso libero.<\/span><\/p>\n<div><span style=\"font-family: arial, sans-serif\"><br \/>\nLa serata verter\u00e0 sulla presentazione di alcune delle fotografe che hanno lasciato il segno nella storia della fotografia. I soci delle due associazioni culturali campobassane si alterneranno e presenteranno al pubblico la storia e gli scatti pi\u00f9 rappresentativi di fotografe che per stile, coraggio o sensibilit\u00e0 hanno scritto una pagina del grande racconto della fotografia. Alla fine delle presentazioni si aprir\u00e0 un dibattito dove chiunque potr\u00e0 intervenire.<\/span><\/div>\n<div><span style=\"font-family: arial, sans-serif\">\u00a0<\/span><\/div>\n<div dir=\"auto\"><span style=\"font-family: arial, sans-serif\">L&#8217;evento si svolger\u00e0 nel rispetto della normativa volta a prevenire i contagi da Covid-19, con particolare riferimento agli obblighi di: indossare la mascherina nei luoghi chiusi aperti al pubblico e all\u2019aperto quando non \u00e8 possibile rispettare la distanza di almeno 1 metro con le persone; mantenere le distanze; non creare assembramenti; lavarsi spesso le mani.<\/span><\/div>\n<div><span style=\"font-family: arial, sans-serif\">Il Dpcm 14 luglio proroga al 31 luglio le misure gi\u00e0 in vigore.<\/span><\/div>\n<div><span style=\"font-family: arial, sans-serif\">\u00a0<\/span><\/div>\n<div><span style=\"font-family: arial, sans-serif\">La storia della foto scelta per la locandina:<br \/>\nDefinita l\u2019icona della Grande Depressione, simbolo di un\u2019intera epoca della storia americana, \u00e8 l\u2019immagine della Misera raccoglitrice di piselli di Nipomo, in California.<br \/>\nLo scatto magistrale, datato 1936, venne eseguito da Dorothea Lange.<br \/>\nMeno nota \u00e8 invece la donna ritratta, Florence Owens Thompson, celebre suo malgrado, perch\u00e9 la Lange non chiese mai il suo nome, n\u00e9 la sua storia, e per quarant\u2019anni quel volto stanco e scavato dalla miseria fu solo una \u00abdonna di trentadue anni, madre di sette figli, raccoglitrice di piselli\u00bb.<br \/>\nQuesto finch\u00e9 la Associated Press non fece pubblicare una storia sullo scatto, suscitando l\u2019ira della stessa Florence, che scrisse una lettera per esprimere il proprio disappunto per quell\u2019immagine, affermando di sentirsi \u00absfruttata\u00bb da quel ritratto, dal quale peraltro non aveva ricavato un soldo.<br \/>\n<\/span><\/div>\n<\/div>\n<p>Le pieghe sul volto della madre mostrano la disperazione e la nostalgia, incarnano la sofferenza di un\u2019intera nazione, ma rappresentano anche una madre che \u00e8 ancora in grado di proteggere i suoi figli, nonostante tutto con grande dignit\u00e0.<br \/>\n<a href=\"https:\/\/fiaf.net\/molise\/wp-content\/uploads\/sites\/15\/2020\/07\/fotografia-al-femminile.jpg\"><img loading=\"lazy\" decoding=\"async\" class=\"alignnone size-medium wp-image-1563\" alt=\"fotografia al femminile\" src=\"https:\/\/fiaf.net\/molise\/wp-content\/uploads\/sites\/15\/2020\/07\/fotografia-al-femminile-212x300.jpg\" width=\"212\" height=\"300\" \/><\/a><\/p>\n\n    <div class=\"xs_social_share_widget xs_share_url after_content \t\tmain_content  wslu-style-1 wslu-share-box-shaped wslu-fill-colored wslu-none wslu-share-horizontal wslu-theme-font-no wslu-main_content\">\n\n\t\t\n        <ul>\n\t\t\t        <\/ul>\n    <\/div> \n","protected":false},"excerpt":{"rendered":"<p>Il Comune di Bonefro, in collaborazione con l&#8217;associazione ACF &#8220;Sei Torri&#8221; Tommaso Brasiliano e l&#8217;associazione Centro per la Fotografia Vivian Maier, organizza, Il 28 Luglio 2020, un appuntamento con la \u201cFotografia al femminile\u201d nel chiostro dell&#8217;ex convento di Santa Maria delle Grazie a Bonefro alle ore 20:45.<\/p>\n","protected":false},"author":64,"featured_media":1563,"comment_status":"closed","ping_status":"closed","sticky":true,"template":"","format":"standard","meta":{"_acf_changed":false,"footnotes":""},"categories":[6],"tags":[44],"class_list":["post-1562","post","type-post","status-publish","format-standard","has-post-thumbnail","hentry","category-generale","tag-bonefro"],"acf":[],"_links":{"self":[{"href":"https:\/\/fiaf.net\/molise\/wp-json\/wp\/v2\/posts\/1562","targetHints":{"allow":["GET"]}}],"collection":[{"href":"https:\/\/fiaf.net\/molise\/wp-json\/wp\/v2\/posts"}],"about":[{"href":"https:\/\/fiaf.net\/molise\/wp-json\/wp\/v2\/types\/post"}],"author":[{"embeddable":true,"href":"https:\/\/fiaf.net\/molise\/wp-json\/wp\/v2\/users\/64"}],"replies":[{"embeddable":true,"href":"https:\/\/fiaf.net\/molise\/wp-json\/wp\/v2\/comments?post=1562"}],"version-history":[{"count":0,"href":"https:\/\/fiaf.net\/molise\/wp-json\/wp\/v2\/posts\/1562\/revisions"}],"wp:featuredmedia":[{"embeddable":true,"href":"https:\/\/fiaf.net\/molise\/wp-json\/wp\/v2\/media\/1563"}],"wp:attachment":[{"href":"https:\/\/fiaf.net\/molise\/wp-json\/wp\/v2\/media?parent=1562"}],"wp:term":[{"taxonomy":"category","embeddable":true,"href":"https:\/\/fiaf.net\/molise\/wp-json\/wp\/v2\/categories?post=1562"},{"taxonomy":"post_tag","embeddable":true,"href":"https:\/\/fiaf.net\/molise\/wp-json\/wp\/v2\/tags?post=1562"}],"curies":[{"name":"wp","href":"https:\/\/api.w.org\/{rel}","templated":true}]}}