{"id":1681,"date":"2021-05-22T23:19:19","date_gmt":"2021-05-22T21:19:19","guid":{"rendered":"https:\/\/fiaf.net\/regioni\/molise\/?p=1681"},"modified":"2021-05-22T23:19:19","modified_gmt":"2021-05-22T21:19:19","slug":"less-in-more-call-for-artist","status":"publish","type":"post","link":"https:\/\/fiaf.net\/molise\/less-in-more-call-for-artist\/","title":{"rendered":"Less in more &#8211; call for artist"},"content":{"rendered":"<p><strong>Centro per la fotografia Campobasso &#8220;Vivian Maier&#8221;<\/strong> organizza la <strong>Call &#8220;Less is more&#8221;<\/strong>.<br \/>\nA distanza di pi\u00f9 di un anno dall\u2019inizio della pandemia, le conseguenze riguardanti le abitudini sociali di ognuno, i rapporti con i propri familiari e le amicizie hanno ridimensionato la nostra sfera affettiva e sociale per un bene collettivo.<br \/>\nLe consuetudini vengono man mano filtrate, lasciando spazio all\u2019essenziale e concedendoci attimi d\u2019importante profondit\u00e0.<br \/>\nIl petalo di un fiore striato da naturali sfumature o la piega di una tenda attraversata dalla luce del mattino possono essere espressioni di stati d\u2019animo universali e nel contempo resi unici dalla propria prospettiva.<br \/>\nLa call Less is more vuole essere espressione creativa dell\u2019inevitabile diminuzione delle nostre abitudini e intende esortare all\u2019esplorazione di ci\u00f2 che attualmente influenza i nostri gesti e il nostro approccio alla vita.<br \/>\nRegolamento<br \/>\n\u2022 Possono aderire fotografi professionisti e amatoriali che siano soci dell\u2019associazione (iscritti all\u2019anno 2021) o che si associno entro luglio 2021.<br \/>\n\u2022 Sono ammesse foto minimaliste in bianco e nero oppure a colori, scattate ovunque, con macchina fotografica o cellulare, nel periodo compreso dal 1 gennaio al 31 luglio 2021.<br \/>\n\u2022 Ogni autore pu\u00f2 partecipare con un massimo di tre scatti. Pu\u00f2 essere selezionata pi\u00f9 di una fotografia, se ritenuta meritevole.<br \/>\n\u2022 Gli scatti, scelti dalla giuria, saranno esposti in una mostra.<br \/>\n\u2022 Le fotografie vanno inviate all\u2019e-mail infovivianmaier@gmail.com, con oggetto \u201ccall Minimal\u201d, in formato JPG, dimensione massima 700kb, entro e non oltre il 1 agosto 2021.<br \/>\nNel testo dell\u2019e-mail vanno aggiunti: il nome e il cognome del partecipante e pu\u00f2 essere aggiunta la didascalia della\/e foto.<br \/>\n\u2022 Gli autori sono direttamente responsabili del contenuto e delle dichiarazioni inerenti alle loro opere; inoltre, in caso di fotografie contenenti persone riconoscibili, s\u2019impegnano a fornire le liberatorie necessarie per la pubblicazione.<br \/>\n\u2022 Ai sensi del DLgs 196\/2003, ogni partecipante esprime il consenso al trattamento dei dati personali nei limiti e nelle finalit\u00e0 del concorso.<br \/>\n\u2022 La partecipazione alla call implica l\u2019accettazione del presente regolamento.<br \/>\nPer ulteriori informazioni:<br \/>\n&#8211; infovivianmaier@gmail.com<br \/>\n&#8211; 3288234289<br \/>\n&#8211; https:\/\/www.facebook.com\/centrofotografiavivianmaier\/<br \/>\n&#8211;\u00a0https:\/\/www.facebook.com\/events\/485692886080059<br \/>\n<a href=\"https:\/\/fiaf.net\/molise\/wp-content\/uploads\/sites\/15\/2021\/05\/less-.jpg\"><img loading=\"lazy\" decoding=\"async\" class=\"alignnone size-medium wp-image-1682\" alt=\"less\" src=\"https:\/\/fiaf.net\/molise\/wp-content\/uploads\/sites\/15\/2021\/05\/less--212x300.jpg\" width=\"212\" height=\"300\" srcset=\"https:\/\/fiaf.net\/molise\/wp-content\/uploads\/sites\/15\/2021\/05\/less--212x300.jpg 212w, https:\/\/fiaf.net\/molise\/wp-content\/uploads\/sites\/15\/2021\/05\/less--724x1024.jpg 724w, https:\/\/fiaf.net\/molise\/wp-content\/uploads\/sites\/15\/2021\/05\/less--768x1086.jpg 768w, https:\/\/fiaf.net\/molise\/wp-content\/uploads\/sites\/15\/2021\/05\/less--1086x1536.jpg 1086w, https:\/\/fiaf.net\/molise\/wp-content\/uploads\/sites\/15\/2021\/05\/less-.jpg 1240w\" sizes=\"auto, (max-width: 212px) 100vw, 212px\" \/><\/a><\/p>\n\n    <div class=\"xs_social_share_widget xs_share_url after_content \t\tmain_content  wslu-style-1 wslu-share-box-shaped wslu-fill-colored wslu-none wslu-share-horizontal wslu-theme-font-no wslu-main_content\">\n\n\t\t\n        <ul>\n\t\t\t        <\/ul>\n    <\/div> \n","protected":false},"excerpt":{"rendered":"<p>Centro per la fotografia Campobasso &#8220;Vivian Maier&#8221; organizza la Call &#8220;Less is more&#8221;. A distanza di pi\u00f9 di un anno &hellip;<\/p>\n","protected":false},"author":64,"featured_media":1682,"comment_status":"closed","ping_status":"closed","sticky":true,"template":"","format":"standard","meta":{"_acf_changed":false,"footnotes":""},"categories":[6],"tags":[51,67,204,308],"class_list":["post-1681","post","type-post","status-publish","format-standard","has-post-thumbnail","hentry","category-generale","tag-campobasso","tag-centro-per-la-fotografia","tag-minimal","tag-vivian-maier"],"acf":[],"_links":{"self":[{"href":"https:\/\/fiaf.net\/molise\/wp-json\/wp\/v2\/posts\/1681","targetHints":{"allow":["GET"]}}],"collection":[{"href":"https:\/\/fiaf.net\/molise\/wp-json\/wp\/v2\/posts"}],"about":[{"href":"https:\/\/fiaf.net\/molise\/wp-json\/wp\/v2\/types\/post"}],"author":[{"embeddable":true,"href":"https:\/\/fiaf.net\/molise\/wp-json\/wp\/v2\/users\/64"}],"replies":[{"embeddable":true,"href":"https:\/\/fiaf.net\/molise\/wp-json\/wp\/v2\/comments?post=1681"}],"version-history":[{"count":0,"href":"https:\/\/fiaf.net\/molise\/wp-json\/wp\/v2\/posts\/1681\/revisions"}],"wp:featuredmedia":[{"embeddable":true,"href":"https:\/\/fiaf.net\/molise\/wp-json\/wp\/v2\/media\/1682"}],"wp:attachment":[{"href":"https:\/\/fiaf.net\/molise\/wp-json\/wp\/v2\/media?parent=1681"}],"wp:term":[{"taxonomy":"category","embeddable":true,"href":"https:\/\/fiaf.net\/molise\/wp-json\/wp\/v2\/categories?post=1681"},{"taxonomy":"post_tag","embeddable":true,"href":"https:\/\/fiaf.net\/molise\/wp-json\/wp\/v2\/tags?post=1681"}],"curies":[{"name":"wp","href":"https:\/\/api.w.org\/{rel}","templated":true}]}}