{"id":197,"date":"2015-05-20T02:15:17","date_gmt":"2015-05-20T00:15:17","guid":{"rendered":"https:\/\/fiaf.net\/regioni\/molise\/?p=197"},"modified":"2015-05-20T02:15:17","modified_gmt":"2015-05-20T00:15:17","slug":"5-concorso-fotografico-infiorata","status":"publish","type":"post","link":"https:\/\/fiaf.net\/molise\/5-concorso-fotografico-infiorata\/","title":{"rendered":"5\u00b0 concorso fotografico \u201cINFIORATA\u201d"},"content":{"rendered":"<p>Camera Chiara Associazione Culturale, in occasione della<br \/>\nPROCESSIONE DELLA MADONNA DEI MONTI del 31 maggio 2015, organizza il 5\u00b0 concorso fotografico a tema \u201cINFIORATA\u201d.<br \/>\nLe foto dovranno essere realizzate esclusivamente nella giornata del 31 maggio 2015 e raccontare l\u2019evento attraverso le immagini: dalla preparazione, alla realizzazione dell\u2019infiorata, fino alla processione.<br \/>\n1. La partecipazione al concorso \u00e8 aperta a tutti i fotografi e<br \/>\nfotoamatori residenti in Italia e all\u2019estero.<br \/>\n2. La quota di partecipazione al concorso, a titolo di parziale contributo alle spese, \u00e8 di euro 10,00 a partecipante. Le opere non accompagnate dalla quota di partecipazione non saranno n\u00e9 giudicate n\u00e9 restituite.<br \/>\n3. Il tema \u00e8 obbligato a sezione unica: bianco\/nero, colore. Ogni autore pu\u00f2 presentare fino ad un massimo di cinque opere, il cui formato dovr\u00e0 avere il lato minimo di 20 cm, montate rigorosamente su cartoncino nero 30&#215;40, pena l\u2019esclusione. Ciascuna foto dovr\u00e0 riportare sul retro: numero della foto, nome e cognome dell\u2019autore, titolo dell\u2019opera, telefono ed e-mail.<br \/>\n4. Le immagini dovranno essere inedite e non devono aver subito modifiche e\/o elaborazioni digitali di qualsiasi natura o montaggi, clonazioni, hdr, etc., ad eccezione dei semplici interventi migliorativi della qualit\u00e0 fotografica, pena l\u2019esclusione.<br \/>\n5. Gli autori sono direttamente responsabili di quanto forma<br \/>\noggetto delle opere e di quanto dichiarato nella scheda di<br \/>\npartecipazione.<br \/>\n6. Ai sensi del D. Lgs 196\/2003, ogni partecipante esprime il consenso al trattamento dei dati personali nei limiti e nelle finalit\u00e0 del concorso.<br \/>\n7. Le opere, accuratamente imballate, con apposita scheda di partecipazione e quota, dovranno pervenire entro e non oltre il 6 giugno 2015 al seguente indirizzo: FOTO LAMPO \u2013 via Garibaldi, 66 &#8211; 86100 Campobasso. Le stesse potranno essere ritirate, a partire dal 15 luglio, e fino al 31 luglio, presso la Tabaccheria Barbiero (via XXIV maggio 144, Campobasso).<br \/>\n8. Tutte le opere pervenute saranno selezionate da un\u2019apposita giuria che assegner\u00e0 premi fino al 3\u00b0 classificato. Ulteriori premi saranno assegnati a discrezione della giuria.<br \/>\n9. Il giudizio della giuria \u00e8 insindacabile ed inappellabile: la<br \/>\npartecipazione al concorso implica l\u2019accettazione del presente regolamento.<br \/>\n10. Le foto premiate ed ammesse saranno oggetto di una<br \/>\nmostra fotografica che sar\u00e0 inaugurata il giorno della premiazione.<br \/>\nPer ogni eventuale informazione rivolgersi al 320.9260409.<br \/>\nGIURIA<br \/>\nNicola PAOLANTONIO&#8230;&#8230;&#8230;&#8230;&#8230;&#8230;&#8230;&#8230;&#8230;&#8230;&#8230;Fotografo<br \/>\nMauro PRESUTTI&#8230;&#8230;&#8230;&#8230;&#8230;&#8230;&#8230;&#8230;&#8230;&#8230;&#8230;&#8230;&#8230;&#8230;.Fotografo<br \/>\nZaira STABILE&#8230;&#8230;&#8230;&#8230;&#8230;&#8230;&#8230;&#8230;&#8230;&#8230;&#8230;&#8230;&#8230;&#8230;&#8230;&#8230;Fotografa<br \/>\nCarmine MARINARO&#8230;&#8230;&#8230;&#8230;&#8230;&#8230;&#8230;&#8230;&#8230;&#8230;..Fotoamatore<br \/>\nGianna PIANO&#8230;&#8230;&#8230;&#8230;&#8230;&#8230;&#8230;&#8230;&#8230;&#8230;&#8230;&#8230;&#8230;&#8230;.Fotoamatrice<br \/>\nSEGRETARIO DI GIURIA&#8230;&#8230;&#8230;&#8230;&#8230;&#8230;..Incoronata DI CILLO<br \/>\nCALENDARIO<br \/>\nTermine di presentazione delle opere: 6.06.2015<br \/>\nRiunione giuria: 18.06.2015<br \/>\nPremiazione ed inaugurazione mostra: 22.06.2015 ore 18,00<br \/>\nI risultati saranno comunicati al momento delle<br \/>\npremiazioni<br \/>\nMostra dal 22 al 30 giugno 2015 presso<br \/>\nl\u2019atrio della Provincia di Campobasso, via Roma 47<br \/>\nSuccessivamente presso Foto Lampo.<br \/>\nPREMI<br \/>\n1\u00b0 CLASSIFICATO \u20ac 200,00 + Coppa<br \/>\n2\u00b0 CLASSIFICATO \u20ac 100,00 + Coppa<br \/>\n3\u00b0 CLASSIFICATO \u20ac 50,00 + Coppa<br \/>\nSaranno aggiudicati altri premi a discrezione della giuria<br \/>\n____________________________________________________<br \/>\nCamera Chiara Associazione Culturale<br \/>\nmail: camerachiaracb@libero.it<br \/>\nhttps:\/\/www.facebook.com\/events\/373616029499986\/<br \/>\n<a href=\"https:\/\/fiaf.net\/molise\/wp-content\/uploads\/sites\/15\/2015\/05\/1i.jpg\"><img loading=\"lazy\" decoding=\"async\" class=\"alignnone size-medium wp-image-198\" alt=\"infiorata\" src=\"https:\/\/fiaf.net\/molise\/wp-content\/uploads\/sites\/15\/2015\/05\/1i-213x300.jpg\" width=\"213\" height=\"300\" srcset=\"https:\/\/fiaf.net\/molise\/wp-content\/uploads\/sites\/15\/2015\/05\/1i-213x300.jpg 213w, https:\/\/fiaf.net\/molise\/wp-content\/uploads\/sites\/15\/2015\/05\/1i.jpg 683w\" sizes=\"auto, (max-width: 213px) 100vw, 213px\" \/><\/a>\u00a0\u00a0<a href=\"https:\/\/fiaf.net\/molise\/wp-content\/uploads\/sites\/15\/2015\/05\/2i.jpg\"><img loading=\"lazy\" decoding=\"async\" class=\"alignnone size-medium wp-image-199\" alt=\"2i\" src=\"https:\/\/fiaf.net\/molise\/wp-content\/uploads\/sites\/15\/2015\/05\/2i-300x212.jpg\" width=\"300\" height=\"212\" srcset=\"https:\/\/fiaf.net\/molise\/wp-content\/uploads\/sites\/15\/2015\/05\/2i-300x212.jpg 300w, https:\/\/fiaf.net\/molise\/wp-content\/uploads\/sites\/15\/2015\/05\/2i-1024x724.jpg 1024w, https:\/\/fiaf.net\/molise\/wp-content\/uploads\/sites\/15\/2015\/05\/2i-768x543.jpg 768w, https:\/\/fiaf.net\/molise\/wp-content\/uploads\/sites\/15\/2015\/05\/2i.jpg 1500w\" sizes=\"auto, (max-width: 300px) 100vw, 300px\" \/><\/a>\u00a0\u00a0<a href=\"https:\/\/fiaf.net\/molise\/wp-content\/uploads\/sites\/15\/2015\/05\/3i.jpg\"><img loading=\"lazy\" decoding=\"async\" class=\"alignnone size-medium wp-image-200\" alt=\"3i\" src=\"https:\/\/fiaf.net\/molise\/wp-content\/uploads\/sites\/15\/2015\/05\/3i-300x212.jpg\" width=\"300\" height=\"212\" srcset=\"https:\/\/fiaf.net\/molise\/wp-content\/uploads\/sites\/15\/2015\/05\/3i-300x212.jpg 300w, https:\/\/fiaf.net\/molise\/wp-content\/uploads\/sites\/15\/2015\/05\/3i-1024x724.jpg 1024w, https:\/\/fiaf.net\/molise\/wp-content\/uploads\/sites\/15\/2015\/05\/3i-768x543.jpg 768w, https:\/\/fiaf.net\/molise\/wp-content\/uploads\/sites\/15\/2015\/05\/3i.jpg 1500w\" sizes=\"auto, (max-width: 300px) 100vw, 300px\" \/><\/a><\/p>\n\n    <div class=\"xs_social_share_widget xs_share_url after_content \t\tmain_content  wslu-style-1 wslu-share-box-shaped wslu-fill-colored wslu-none wslu-share-horizontal wslu-theme-font-no wslu-main_content\">\n\n\t\t\n        <ul>\n\t\t\t        <\/ul>\n    <\/div> \n","protected":false},"excerpt":{"rendered":"<p>Camera Chiara Associazione Culturale, in occasione della PROCESSIONE DELLA MADONNA DEI MONTI del 31 maggio 2015, organizza il 5\u00b0 concorso &hellip;<\/p>\n","protected":false},"author":64,"featured_media":198,"comment_status":"closed","ping_status":"closed","sticky":false,"template":"","format":"standard","meta":{"_acf_changed":false,"footnotes":""},"categories":[3],"tags":[10,49,51,150,184],"class_list":["post-197","post","type-post","status-publish","format-standard","has-post-thumbnail","hentry","category-concorsi","tag-31-maggio","tag-camera-chiara","tag-campobasso","tag-infiorata","tag-madonna-dei-monti"],"acf":[],"_links":{"self":[{"href":"https:\/\/fiaf.net\/molise\/wp-json\/wp\/v2\/posts\/197","targetHints":{"allow":["GET"]}}],"collection":[{"href":"https:\/\/fiaf.net\/molise\/wp-json\/wp\/v2\/posts"}],"about":[{"href":"https:\/\/fiaf.net\/molise\/wp-json\/wp\/v2\/types\/post"}],"author":[{"embeddable":true,"href":"https:\/\/fiaf.net\/molise\/wp-json\/wp\/v2\/users\/64"}],"replies":[{"embeddable":true,"href":"https:\/\/fiaf.net\/molise\/wp-json\/wp\/v2\/comments?post=197"}],"version-history":[{"count":0,"href":"https:\/\/fiaf.net\/molise\/wp-json\/wp\/v2\/posts\/197\/revisions"}],"wp:featuredmedia":[{"embeddable":true,"href":"https:\/\/fiaf.net\/molise\/wp-json\/wp\/v2\/media\/198"}],"wp:attachment":[{"href":"https:\/\/fiaf.net\/molise\/wp-json\/wp\/v2\/media?parent=197"}],"wp:term":[{"taxonomy":"category","embeddable":true,"href":"https:\/\/fiaf.net\/molise\/wp-json\/wp\/v2\/categories?post=197"},{"taxonomy":"post_tag","embeddable":true,"href":"https:\/\/fiaf.net\/molise\/wp-json\/wp\/v2\/tags?post=197"}],"curies":[{"name":"wp","href":"https:\/\/api.w.org\/{rel}","templated":true}]}}