{"id":264,"date":"2015-10-14T17:51:20","date_gmt":"2015-10-14T15:51:20","guid":{"rendered":"https:\/\/fiaf.net\/regioni\/molise\/?p=264"},"modified":"2015-10-14T17:51:20","modified_gmt":"2015-10-14T15:51:20","slug":"mono-no-aware","status":"publish","type":"post","link":"https:\/\/fiaf.net\/molise\/mono-no-aware\/","title":{"rendered":"MONO NO AWARE"},"content":{"rendered":"<p>Centro per la fotografia Vivian Maier \u00e8 lieto di presentare la mostra fotografica Mono No Aware di Valentina De Rosa. La mostra rientra tra gli obiettivi programmatici del Centro per la diffusione e divulgazione della cultura fotografica e per la promozione dei giovani autori.<br \/>\nIl lavoro presentato \u00e8 molto delicato e complesso, cos\u00ec ci spiega l\u2019autrice: \u00abmono no aware \u00e8 un termine giapponese che descrive la consapevolezza della precariet\u00e0 delle cose ed il lieve senso di rammarico che comporta il loro trascorrere, qualcosa simile a bellezza velata di tristezza. Le scene catturate si concentrano sul mondo contemporaneo, analizzano la vita alienante delle grandi citt\u00e0. Ognuno \u00e8 isolato nel rincorrere i propri pensieri, gli sguardi non si incontrano, sono vicini ma irraggiungibili. La cornice e il vetro, come linee di confine tra realt\u00e0 percepita e realt\u00e0 rappresentata, sembrano accentuare ancora di pi\u00f9 distanza e alienazione. I due spazi, interno ed esterno, sembrano riflettere la coscienza dello spirito e la coscienza della materia, quello della realt\u00e0 e della finzione, quella della fotografia e della vita.\u00bb.<br \/>\nValentina ha usato le vetrine di una nota catena di fast-food come boccascena di un possibile teatro, dove la vita si confonde con la finzione e attraverso il filtro fotografico viene messa in scena una cruda analisi della societ\u00e0 contemporanea. Tuttavia queste immagini non esprimono giudizi, non sono una denuncia, sono fotografie che si stringono ed espandono nel silenzio di un tempo indefinito, realizzate con lucida e netta precisione chirurgica, lasciando al pubblico un intervallo di tempo in cui porsi, forse, delle domande: cosa stiamo diventando? Sar\u00e0 questo il modo in cui ci relazioneremo con il prossimo in un immediato futuro? C\u2019\u00e8 un modo per sfuggire a tutto questo?<br \/>\nLa mostra con un testo critico dal redattore di \u201cInside Art\u201d Francesco Angelucci e curata dal Centro per la Fotografia Vivian Maier \u00e8 patrocinata dall&#8217;assessorato alla cultura del comune di Campobasso.<br \/>\nL&#8217;evento sar\u00e0 inaugurato sabato 24 ottobre dalle ore 18:30 negli spazi del Centro Culturale ex Onmi di Campobasso in via E. Muricchio 1 e sar\u00e0 visitabile tutti i giorni dalle 16:00 alle 20:00 fino al 1 novembre.<br \/>\nSi ringrazia Fine Art Lab di Luigi Fedulo per le stampe fotografiche.<br \/>\nBio<br \/>\nValentina De Rosa nasce a Napoli nel 1984, dopo aver studiato pittura, si \u00e8 specializzata in fotografia come linguaggio d\u2019arte presso l\u2019Accademia di Belle Arti di Napoli. Ha esposto in alcune mostre collettive tra cui: \u201cUn tuffo nel vino\u201d, presso Castel dell\u2019Ovo, Napoli; \u201cSeconda Biennale dei giovani fotografi\u201d presso Bibbiena; \u201cIX Premio Nazionale della Arti\u201d presso l\u2019Accademia di Belle Arti di Brera; \u201cEx area 2012\u201d, Salerno; \u201cX Premio Nazionale delle Arti\u201d, presso l&#8217; Accademia di Belle Arti di Bari; &#8220;Fotoconfronti OFF 2015&#8221; presso Bibbiena con il progetto \u201cMono No Aware\u201d. Mostra personale presso Villa Monteturli, Firenze; selezionata dalla redazione di National Geographic per il concorso \u201cNational Geographic Italia 2013\u201d nella categoria gente e popoli. Oggi frequenta lo studio del fotografo Antonio Biasiucci dove \u00e8 impegnata nell\u2019approfondimento del metodo di ricerca fotografica personale.<br \/>\n<a href=\"http:\/\/www.valentinaderosa.com\/\" target=\"_blank\" rel=\"nofollow noopener\">www.valentinaderosa.com<\/a><br \/>\nPer ulteriori informazioni:<br \/>\n<a href=\"http:\/\/www.facebook.com\/centrofotografiavivianmaier\" rel=\"nofollow noopener\" target=\"_blank\">www.facebook.com\/centrofotografiavivianmaier<br \/>\nhttps:\/\/www.facebook.com\/events\/1167973596550223\/<\/a><br \/>\ncfcvivianmaier@gmail.com<br \/>\n3288234289<br \/>\n<a href=\"https:\/\/fiaf.net\/molise\/wp-content\/uploads\/sites\/15\/2015\/10\/mono-no-aware.jpg\"><img loading=\"lazy\" decoding=\"async\" class=\"alignnone size-medium wp-image-265\" alt=\"mono no aware\" src=\"https:\/\/fiaf.net\/molise\/wp-content\/uploads\/sites\/15\/2015\/10\/mono-no-aware-300x145.jpg\" width=\"300\" height=\"145\" \/><\/a><\/p>\n\n    <div class=\"xs_social_share_widget xs_share_url after_content \t\tmain_content  wslu-style-1 wslu-share-box-shaped wslu-fill-colored wslu-none wslu-share-horizontal wslu-theme-font-no wslu-main_content\">\n\n\t\t\n        <ul>\n\t\t\t        <\/ul>\n    <\/div> \n","protected":false},"excerpt":{"rendered":"<p>Centro per la fotografia Vivian Maier \u00e8 lieto di presentare la mostra fotografica Mono No Aware di Valentina De Rosa. &hellip;<\/p>\n","protected":false},"author":64,"featured_media":265,"comment_status":"closed","ping_status":"closed","sticky":false,"template":"","format":"standard","meta":{"_acf_changed":false,"footnotes":""},"categories":[7],"tags":[51,67,210,301,308],"class_list":["post-264","post","type-post","status-publish","format-standard","has-post-thumbnail","hentry","category-mostre","tag-campobasso","tag-centro-per-la-fotografia","tag-mono-no-aware","tag-valentina-de-rosa","tag-vivian-maier"],"acf":[],"_links":{"self":[{"href":"https:\/\/fiaf.net\/molise\/wp-json\/wp\/v2\/posts\/264","targetHints":{"allow":["GET"]}}],"collection":[{"href":"https:\/\/fiaf.net\/molise\/wp-json\/wp\/v2\/posts"}],"about":[{"href":"https:\/\/fiaf.net\/molise\/wp-json\/wp\/v2\/types\/post"}],"author":[{"embeddable":true,"href":"https:\/\/fiaf.net\/molise\/wp-json\/wp\/v2\/users\/64"}],"replies":[{"embeddable":true,"href":"https:\/\/fiaf.net\/molise\/wp-json\/wp\/v2\/comments?post=264"}],"version-history":[{"count":0,"href":"https:\/\/fiaf.net\/molise\/wp-json\/wp\/v2\/posts\/264\/revisions"}],"wp:featuredmedia":[{"embeddable":true,"href":"https:\/\/fiaf.net\/molise\/wp-json\/wp\/v2\/media\/265"}],"wp:attachment":[{"href":"https:\/\/fiaf.net\/molise\/wp-json\/wp\/v2\/media?parent=264"}],"wp:term":[{"taxonomy":"category","embeddable":true,"href":"https:\/\/fiaf.net\/molise\/wp-json\/wp\/v2\/categories?post=264"},{"taxonomy":"post_tag","embeddable":true,"href":"https:\/\/fiaf.net\/molise\/wp-json\/wp\/v2\/tags?post=264"}],"curies":[{"name":"wp","href":"https:\/\/api.w.org\/{rel}","templated":true}]}}