{"id":398,"date":"2016-09-21T20:28:48","date_gmt":"2016-09-21T18:28:48","guid":{"rendered":"https:\/\/fiaf.net\/regioni\/molise\/?p=398"},"modified":"2016-09-21T20:28:48","modified_gmt":"2016-09-21T18:28:48","slug":"premio-paci","status":"publish","type":"post","link":"https:\/\/fiaf.net\/molise\/premio-paci\/","title":{"rendered":"Premio Paci"},"content":{"rendered":"<p>P.A.C.I. 2016 \u2013 PREMIO AUDITORIUM CITTA\u2019 DI ISERNIA \u2013 4^ EDIZIONE<br \/>\nL\u2019associazione socio culturale SM\u2019ART \u2013 l\u2019arte sm! \u00e8 lieta di comunicarVi che il 25 settembre 2016, a partire dalle ore 18:00, presso l\u2019Auditorium Unit\u00e0 d\u2019Italia di Isernia, si terranno le conferenze stampa del P.A.C.I. 2016 \u2013 Premio Auditorium Citt\u00e0 di Isernia, 4^ edizione e delle audizioni per AREA SANREMO TOUR.<br \/>\nPer quanto riguarda il P.A.C.I 2016, due le sezioni in mostra quest\u2019anno: artisti residenti, quelli molisani, e artisti ospiti, quelli invitati dall\u2019associazione e provenienti da fuori regione. Un numero pi\u00f9 ristretto di artisti, una scelta che consentir\u00e0 ai visitatori di addentrarsi meglio nelle ricerche che verranno proposte, poich\u00e9, di ciascun autore, si potranno leggere pi\u00f9 opere.<br \/>\nUn particolare ringraziamento va rivolto al Sindaco Giacomo D\u2019Apollonio e all\u2019Assessore alla Cultura Eugenio Kniahynicki, che si sono fattivamente impegnati dai primi giorni del loro mandato; al Consigliere Regionale Domenico Ioffredi, fautore del P.A.C.I. dalla prima edizione, e all\u2019amico Giuseppe Iglieri, per l\u2019infaticabile lavoro di interlocuzione. Il ringraziamento pi\u00f9 grande va per\u00f2 rivolto agli artisti, in special modo quelli residenti, che anche quest\u2019anno hanno deciso di reiterarci la fiducia.<br \/>\nIl finissage si terr\u00e0 domenica 30 ottobre 2016 durante il quale verr\u00e0 presentato il catalogo.<br \/>\nSia durante l\u2019evento di inaugurazione, sia durante l\u2019evento di finissage, saranno offerti:<br \/>\n\u2022 Buffet, a cura di Bar Self-Risto \u201cMi Gusta\u201d, di Olindo De Francesco e Filomena De Francesco, e di Pizzeria \u201cN\u2019ata cosa\u201d, di Elvio Antinucci;<br \/>\n\u2022 Degustazione di birre artigianali locali, a cura dei birrifici molisani \u201cFardone birra d\u2019autore\u201d di Dario Fardone, \u201cCantaloop birrificio minimo\u201d di Paolo Perrella ed Elide Braccio e \u201cLa fucina\u201d di Angelo Scacco e Giovanni Di Salvo.<br \/>\nP.A.C.I. 2016 \u00e8 un evento rientrante nell\u2019ambito del \u201cProgetto Integrato Molise Arte e Cultura\u201d<br \/>\nUn evento patrocinato dal Comune di Isernia \u2013 Assessorato alla Cultura<br \/>\ndalla Presidenza del Consiglio Regionale del Molise<br \/>\ndalla Fondazione Molise Cultura<br \/>\nDirezione artistica a cura di Antonio Pallotta \u2013 Presidente dell\u2019Associazione<br \/>\nEdizione critica a cura di Gioia Cativa \u2013 Critico D\u2019arte dell\u2019Associazione<br \/>\nARTISTI RESIDENTI<br \/>\nArturo BELTRANTE<br \/>\nRino CAPONE<br \/>\nCARMA<br \/>\nGiovanna D\u2019AQUILA<br \/>\nAldo DELLI CARPINI<br \/>\nCosmo DI FLORIO<br \/>\nWalter GIANCOLA<br \/>\nLuigi GRASSI<br \/>\nPaolo Emilio GRECO<br \/>\nEnzo IOVINO<br \/>\nGaetano MARINELLI<br \/>\nUgo MARTINO<br \/>\nRoberto MELFI<br \/>\nAntonio PALLOTTA<br \/>\nMassimo PALMIERI<br \/>\nGennaro PETRECCA<br \/>\nNazzareno SERRICCHIO<br \/>\nBenvenuto SUCCI<br \/>\nAntonio TRAMONTANO<br \/>\nEnzo VALERIO<br \/>\nARTISTI OSPITI<br \/>\nGianluca BIASI<br \/>\nDomenico BINDI<br \/>\nBRUSCOLINO<br \/>\nMauro CASTELLANI<br \/>\nFrida CASTELLI<br \/>\nLea CONTESTABILE<br \/>\nMaria Pia DAIDONE<br \/>\nCorrado DELFINI<br \/>\nFrancesco FALACE<br \/>\nCamilla FRANZONI<br \/>\nMINUS.LOG<br \/>\nMaurizio MUSCETTOLA<br \/>\nMassimo PASCA<br \/>\nRaffaele SAMMARCO<br \/>\nhttp:\/\/www.artesm.com\/blog\/2016\/09\/17\/p-a-c-i-2016-premio-auditorium-citta-di-isernia-quarta-edizione\/<br \/>\n<a href=\"https:\/\/fiaf.net\/molise\/wp-content\/uploads\/sites\/15\/2016\/09\/paci.jpg\"><img loading=\"lazy\" decoding=\"async\" class=\"alignnone size-medium wp-image-399\" alt=\"paci\" src=\"https:\/\/fiaf.net\/molise\/wp-content\/uploads\/sites\/15\/2016\/09\/paci-214x300.jpg\" width=\"214\" height=\"300\" \/><\/a><\/p>\n\n    <div class=\"xs_social_share_widget xs_share_url after_content \t\tmain_content  wslu-style-1 wslu-share-box-shaped wslu-fill-colored wslu-none wslu-share-horizontal wslu-theme-font-no wslu-main_content\">\n\n\t\t\n        <ul>\n\t\t\t        <\/ul>\n    <\/div> \n","protected":false},"excerpt":{"rendered":"<p>P.A.C.I. 2016 \u2013 PREMIO AUDITORIUM CITTA\u2019 DI ISERNIA \u2013 4^ EDIZIONE L\u2019associazione socio culturale SM\u2019ART \u2013 l\u2019arte sm! \u00e8 lieta &hellip;<\/p>\n","protected":false},"author":64,"featured_media":399,"comment_status":"closed","ping_status":"closed","sticky":false,"template":"","format":"standard","meta":{"_acf_changed":false,"footnotes":""},"categories":[7],"tags":[153,234,278],"class_list":["post-398","post","type-post","status-publish","format-standard","has-post-thumbnail","hentry","category-mostre","tag-isernia","tag-paci","tag-smart"],"acf":[],"_links":{"self":[{"href":"https:\/\/fiaf.net\/molise\/wp-json\/wp\/v2\/posts\/398","targetHints":{"allow":["GET"]}}],"collection":[{"href":"https:\/\/fiaf.net\/molise\/wp-json\/wp\/v2\/posts"}],"about":[{"href":"https:\/\/fiaf.net\/molise\/wp-json\/wp\/v2\/types\/post"}],"author":[{"embeddable":true,"href":"https:\/\/fiaf.net\/molise\/wp-json\/wp\/v2\/users\/64"}],"replies":[{"embeddable":true,"href":"https:\/\/fiaf.net\/molise\/wp-json\/wp\/v2\/comments?post=398"}],"version-history":[{"count":0,"href":"https:\/\/fiaf.net\/molise\/wp-json\/wp\/v2\/posts\/398\/revisions"}],"wp:featuredmedia":[{"embeddable":true,"href":"https:\/\/fiaf.net\/molise\/wp-json\/wp\/v2\/media\/399"}],"wp:attachment":[{"href":"https:\/\/fiaf.net\/molise\/wp-json\/wp\/v2\/media?parent=398"}],"wp:term":[{"taxonomy":"category","embeddable":true,"href":"https:\/\/fiaf.net\/molise\/wp-json\/wp\/v2\/categories?post=398"},{"taxonomy":"post_tag","embeddable":true,"href":"https:\/\/fiaf.net\/molise\/wp-json\/wp\/v2\/tags?post=398"}],"curies":[{"name":"wp","href":"https:\/\/api.w.org\/{rel}","templated":true}]}}