{"id":799,"date":"2018-03-16T18:39:59","date_gmt":"2018-03-16T16:39:59","guid":{"rendered":"https:\/\/fiaf.net\/regioni\/molise\/?p=799"},"modified":"2018-03-16T18:39:59","modified_gmt":"2018-03-16T16:39:59","slug":"leuropa-di-luca-nizzoli-toetti","status":"publish","type":"post","link":"https:\/\/fiaf.net\/molise\/leuropa-di-luca-nizzoli-toetti\/","title":{"rendered":"L&#039;Europa di Luca Nizzoli Toetti"},"content":{"rendered":"<p><strong>\u201cL&#8217;Europa di Luca Nizzoli Toetti\u201d<\/strong> \u00e8 la mostra che si terr\u00e0 a Campobasso dal 24 marzo all\u20198 aprile 2018 negli spazi di <strong>Galleria Spazio Immagine<\/strong> di vico Persichillo, 1 a Campobasso.<br \/>\nLa giornata del 24 marzo 2018, organizzata dall\u2019associazione culturale <strong>Centro per la Fotografia Campobasso Vivian Maier<\/strong>, inizier\u00e0 con l\u2019incontro delle 17:30 presso la sala Vitale (sede CISL) in via Ziccardi 10 che introdurr\u00e0 il pubblico alla mostra fotografica che inaugurer\u00e0 a seguire (ore 19:00) presso la Galleria Spazio Immagine. L&#8217;incontro vedr\u00e0 il fotografo\u00a0<a href=\"https:\/\/www.facebook.com\/nizzolitoetti\/\" target=\"_blank\" rel=\"noopener\">Luca Nizzoli Toetti<\/a>\u00a0confrontarsi con Maurizio Garofalo photoeditor e critico di fotografia e sar\u00e0 occasione per presentare i due libri da cui sono tratte le fotografie della mostra, editi da Postcart edizioni, \u201c<strong>Almost Europe<\/strong>\u201d del 2013 e \u201c<strong>Still Europe<\/strong>\u201d del 2017. A seguire, dalle 19:00, l&#8217;inaugurazione della mostra \u201cL&#8217;Europa di Luca Nizzoli Toetti\u201d nella Galleria Spazio Immagine di Campobasso in vico Persichillo 1.<br \/>\nTre le serie di fotografie in mostra a cura di\u00a0<a href=\"https:\/\/www.facebook.com\/massimo.nonno.7\" target=\"_blank\" rel=\"noopener\">Massimo Di Nonno<\/a>: la prima, di 24 fotografie tratte dalla pubblicazione &#8220;Almost Europe&#8221; (Postcart 2013), \u00e8 una esplorazione oltre la \u201ccortina blu\u201d dell\u2019UE, da Kaliningrad a Istanbul, attraverso Minsk, Kiev, Chisinau, Odessa. Non solo uno sguardo al di l\u00e0 di un confine geografico ma anche temporale, varcato il quale si torna indietro nel tempo, verso un passato dimenticato. Come scrive Sergio Romano, il cui testo con la prefazione di Mario Dondero arricchisce la pubblicazione:&#8221;&#8230; i quarant&#8217;anni passati all&#8217;ombra della Russia Sovietica hanno lasciato il loro segno sulla vita quotidiana, sulle case, sulle vie, sui vestiti, sui comportamenti personali. Nell'&#8221;altra Europa&#8221; il socialismo reale \u00e8 morto, ma il suo stile non \u00e8 ancora interamente scomparso.&#8221;<br \/>\nLa seconda serie consiste in 18 fotografie tratte dal libro \u201cSTILL EUROPE\u201d (Postcart 2017), il secondo volume della trilogia sull\u2019Europa di LNT, un viaggio alla riscoperta dell\u2019Europa, alla ricerca del minimo comune denominatore che definisce il Vecchio Continente. \u201cStill Europe\u201d con testi di Francesco Acerbis e di Zygmunt Bauman, consta di 128 fotografie che ci accompagnano nella straordinaria normalit\u00e0 di un\u2019Europa fatta prima di tutto di persone che si muovono, si incontrano, dialogano e imparano a conoscersi.<br \/>\n\u201cL\u2019uniformit\u00e0 e il vuoto culturale. E contro tali due orchi che \u00e8 necessario dichiarare e condurre in maniera netta una guerra all\u2019ultimo sangue, per salvare la \u201cricchezza della differenza\u201d che caratterizza tutto quanto c\u2019\u00e8 di importante nella cultura umana\u201d. Zygmunt Bauman<br \/>\nLa terza serie \u00e8 &#8220;L&#8217;Italia dal treno&#8221;, 27 fotografie in formato cartolina che raccontano il panorama italiano in un viaggio ferroviario sulla direttrice Nord_Sud, dal Brennero a Pozzallo.<br \/>\nCompleta l&#8217;esposizione il video \u201cL&#8217;Europa vista dal treno\u201d con i paesaggi fotografati da Nizzoli Toetti durante i suoi viaggi in treno attraverso il vecchio continente.<br \/>\nLa ricerca di\u00a0<a href=\"https:\/\/www.facebook.com\/luca.nizzolitoetti\" target=\"_blank\" rel=\"noopener\">Luca Nizzoli Toetti<\/a>\u00a0\u00e8 un lavoro di cammino e fotografia, alla scoperta dell&#8217;Europa, degli europei, attraverso i gesti e i percorsi della quotidianit\u00e0 che si sviluppa attraverso l\u2019eterogeneo tessuto sociale, culturale e urbano del vecchio continente. Un approfondimento documentario sull&#8217;Europa, lungo percorsi che ne attraversano o ne tangono il territorio. Un progetto che vuole stimolare un confronto costruttivo, una riflessione sull\u2019evoluzione delle relazioni tra i luoghi e i loro abitanti.<br \/>\n<strong>Orari apertra<\/strong><br \/>\n<strong>Dal Lunedi al Venerd\u00ec dalle 17:00 alle 20:30<\/strong><br \/>\n<strong>Sabato e Domeniva dalle 10:00 alle 13:30 e dalle 6:30 alle 20:30<\/strong><br \/>\nContatti: Massimo Di Nonno, +39 3403407910, cfcvivianmaier@gmail.com,<br \/>\nFacebook: Centro per la Fotografia Vivian Maier @centrofotografiavivianmaier.<br \/>\nhttps:\/\/www.facebook.com\/events\/1609617605759423\/<br \/>\n<strong>Luca Nizzoli Toetti<\/strong>, da Venezia.<br \/>\nFotografo, docente e musicista.<br \/>\nPi\u00f9 di 20 anni di carriera tra pubblicazioni su quotidiani e magazines, mostre, partecipazioni a festival, incontri pubblici e qualche riconoscimento.<br \/>\nDalla strage di via Palestro alla nascita dell&#8217;Euro, nel corso degli anni pubblica sui maggiori quotidiani italiani centinaia di fotografie documentando i principali avvenimenti di cronaca e attualit\u00e0 politica ed economica.<br \/>\nCollabora in maniera assidua con alcune riviste, producendo reportage, come L&#8217;Espresso, ioDonna, Internazionale.Per Vanity Fair ritrae pi\u00f9 di trenta fra i pi\u00f9 celebri autori italiani per &#8220;Scrittori in corso&#8221;, rubrica curata da Caterina Soffici: grazie a questa commissione ha la fortuna di incontrare Alda Merini, Nanda Pivano, Vincenzo Cerami e altri grandi scrittori e poeti del 900.E&#8217; direttore artistico dell&#8217;Independent Foto Festival di Ivrea nel 2010 e 2011, in cui chiama i migliori colleghi ed esperti italiani di fotografia a confrontarsi sull&#8217;attualit\u00e0 della professione.Fra le tante ospita la mostra in ricordo di Marco Pesaresi, autore che ha profondamente segnato l&#8217;ispirazione di Luca nell&#8217;approccio al lavoro.<br \/>\nCome teatro per la sua ricerca fotografica sceglie l&#8217;Europa, la sua visione autoriale gli vale il premio Bruce Chatwin per i grandi viaggiatori nel 2010 e viene elogiata sia dal maestro Gianni Berengo Gardin che riconosce in Luca il suo &#8220;erede&#8221;, che da Claudio Magris che definisce il progetto &#8220;almost Europe&#8221; come &#8220;&#8230;bellissimo, un&#8217;immagine concreta, struggente, errabonda di ci\u00f2 che \u00e8 e non \u00e8 l&#8217;Europa&#8221;.<br \/>\nIl libro &#8220;almost Europe&#8221;, opera prima edita da Postcart nel 2013, forte di 55 foto di classico, puro bianco e nero, realizzate tra Kaliningrad e Istanbul durante un viaggio di alcuni mesi tra Russia, Bielorussia, Ucraina, Moldova e Transnistria, con testi di Mario Dondero e Sergio Romano, \u00e8 un successo di critica e pubblico e risulta (quasi) esaurito. Premio Bastianelli (miglior libro di fotografia italiano opera prima) 2014, nomination per World best book a PhotoEspana, selezionato per la mostra \u201cTIP&#8211;the italian photobook, Best Italian book 2000\/2014\u201d curata da MiCamera.<br \/>\nNel 2017 sempre da Postcart pubblica Still Europe, con testi di Francesco Acerbis e Zygmunt Bauman, secondo capitolo della trilogia sull&#8217;Europa, ricerca che lo vede impegnato ormai da alcuni anni.<br \/>\nFedele alla sua indole, Luca, \u00e8 sempre in viaggio.<br \/>\n<a href=\"https:\/\/l.facebook.com\/l.php?u=https%3A%2F%2Fwww.lucanizzolitoetti.com%2F&amp;h=ATOecCNtsYt-BoZE5yfOIPW__BlbZL7UhjUcTZRioNM8m8Y7C3YXcY2FTVLjxZAlq2uXAGCaW9g4sopgmLkESRP2K5Mj4nsFM-ku5C6Q01XM_-pyMUGEDYM&amp;s=1\" target=\"_blank\" rel=\"noopener\">https:\/\/www.lucanizzolitoetti.com\/<\/a><br \/>\n<a href=\"https:\/\/fiaf.net\/molise\/wp-content\/uploads\/sites\/15\/2018\/03\/luca-nizzoli-toetti-cfc-i.jpg\"><img loading=\"lazy\" decoding=\"async\" class=\"alignnone size-medium wp-image-800\" alt=\"luca nizzoli toetti cfc i\" src=\"https:\/\/fiaf.net\/molise\/wp-content\/uploads\/sites\/15\/2018\/03\/luca-nizzoli-toetti-cfc-i-209x300.jpg\" width=\"209\" height=\"300\" \/><\/a><\/p>\n\n    <div class=\"xs_social_share_widget xs_share_url after_content \t\tmain_content  wslu-style-1 wslu-share-box-shaped wslu-fill-colored wslu-none wslu-share-horizontal wslu-theme-font-no wslu-main_content\">\n\n\t\t\n        <ul>\n\t\t\t        <\/ul>\n    <\/div> \n","protected":false},"excerpt":{"rendered":"<p>\u201cL&#8217;Europa di Luca Nizzoli Toetti\u201d \u00e8 la mostra che si terr\u00e0 a Campobasso dal 24 marzo all\u20198 aprile 2018 negli spazi di Galleria Spazio Immagine di vico Persichillo, 1 a Campobasso.<br \/>\nLa giornata del 24 marzo 2018, organizzata dall\u2019associazione culturale Centro per la Fotografia Campobasso Vivian Maier, inizier\u00e0 con l\u2019incontro delle 17:30 presso la sala Vitale (sede CISL) in via Ziccardi 10 che introdurr\u00e0 il pubblico alla mostra fotografica che inaugurer\u00e0 a seguire (ore 19:00) presso la Galleria Spazio Immagine.<\/p>\n","protected":false},"author":64,"featured_media":800,"comment_status":"closed","ping_status":"closed","sticky":false,"template":"","format":"standard","meta":{"_acf_changed":false,"footnotes":""},"categories":[7],"tags":[20,51,67,106,176,284,308],"class_list":["post-799","post","type-post","status-publish","format-standard","has-post-thumbnail","hentry","category-mostre","tag-almost-europe","tag-campobasso","tag-centro-per-la-fotografia","tag-europa","tag-luca-nizzoli-toetti","tag-still-europe","tag-vivian-maier"],"acf":[],"_links":{"self":[{"href":"https:\/\/fiaf.net\/molise\/wp-json\/wp\/v2\/posts\/799","targetHints":{"allow":["GET"]}}],"collection":[{"href":"https:\/\/fiaf.net\/molise\/wp-json\/wp\/v2\/posts"}],"about":[{"href":"https:\/\/fiaf.net\/molise\/wp-json\/wp\/v2\/types\/post"}],"author":[{"embeddable":true,"href":"https:\/\/fiaf.net\/molise\/wp-json\/wp\/v2\/users\/64"}],"replies":[{"embeddable":true,"href":"https:\/\/fiaf.net\/molise\/wp-json\/wp\/v2\/comments?post=799"}],"version-history":[{"count":0,"href":"https:\/\/fiaf.net\/molise\/wp-json\/wp\/v2\/posts\/799\/revisions"}],"wp:featuredmedia":[{"embeddable":true,"href":"https:\/\/fiaf.net\/molise\/wp-json\/wp\/v2\/media\/800"}],"wp:attachment":[{"href":"https:\/\/fiaf.net\/molise\/wp-json\/wp\/v2\/media?parent=799"}],"wp:term":[{"taxonomy":"category","embeddable":true,"href":"https:\/\/fiaf.net\/molise\/wp-json\/wp\/v2\/categories?post=799"},{"taxonomy":"post_tag","embeddable":true,"href":"https:\/\/fiaf.net\/molise\/wp-json\/wp\/v2\/tags?post=799"}],"curies":[{"name":"wp","href":"https:\/\/api.w.org\/{rel}","templated":true}]}}