{"id":10058,"date":"2023-05-01T01:32:18","date_gmt":"2023-04-30T23:32:18","guid":{"rendered":"https:\/\/fiaf.net\/nazionale\/?p=10058"},"modified":"2023-05-03T17:05:54","modified_gmt":"2023-05-03T15:05:54","slug":"3-incontro-online-con-i-circoli","status":"publish","type":"post","link":"https:\/\/fiaf.net\/nazionale\/3-incontro-online-con-i-circoli\/","title":{"rendered":"3\u00b0 incontro online con i circoli"},"content":{"rendered":"<p>&nbsp;<\/p>\n<p><strong><a href=\"https:\/\/fiaf.net\/obiettivo-italia\/\" target=\"_blank\" rel=\"noopener\"><img loading=\"lazy\" decoding=\"async\" class=\"alignnone wp-image-10081 size-large\" src=\"https:\/\/fiaf.net\/nazionale\/wp-content\/uploads\/sites\/22\/2023\/05\/banner-RESTA-INFORMATO-2-1024x205.jpg\" alt=\"\" width=\"1024\" height=\"205\" srcset=\"https:\/\/fiaf.net\/nazionale\/wp-content\/uploads\/sites\/22\/2023\/05\/banner-RESTA-INFORMATO-2-1024x205.jpg 1024w, https:\/\/fiaf.net\/nazionale\/wp-content\/uploads\/sites\/22\/2023\/05\/banner-RESTA-INFORMATO-2-300x60.jpg 300w, https:\/\/fiaf.net\/nazionale\/wp-content\/uploads\/sites\/22\/2023\/05\/banner-RESTA-INFORMATO-2-768x154.jpg 768w, https:\/\/fiaf.net\/nazionale\/wp-content\/uploads\/sites\/22\/2023\/05\/banner-RESTA-INFORMATO-2-1536x307.jpg 1536w, https:\/\/fiaf.net\/nazionale\/wp-content\/uploads\/sites\/22\/2023\/05\/banner-RESTA-INFORMATO-2-2048x410.jpg 2048w\" sizes=\"auto, (max-width: 1024px) 100vw, 1024px\" \/><\/a><\/strong><\/p>\n<p><strong>Marted\u00ec 02 maggio alle ore 21<\/strong> si terr\u00e0 il terzo dei tre incontri esplicativi del progetto<em><strong>\u00a0OBIETTIVO Italia \u2013 Censimento fotografico<\/strong><\/em>.<\/p>\n<p>Questo 3\u00b0 appuntamento riguarder\u00e0 le liberatorie e la gestione del flusso di lavoro ed \u00e8 unicamente riservato ai circoli iscritti al progetto.<\/p>\n<p>Chi avr\u00e0 la necessit\u00e0 di porre domande sar\u00e0 temporaneamente aggiunto in video al gruppo dei relatori.<\/p>\n<p><a href=\"https:\/\/fiaf.net\/nazionale\/wp-content\/uploads\/sites\/22\/2023\/05\/Grafica-incontro-2-maggio.jpg\"><img loading=\"lazy\" decoding=\"async\" class=\"wp-image-10060 aligncenter\" src=\"https:\/\/fiaf.net\/nazionale\/wp-content\/uploads\/sites\/22\/2023\/05\/Grafica-incontro-2-maggio-300x300.jpg\" alt=\"\" width=\"345\" height=\"345\" srcset=\"https:\/\/fiaf.net\/nazionale\/wp-content\/uploads\/sites\/22\/2023\/05\/Grafica-incontro-2-maggio-300x300.jpg 300w, https:\/\/fiaf.net\/nazionale\/wp-content\/uploads\/sites\/22\/2023\/05\/Grafica-incontro-2-maggio-1024x1024.jpg 1024w, https:\/\/fiaf.net\/nazionale\/wp-content\/uploads\/sites\/22\/2023\/05\/Grafica-incontro-2-maggio-150x150.jpg 150w, https:\/\/fiaf.net\/nazionale\/wp-content\/uploads\/sites\/22\/2023\/05\/Grafica-incontro-2-maggio-768x768.jpg 768w, https:\/\/fiaf.net\/nazionale\/wp-content\/uploads\/sites\/22\/2023\/05\/Grafica-incontro-2-maggio-1536x1536.jpg 1536w, https:\/\/fiaf.net\/nazionale\/wp-content\/uploads\/sites\/22\/2023\/05\/Grafica-incontro-2-maggio-2048x2048.jpg 2048w\" sizes=\"auto, (max-width: 345px) 100vw, 345px\" \/><\/a><\/p>\n<p>&nbsp;<\/p>\n<p>&nbsp;<\/p>\n<p>&nbsp;<\/p>\n<p>________________________<br \/>\nDipart. Comunicazione<br \/>\nSusanna Bertoni<\/p>\n\n    <div class=\"xs_social_share_widget xs_share_url after_content \t\tmain_content  wslu-style-1 wslu-share-box-shaped wslu-fill-colored wslu-none wslu-share-horizontal wslu-theme-font-no wslu-main_content\">\n\n\t\t\n        <ul>\n\t\t\t        <\/ul>\n    <\/div> \n","protected":false},"excerpt":{"rendered":"<p>&nbsp; Marted\u00ec 02 maggio alle ore 21 si terr\u00e0 il terzo dei tre incontri esplicativi del progetto\u00a0OBIETTIVO Italia \u2013 Censimento &hellip;<\/p>\n","protected":false},"author":66,"featured_media":10059,"comment_status":"closed","ping_status":"closed","sticky":false,"template":"","format":"standard","meta":{"_acf_changed":false,"footnotes":""},"categories":[81],"tags":[],"class_list":["post-10058","post","type-post","status-publish","format-standard","has-post-thumbnail","hentry","category-progetto-nazionale-obiettivo-italia"],"acf":[],"_links":{"self":[{"href":"https:\/\/fiaf.net\/nazionale\/wp-json\/wp\/v2\/posts\/10058","targetHints":{"allow":["GET"]}}],"collection":[{"href":"https:\/\/fiaf.net\/nazionale\/wp-json\/wp\/v2\/posts"}],"about":[{"href":"https:\/\/fiaf.net\/nazionale\/wp-json\/wp\/v2\/types\/post"}],"author":[{"embeddable":true,"href":"https:\/\/fiaf.net\/nazionale\/wp-json\/wp\/v2\/users\/66"}],"replies":[{"embeddable":true,"href":"https:\/\/fiaf.net\/nazionale\/wp-json\/wp\/v2\/comments?post=10058"}],"version-history":[{"count":9,"href":"https:\/\/fiaf.net\/nazionale\/wp-json\/wp\/v2\/posts\/10058\/revisions"}],"predecessor-version":[{"id":10084,"href":"https:\/\/fiaf.net\/nazionale\/wp-json\/wp\/v2\/posts\/10058\/revisions\/10084"}],"wp:featuredmedia":[{"embeddable":true,"href":"https:\/\/fiaf.net\/nazionale\/wp-json\/wp\/v2\/media\/10059"}],"wp:attachment":[{"href":"https:\/\/fiaf.net\/nazionale\/wp-json\/wp\/v2\/media?parent=10058"}],"wp:term":[{"taxonomy":"category","embeddable":true,"href":"https:\/\/fiaf.net\/nazionale\/wp-json\/wp\/v2\/categories?post=10058"},{"taxonomy":"post_tag","embeddable":true,"href":"https:\/\/fiaf.net\/nazionale\/wp-json\/wp\/v2\/tags?post=10058"}],"curies":[{"name":"wp","href":"https:\/\/api.w.org\/{rel}","templated":true}]}}