{"id":10097,"date":"2023-05-05T10:55:06","date_gmt":"2023-05-05T08:55:06","guid":{"rendered":"https:\/\/fiaf.net\/nazionale\/?p=10097"},"modified":"2023-05-05T11:32:20","modified_gmt":"2023-05-05T09:32:20","slug":"sole-nel-bosco-la-mostra-delle-giovani-autrici","status":"publish","type":"post","link":"https:\/\/fiaf.net\/nazionale\/sole-nel-bosco-la-mostra-delle-giovani-autrici\/","title":{"rendered":"&#8220;Sole nel bosco&#8221;: la mostra delle giovani autrici"},"content":{"rendered":"<p>Le sei allieve della masterclass FIAF &#8220;Ivano Bolondi&#8221; tenuta da Lorenzo Cicconi Massi, svoltasi lo scorso autunno presso il <strong>CIFA<\/strong> di Bibbiena, vincitrici della call per la \u00a0<em><strong>Borsa di Studio Ivano Bolondi,<\/strong><\/em>\u00a0istituita grazie alla sensibilit\u00e0 ed alla disponibilit\u00e0 della vedova Sig.ra Eugenia Baldi, sono protagoniste della collettiva <strong><em>Sole nel bosco<\/em><\/strong>, che inaugura sabato <strong>6 maggio alle ore 17.30<\/strong> in seno alla manifestazione <em><strong>CARPI FOTO FEST 2023 &#8211; Focus Giovani<\/strong><\/em>.<\/p>\n<p><u>Espongono<\/u>: <strong>Martina D&#8217;Agresta<\/strong> con <em>Il tempo naturale<\/em>, <strong>Alice Dini<\/strong> con <em>Spine, ferite<\/em>, <em>ossa rotte<\/em>, <strong>Barbara Domenis<\/strong> con <em>Introibo<\/em>, <strong>Elena Dottorini<\/strong> con <em>Spiragli<\/em>, <strong>Angelica Paciocco<\/strong> con <em>Stimmung<\/em>\u00a0e <strong>Silvia Ricci<\/strong> con <em>Briciole di pane<\/em>.<\/p>\n<p><u>Dove\/quando<\/u>: sabato 6 maggio ore 17.30 presso Sala Cervi, Palazzo Pio, Carpi (MO)<br \/>\nPer info: grandangolocarpi@libero.it<\/p>\n<p>&nbsp;<\/p>\n<p><strong>IL TEMPO NATURALE<\/strong><br \/>\nMartina D\u2019AGRESTA<\/p>\n<p>Francesco vive in una casa nel bosco. Da l\u00ec osserva la natura nella sua bellezza, nella sua variet\u00e0, nella sua crudelt\u00e0. Conosce i cicli inesorabili del creato e si sente parte di esso. Dentro al bosco invecchiare \u00e8 accettabile. Ogni cosa ha il suo tempo naturale.<\/p>\n<figure id=\"attachment_10100\" aria-describedby=\"caption-attachment-10100\" style=\"width: 300px\" class=\"wp-caption alignnone\"><a href=\"https:\/\/fiaf.net\/nazionale\/wp-content\/uploads\/sites\/22\/2023\/05\/Martina-dagresta.jpg\"><img loading=\"lazy\" decoding=\"async\" class=\"wp-image-10100 size-medium\" src=\"https:\/\/fiaf.net\/nazionale\/wp-content\/uploads\/sites\/22\/2023\/05\/Martina-dagresta-300x232.jpg\" alt=\"\" width=\"300\" height=\"232\" srcset=\"https:\/\/fiaf.net\/nazionale\/wp-content\/uploads\/sites\/22\/2023\/05\/Martina-dagresta-300x232.jpg 300w, https:\/\/fiaf.net\/nazionale\/wp-content\/uploads\/sites\/22\/2023\/05\/Martina-dagresta.jpg 501w\" sizes=\"auto, (max-width: 300px) 100vw, 300px\" \/><\/a><figcaption id=\"caption-attachment-10100\" class=\"wp-caption-text\">\u00a9 Martina D&#8217;Agresta, dal progetto &#8220;Il tempo naturale&#8221;<\/figcaption><\/figure>\n<p>&nbsp;<\/p>\n<p><strong>SPINE, FERITE, OSSA ROTTE<\/strong><strong><br \/>\n<\/strong>Alice DINI<\/p>\n<p>Il bosco non ha colori n\u00e9 vita, ha contrasti.<br \/>\nRami spogli e spezzati, spine pungenti, superfici scabre.<br \/>\nUn bosco occulto, malefico, come certe emozioni umane.<\/p>\n<figure id=\"attachment_10102\" aria-describedby=\"caption-attachment-10102\" style=\"width: 300px\" class=\"wp-caption alignnone\"><a href=\"https:\/\/fiaf.net\/nazionale\/wp-content\/uploads\/sites\/22\/2023\/05\/alice-dini.jpg\"><img loading=\"lazy\" decoding=\"async\" class=\"wp-image-10102 size-medium\" src=\"https:\/\/fiaf.net\/nazionale\/wp-content\/uploads\/sites\/22\/2023\/05\/alice-dini-300x199.jpg\" alt=\"\" width=\"300\" height=\"199\" srcset=\"https:\/\/fiaf.net\/nazionale\/wp-content\/uploads\/sites\/22\/2023\/05\/alice-dini-300x199.jpg 300w, https:\/\/fiaf.net\/nazionale\/wp-content\/uploads\/sites\/22\/2023\/05\/alice-dini.jpg 583w\" sizes=\"auto, (max-width: 300px) 100vw, 300px\" \/><\/a><figcaption id=\"caption-attachment-10102\" class=\"wp-caption-text\">\u00a9 Alice Dini, dal progetto &#8220;Spine, ferite, ossa rotte&#8221;<\/figcaption><\/figure>\n<p>&nbsp;<\/p>\n<p><strong>INTROIBO<\/strong><br \/>\nBarbara DOMENIS<\/p>\n<p>Il bosco \u00e8 un luogo dove addentrarsi e perdersi in un cammino che inizia incerto e conduce ad esplorare l\u2019interiorit\u00e0.<br \/>\nIl passaggio attraverso il bosco diventa una sorta di rito per comprendere un mondo dove ci\u00f2 che dapprima appare come negativo, non attraente e da evitare, una volta affrontato pu\u00f3 regalare emozioni positive, piacevoli, intense e inaspettate.<br \/>\nIl bosco si fa ossimoro, le ombre sottendono la luce, e allora, solo allora, finalmente si affaccia un senso.<\/p>\n<figure id=\"attachment_10103\" aria-describedby=\"caption-attachment-10103\" style=\"width: 300px\" class=\"wp-caption alignnone\"><a href=\"https:\/\/fiaf.net\/nazionale\/wp-content\/uploads\/sites\/22\/2023\/05\/Barbara-domenis.jpg\"><img loading=\"lazy\" decoding=\"async\" class=\"wp-image-10103 size-medium\" src=\"https:\/\/fiaf.net\/nazionale\/wp-content\/uploads\/sites\/22\/2023\/05\/Barbara-domenis-300x200.jpg\" alt=\"\" width=\"300\" height=\"200\" srcset=\"https:\/\/fiaf.net\/nazionale\/wp-content\/uploads\/sites\/22\/2023\/05\/Barbara-domenis-300x200.jpg 300w, https:\/\/fiaf.net\/nazionale\/wp-content\/uploads\/sites\/22\/2023\/05\/Barbara-domenis.jpg 583w\" sizes=\"auto, (max-width: 300px) 100vw, 300px\" \/><\/a><figcaption id=\"caption-attachment-10103\" class=\"wp-caption-text\">\u00a9 Barbara Domenis, dal progetto &#8220;Introibo&#8221;<\/figcaption><\/figure>\n<p>&nbsp;<\/p>\n<p><strong>SPIRAGLI<\/strong><br \/>\nEleonora DOTTORINI<\/p>\n<p>Luogo ombroso, intricato, incantato, ignoto, fiabesco: l\u2019uomo, nella sua storia, ha spesso avuto il bisogno di affrontare la foresta per raggiungere una nuova m\u00e8ta, per scoprire nuove strade, per trovare ci\u00f2 di cui poteva avere bisogno per vivere. Ma il bosco, con la sua imperscrutabilit\u00e0 e imponenza, non \u00e8 soltanto l\u2019intreccio di alberi, fiori ed ecosistemi preziosi. Attraversare la foresta \u00e8 una metafora del vivere, inoltrarsi nei boschi implica la possibilit\u00e0 di smarrirsi e il rischio di essere sovrastati da ci\u00f2 che non possiamo controllare. Il bosco \u00e8 l\u2019archetipo dell\u2019ombra, l\u2019immagine dei tratti labirintici in cui, a volte, la vita costringe ad avventurarsi. Tra le intricate fronde dei pensieri che diventano angosce, gli spiragli ci ricordano che, anche se il cammino dovesse essere tortuoso e in salita, alla fine il buio della selva lascia sempre spazio alla luce del cielo.<\/p>\n<figure id=\"attachment_10105\" aria-describedby=\"caption-attachment-10105\" style=\"width: 197px\" class=\"wp-caption alignnone\"><a href=\"https:\/\/fiaf.net\/nazionale\/wp-content\/uploads\/sites\/22\/2023\/05\/elena-dottorini.jpg\"><img loading=\"lazy\" decoding=\"async\" class=\"wp-image-10105 size-medium\" src=\"https:\/\/fiaf.net\/nazionale\/wp-content\/uploads\/sites\/22\/2023\/05\/elena-dottorini-197x300.jpg\" alt=\"\" width=\"197\" height=\"300\" srcset=\"https:\/\/fiaf.net\/nazionale\/wp-content\/uploads\/sites\/22\/2023\/05\/elena-dottorini-197x300.jpg 197w, https:\/\/fiaf.net\/nazionale\/wp-content\/uploads\/sites\/22\/2023\/05\/elena-dottorini.jpg 497w\" sizes=\"auto, (max-width: 197px) 100vw, 197px\" \/><\/a><figcaption id=\"caption-attachment-10105\" class=\"wp-caption-text\">\u00a9 Elena Dottorini, dal progetto &#8220;Spiragli&#8221;<\/figcaption><\/figure>\n<p>&nbsp;<\/p>\n<p><strong>STIMMUNG<\/strong><br \/>\nAngelica PACIOCCO<\/p>\n<p>Esistono parole difficili da tradurre ma facili da sentire, parole che si comprendono nel cuore e nel petto, senza sapere perch\u00e9.<br \/>\nIn tedesco si usa il termine\u00a0<em>Stimmung\u00a0<\/em>per definire la sensazione di libert\u00e0 e di connessione con la natura. L\u2019uomo, lontano dalle luci e dai rumori della metropoli, si fonde e diviene tutt\u2019uno con gli alberi, le foglie ed il prato che lo circonda, come tornasse alle origini nel grembo materno.<\/p>\n<p>Il bosco \u00e8 casa, il bosco \u00e8\u00a0<em>Stimmung<\/em><br \/>\nnon va compreso, va sentito.<\/p>\n<figure id=\"attachment_10108\" aria-describedby=\"caption-attachment-10108\" style=\"width: 300px\" class=\"wp-caption alignnone\"><a href=\"https:\/\/fiaf.net\/nazionale\/wp-content\/uploads\/sites\/22\/2023\/05\/angelica-paciocco.jpg\"><img loading=\"lazy\" decoding=\"async\" class=\"wp-image-10108 size-medium\" src=\"https:\/\/fiaf.net\/nazionale\/wp-content\/uploads\/sites\/22\/2023\/05\/angelica-paciocco-300x199.jpg\" alt=\"\" width=\"300\" height=\"199\" srcset=\"https:\/\/fiaf.net\/nazionale\/wp-content\/uploads\/sites\/22\/2023\/05\/angelica-paciocco-300x199.jpg 300w, https:\/\/fiaf.net\/nazionale\/wp-content\/uploads\/sites\/22\/2023\/05\/angelica-paciocco.jpg 579w\" sizes=\"auto, (max-width: 300px) 100vw, 300px\" \/><\/a><figcaption id=\"caption-attachment-10108\" class=\"wp-caption-text\">\u00a9 Angelica Paciocco, dal progetto&#8221; Stimmung&#8221;<\/figcaption><\/figure>\n<p>&nbsp;<\/p>\n<p><strong>BRICIOLE DI PANE<\/strong><br \/>\nSilvia RICCI<\/p>\n<p>Quella donna dal carattere deciso si \u00e8 risvegliata nella foresta.<br \/>\nGli alberi aprono strade che subito si richiudono, la fitta vegetazione distrae, confonde. L\u2019immaginazione si mescola alla realt\u00e0, ai sogni e agli incubi.<br \/>\nSi chiama Argentina, intrappolata in una realt\u00e0 che sembra familiare, ma che non riconosce. Argentina \u00e8 mia nonna e ha l\u2019Alzheimer.<br \/>\n<em>Lavoro realizzato in\u00a0Polaroid Now+ i-Type Instant Film<\/em><\/p>\n<figure id=\"attachment_10110\" aria-describedby=\"caption-attachment-10110\" style=\"width: 246px\" class=\"wp-caption alignnone\"><a href=\"https:\/\/fiaf.net\/nazionale\/wp-content\/uploads\/sites\/22\/2023\/05\/silvia-ricci.jpg\"><img loading=\"lazy\" decoding=\"async\" class=\"wp-image-10110 size-medium\" src=\"https:\/\/fiaf.net\/nazionale\/wp-content\/uploads\/sites\/22\/2023\/05\/silvia-ricci-246x300.jpg\" alt=\"\" width=\"246\" height=\"300\" srcset=\"https:\/\/fiaf.net\/nazionale\/wp-content\/uploads\/sites\/22\/2023\/05\/silvia-ricci-246x300.jpg 246w, https:\/\/fiaf.net\/nazionale\/wp-content\/uploads\/sites\/22\/2023\/05\/silvia-ricci.jpg 579w\" sizes=\"auto, (max-width: 246px) 100vw, 246px\" \/><\/a><figcaption id=\"caption-attachment-10110\" class=\"wp-caption-text\">\u00a9 Silvia Ricci, dal progetto &#8220;Briciole di pane&#8221;<\/figcaption><\/figure>\n<p>^^^^^^^^^^^^^^^^^^^^^^^^^^^^^^<\/p>\n<p><a href=\"https:\/\/fiaf.net\/nazionale\/wp-content\/uploads\/sites\/22\/2023\/05\/SOLE-NEL-BOSCO-MASTERCLASS-DI-LORENZO-CICONI-MASSI.jpg\"><img loading=\"lazy\" decoding=\"async\" class=\"alignnone wp-image-10116 \" src=\"https:\/\/fiaf.net\/nazionale\/wp-content\/uploads\/sites\/22\/2023\/05\/SOLE-NEL-BOSCO-MASTERCLASS-DI-LORENZO-CICONI-MASSI-819x1024.jpg\" alt=\"\" width=\"360\" height=\"450\" srcset=\"https:\/\/fiaf.net\/nazionale\/wp-content\/uploads\/sites\/22\/2023\/05\/SOLE-NEL-BOSCO-MASTERCLASS-DI-LORENZO-CICONI-MASSI-819x1024.jpg 819w, https:\/\/fiaf.net\/nazionale\/wp-content\/uploads\/sites\/22\/2023\/05\/SOLE-NEL-BOSCO-MASTERCLASS-DI-LORENZO-CICONI-MASSI-240x300.jpg 240w, https:\/\/fiaf.net\/nazionale\/wp-content\/uploads\/sites\/22\/2023\/05\/SOLE-NEL-BOSCO-MASTERCLASS-DI-LORENZO-CICONI-MASSI-768x961.jpg 768w, https:\/\/fiaf.net\/nazionale\/wp-content\/uploads\/sites\/22\/2023\/05\/SOLE-NEL-BOSCO-MASTERCLASS-DI-LORENZO-CICONI-MASSI-1228x1536.jpg 1228w, https:\/\/fiaf.net\/nazionale\/wp-content\/uploads\/sites\/22\/2023\/05\/SOLE-NEL-BOSCO-MASTERCLASS-DI-LORENZO-CICONI-MASSI.jpg 1279w\" sizes=\"auto, (max-width: 360px) 100vw, 360px\" \/><\/a><\/p>\n<p>&nbsp;<\/p>\n<p>____________________<br \/>\nDip.Comunicazione<br \/>\nSusanna Bertoni<\/p>\n<p>&nbsp;<\/p>\n<p>&nbsp;<\/p>\n<p>&nbsp;<\/p>\n<p>&nbsp;<\/p>\n<p>&nbsp;<\/p>\n<p>&nbsp;<\/p>\n<p>&nbsp;<\/p>\n<p>&nbsp;<\/p>\n\n    <div class=\"xs_social_share_widget xs_share_url after_content \t\tmain_content  wslu-style-1 wslu-share-box-shaped wslu-fill-colored wslu-none wslu-share-horizontal wslu-theme-font-no wslu-main_content\">\n\n\t\t\n        <ul>\n\t\t\t        <\/ul>\n    <\/div> \n","protected":false},"excerpt":{"rendered":"<p>Le sei allieve della masterclass FIAF &#8220;Ivano Bolondi&#8221; tenuta da Lorenzo Cicconi Massi, svoltasi lo scorso autunno presso il CIFA &hellip;<\/p>\n","protected":false},"author":66,"featured_media":10120,"comment_status":"closed","ping_status":"closed","sticky":false,"template":"","format":"standard","meta":{"_acf_changed":false,"footnotes":""},"categories":[10],"tags":[],"class_list":["post-10097","post","type-post","status-publish","format-standard","has-post-thumbnail","hentry","category-mostre"],"acf":[],"_links":{"self":[{"href":"https:\/\/fiaf.net\/nazionale\/wp-json\/wp\/v2\/posts\/10097","targetHints":{"allow":["GET"]}}],"collection":[{"href":"https:\/\/fiaf.net\/nazionale\/wp-json\/wp\/v2\/posts"}],"about":[{"href":"https:\/\/fiaf.net\/nazionale\/wp-json\/wp\/v2\/types\/post"}],"author":[{"embeddable":true,"href":"https:\/\/fiaf.net\/nazionale\/wp-json\/wp\/v2\/users\/66"}],"replies":[{"embeddable":true,"href":"https:\/\/fiaf.net\/nazionale\/wp-json\/wp\/v2\/comments?post=10097"}],"version-history":[{"count":16,"href":"https:\/\/fiaf.net\/nazionale\/wp-json\/wp\/v2\/posts\/10097\/revisions"}],"predecessor-version":[{"id":10122,"href":"https:\/\/fiaf.net\/nazionale\/wp-json\/wp\/v2\/posts\/10097\/revisions\/10122"}],"wp:featuredmedia":[{"embeddable":true,"href":"https:\/\/fiaf.net\/nazionale\/wp-json\/wp\/v2\/media\/10120"}],"wp:attachment":[{"href":"https:\/\/fiaf.net\/nazionale\/wp-json\/wp\/v2\/media?parent=10097"}],"wp:term":[{"taxonomy":"category","embeddable":true,"href":"https:\/\/fiaf.net\/nazionale\/wp-json\/wp\/v2\/categories?post=10097"},{"taxonomy":"post_tag","embeddable":true,"href":"https:\/\/fiaf.net\/nazionale\/wp-json\/wp\/v2\/tags?post=10097"}],"curies":[{"name":"wp","href":"https:\/\/api.w.org\/{rel}","templated":true}]}}