{"id":1020,"date":"2015-01-06T17:43:58","date_gmt":"2015-01-06T15:43:58","guid":{"rendered":"https:\/\/fiaf.net\/regioni\/nazionale\/?p=1020"},"modified":"2015-01-06T17:43:58","modified_gmt":"2015-01-06T15:43:58","slug":"steve-mccurry-oltre-lo-sguardo","status":"publish","type":"post","link":"https:\/\/fiaf.net\/nazionale\/steve-mccurry-oltre-lo-sguardo\/","title":{"rendered":"Steve McCurry  Oltre lo sguardo"},"content":{"rendered":"<p>Steve McCurry<\/p>\n<p>Oltre lo sguardo<\/p>\n<p>Fino al 06\/04\/2015 Monza<\/p>\n<p>Luogo: Villa Reale di Monza, Secondo Piano Nobile, Viale Brianza 1.<br \/>\nOrari: mar-ven ore 10.00-18.00; sab-dom e festivi ore 10.00-19.00.<\/p>\n<p>La mostra alla Villa Reale di Monza si sviluppa a partire dai lavori pi\u00f9 recenti di Steve McCurry, anche se non mancano alcune delle sue immagini pi\u00f9 conosciute, come il Ritratto di Sharbat Gula, che \u00e8 diventata una delle icone assolute della fotografia mondiale. Oltre a presentare una inedita selezione della sua produzione fotografica, la rassegna intende raccontare l&#8217;avventura della sua vita e della sua professione, grazie ad una ricca documentazione e ad una serie di video costruiti intorno alle sue &#8220;massime&#8221;. Lo scopo \u00e8 quello di seguire il filo rosso delle sue passioni, per conoscere la sua tecnica ma anche la sua voglia di condividere la vicinanza con la sofferenza e talvolta con la guerra, con la gioia e con la sorpresa.<\/p>\n<p>Info: 199151140<br \/>\n<a href=\"mailto:info@sudest57.com\" target=\"_blank\" rel=\"noopener\">info@sudest57.com<\/a><br \/>\n<a href=\"http:\/\/www.mostrastevemccurry.it\" target=\"_blank\" rel=\"noopener\">www.mostrastevemccurry.it<\/a><\/p>\n\n    <div class=\"xs_social_share_widget xs_share_url after_content \t\tmain_content  wslu-style-1 wslu-share-box-shaped wslu-fill-colored wslu-none wslu-share-horizontal wslu-theme-font-no wslu-main_content\">\n\n\t\t\n        <ul>\n\t\t\t        <\/ul>\n    <\/div> \n","protected":false},"excerpt":{"rendered":"<p>Steve McCurry Oltre lo sguardo Fino al 06\/04\/2015 Monza Luogo: Villa Reale di Monza, Secondo Piano Nobile, Viale Brianza 1. &hellip;<\/p>\n","protected":false},"author":15,"featured_media":1021,"comment_status":"closed","ping_status":"closed","sticky":false,"template":"","format":"standard","meta":{"_acf_changed":false,"footnotes":""},"categories":[9],"tags":[],"class_list":["post-1020","post","type-post","status-publish","format-standard","has-post-thumbnail","hentry","category-manifestazioni"],"acf":[],"_links":{"self":[{"href":"https:\/\/fiaf.net\/nazionale\/wp-json\/wp\/v2\/posts\/1020","targetHints":{"allow":["GET"]}}],"collection":[{"href":"https:\/\/fiaf.net\/nazionale\/wp-json\/wp\/v2\/posts"}],"about":[{"href":"https:\/\/fiaf.net\/nazionale\/wp-json\/wp\/v2\/types\/post"}],"author":[{"embeddable":true,"href":"https:\/\/fiaf.net\/nazionale\/wp-json\/wp\/v2\/users\/15"}],"replies":[{"embeddable":true,"href":"https:\/\/fiaf.net\/nazionale\/wp-json\/wp\/v2\/comments?post=1020"}],"version-history":[{"count":0,"href":"https:\/\/fiaf.net\/nazionale\/wp-json\/wp\/v2\/posts\/1020\/revisions"}],"wp:featuredmedia":[{"embeddable":true,"href":"https:\/\/fiaf.net\/nazionale\/wp-json\/wp\/v2\/media\/1021"}],"wp:attachment":[{"href":"https:\/\/fiaf.net\/nazionale\/wp-json\/wp\/v2\/media?parent=1020"}],"wp:term":[{"taxonomy":"category","embeddable":true,"href":"https:\/\/fiaf.net\/nazionale\/wp-json\/wp\/v2\/categories?post=1020"},{"taxonomy":"post_tag","embeddable":true,"href":"https:\/\/fiaf.net\/nazionale\/wp-json\/wp\/v2\/tags?post=1020"}],"curies":[{"name":"wp","href":"https:\/\/api.w.org\/{rel}","templated":true}]}}