{"id":10399,"date":"2023-06-07T19:05:33","date_gmt":"2023-06-07T17:05:33","guid":{"rendered":"https:\/\/fiaf.net\/nazionale\/?p=10399"},"modified":"2023-06-07T20:17:30","modified_gmt":"2023-06-07T18:17:30","slug":"nino-migliori-e-bibbiena-citta-della-fotografia","status":"publish","type":"post","link":"https:\/\/fiaf.net\/nazionale\/nino-migliori-e-bibbiena-citta-della-fotografia\/","title":{"rendered":"Bibbiena (AR), due eventi a carattere nazionale"},"content":{"rendered":"<p>In occasione del 75\u00b0 anniversario della FIAF, il <strong>17 Giugno 2023 a Bibbiena<\/strong> (AR) vengono inaugurate l&#8217;eccezionale mostra <strong><em>Nino.75 &#8211; Nino Migliori 75 anni di fotografia<\/em><\/strong> e 14 nuove installazioni a completamento della <em><strong>Galleria Permanente a cielo aperto<\/strong><\/em>, che consacra la cittadina del Casentino <strong><em>Citt\u00e0 della Fotografia<\/em><\/strong>.<\/p>\n<p>Presso il<strong> CIFA<\/strong>, Centro Italiano della Fotografia d\u2019Autore (via delle Monache 2), <strong>sabato 17 giugno alle ore 17<\/strong> sar\u00e0 presentata la straordinaria <strong>mostra dedicata a Nino Migliori<\/strong>, tra i pi\u00f9 autorevoli e multiformi ricercatori italiani in campo fotografico, attivo sostenitore e amico della FIAF nonch\u00e9 tra i primi a caldeggiare il progetto di Bibbiena Citt\u00e0 della Fotografia, un luogo dove la fotografia si potesse respirare in tutti i vicoli. Tra l&#8217;altro Nino Migliori, proprio quest\u2019anno, festeggia i 75 anni di attivit\u00e0.<br \/>\n<strong><em>Nino.75 &#8211; Nino Migliori 75 anni di fotografia<\/em><\/strong> presenta una selezione di oltre 220 lavori che percorrono tutto l\u2019arco della sua storia professionale e la variet\u00e0 e la complessit\u00e0 del suo linguaggio visuale, che ha continuato ad evolversi e ad arricchirsi, come la fotografia che lo accompagna da sempre.<br \/>\nDalle fotografie realiste degli anni Cinquanta, cariche del desiderio di riscoprire un\u2019Italia finalmente libera dopo la guerra, alle sperimentazioni Off-camera, realizzate gi\u00e0 nel 1948, dove emerge l\u2019interesse dell\u2019autore verso l\u2019atto e la materia fotografica (carta fotosensibile, liquidi di sviluppo e fissaggio), in tangenza con l\u2019informale pittorico di quegli anni e i lavori pi\u00f9 contemporanei degli ultimi anni Duemila.<br \/>\n<strong>La mostra presenta, inoltre, sei lavori inediti tra cui un\u2019opera singola realizzata a febbraio di quest\u2019anno.<\/strong><\/p>\n<p><strong>Alle 18.30, dal CIFA<\/strong>, partir\u00e0 il percorso guidato nel centro storico di Bibbiena per l\u2019inaugurazione delle <strong>14 nuove opere <\/strong>della<strong><em> Galleria a Cielo Aperto \/ Bibbiena Citt\u00e0 della Fotografia<\/em><\/strong>, il primo esempio in Europa di esposizione permanente di fotografia all&#8217;esterno e la pi\u00f9 grande installazione diffusa di opere fotografiche in grande formato. Si possono ammirare, infatti, sulle facciate dei palazzi e lungo le mura dell\u2019antico centro storico di Bibbiena, paese ricco di testimonianze del passato medioevo e dell\u2019epoca moderna ed il pi\u00f9 grande centro dell\u2019intera valle del Casentino.<br \/>\nLa Galleria, nata nel 2016 durante un incontro organizzato dalla FIAF presso il locale CIFA, permette al visitatore, camminando per le vie del borgo, di compiere un viaggio nella nostra storia e nei ricordi del nostro passato, un percorso illustrativo della potenza delle immagini e dell\u2019essenza del lavoro del fotografo.<br \/>\nAlle 34 opere di grandi dimensioni gi\u00e0 presenti,<strong> si aggiungono adesso ulteriori 14 lavori di altrettanti illustri Autori della fotografia italiana, andando a completare la pi\u00f9 grande esposizione permanente all\u2019aperto, con un totale di 48 installazioni<\/strong>.<br \/>\nTra queste, solo per citarne alcune, \u201cIL TUFFATORE, 1951\u201d di <strong>Nino Migliori<\/strong>, \u201cTRAVESTITI, GENOVA, 1965 &#8211; 1971\u201d di <strong>Lisetta Carmi<\/strong>, \u201cEMIGRANTE IN PIAZZA DUCA D\u2019AOSTA DAVANTI AL GRATTACIELO PIRELLI, MILANO, 1968\u201d di <strong>Uliano Lucas<\/strong>, \u201cREGNO UNITO, 1977\u201d di <strong>Gianni Berengo Gardin<\/strong>, \u201cJOHNNY DEPP, 2003\u201d di <strong>Maurizio Galimberti<\/strong>, \u201cMILIZIANO CRISTIANO, 1976\u201d di <strong>Ferdinando Scianna<\/strong>, \u201cARIZONA, PHOENIX, 1979\u201d di<strong> Franco Fontana<\/strong>, \u201cDARIO FO, MILANO, CASA DELL\u2019ARTISTA 27 APRILE 1996\u201d di <strong>Guido Harari<\/strong>, \u201cLA BAMBINA CON IL PALLONE\u201d di<strong> Letizia Battaglia<\/strong>, \u201cLE TR\u00c9PORT, MERS LE BAINS, 1985\u201d di<strong> Gabriele Basilico<\/strong>.<br \/>\nTutte le fotografie della Galleria sono di grandi dimensioni &#8211; formato minimo 150&#215;100 cm &#8211; stampate su materiale d-bond trattato per esterni e montate su cornici in Corten con bordo di 20 cm. <strong>Accanto ad ogni installazione \u00e8 stato posto, inoltre, un totem che illustra il lavoro e presenta l\u2019Autore ed \u00e8 stata realizzata un\u2019audioguida per assistere la visita<\/strong>.<br \/>\nLe istallazioni sono state realizzate con il contributo di Aziende locali e del Comune di Bibbiena, della Regione Toscana e della Fondazione CR Firenze mentre <strong>le ultime 14 installazioni e il sistema di fruizione delle opere \u00e8 stato finanziato dal Consiglio Regionale della Toscana tramite la legge che ha riconosciuto <em>Bibbiena Citt\u00e0 della Fotografia.<\/em><\/strong><\/p>\n<p>All\u2019inaugurazione saranno presenti\u00a0 <strong>Roberto Rossi,<\/strong>\u00a0Presidente della FIAF,\u00a0<strong>Claudio Pastrone,<\/strong>\u00a0Presidente del CIFA,\u00a0<strong>Antonio Mazzeo<\/strong>, Presidente del Consiglio Regionale, i rappresentanti dell\u2019Amministrazione Comunale, il grande fotografo\u00a0<strong>Nino Migliori<\/strong>\u00a0e\u00a0<strong>molti dei grandi Autori<\/strong>\u00a0le cui opere sono esposte nella galleria.<strong>\u00a0<\/strong><\/p>\n<p><strong>Alle 19.30 presso il chiostro del Convento di San Lorenzo sar\u00e0 offerto un aperitivo a tutti i partecipanti. <\/strong><\/p>\n<p><em>\u201cIl sogno di far diventare Bibbiena la Citt\u00e0 della Fotografia e il suo antico borgo la prima Galleria Permanente a Cielo Aperto \u00e8 finalmente realt\u00e0. \u00c8 un\u2019investitura motivo di grande orgoglio per la FIAF, oltre che significativo stimolo per nuovi e pi\u00f9 grandi progetti\u201d, <strong>ha dichiarato Roberto Rossi, Presidente della FIAF<\/strong>. \u201cRingrazio i grandi Autori che hanno donato le loro opere e che in questi 70 anni hanno sempre supportato l\u2019impegno della nostra Federazione nel dare voce a tutti coloro che cercano nella fotografia riscatto, passione, amore e voglia di condivisione e che ha aperto la strada a nuovi talenti della fotografia italiana. Ringrazio l\u2019Amministrazione Comunale, le Aziende del territorio e la Fondazione CRF Firenze che hanno collaborato con il CIFA e hanno permesso di concretizzare un progetto ambizioso, rendendo le mura delle nostre case e palazzi un vero e proprio patrimonio per la collettivit\u00e0\u201d.<\/em><\/p>\n<p><strong>PROGRAMMA<\/strong>:<br \/>\n<strong>&#8211;&gt;<\/strong> <strong>ore 17,00 <\/strong>cortile inferiore del CIFA: inaugurazione della mostra di Nino Migliori e della Galleria a Cielo Aperto \/ Bibbiena Citt\u00e0 della Fotografia. Al termine inaugurazione della mostra <em>Nino.75 &#8211; Nino Migliori 75 anni di fotografia<\/em><br \/>\n<strong>&#8211;&gt;<\/strong> <strong>ore 18,30<\/strong> <strong>circa<\/strong>: inizio del percorso nel centro storico per l\u2019inaugurazione delle nuove 14 opere della Galleria a Cielo Aperto<br \/>\n<strong>&#8211;&gt;<\/strong> <strong>ore 19,30<\/strong>: aperitivo nel chiostro del Convento di San Lorenzo<\/p>\n<p><span style=\"color: #3366ff\"><a style=\"color: #3366ff\" href=\"https:\/\/fiaf.net\/nazionale\/wp-content\/uploads\/sites\/22\/2023\/06\/pagina-galleria.jpg\" target=\"_blank\" rel=\"noopener\"><strong>SCARICA QUI LA PAGINA CON TUTTE LE 48 FOTOGRAFIE DELLA GALLERIA A CIELO APERTO<\/strong><\/a><\/span><\/p>\n<p>&nbsp;<\/p>\n<p><a href=\"https:\/\/fiaf.net\/nazionale\/wp-content\/uploads\/sites\/22\/2023\/06\/MIGLIORI-e-GALLERIA-web.jpg\"><img loading=\"lazy\" decoding=\"async\" class=\"aligncenter wp-image-10406 \" src=\"https:\/\/fiaf.net\/nazionale\/wp-content\/uploads\/sites\/22\/2023\/06\/MIGLIORI-e-GALLERIA-web-977x1024.jpg\" alt=\"\" width=\"345\" height=\"362\" srcset=\"https:\/\/fiaf.net\/nazionale\/wp-content\/uploads\/sites\/22\/2023\/06\/MIGLIORI-e-GALLERIA-web-977x1024.jpg 977w, https:\/\/fiaf.net\/nazionale\/wp-content\/uploads\/sites\/22\/2023\/06\/MIGLIORI-e-GALLERIA-web-286x300.jpg 286w, https:\/\/fiaf.net\/nazionale\/wp-content\/uploads\/sites\/22\/2023\/06\/MIGLIORI-e-GALLERIA-web-768x805.jpg 768w, https:\/\/fiaf.net\/nazionale\/wp-content\/uploads\/sites\/22\/2023\/06\/MIGLIORI-e-GALLERIA-web-1466x1536.jpg 1466w, https:\/\/fiaf.net\/nazionale\/wp-content\/uploads\/sites\/22\/2023\/06\/MIGLIORI-e-GALLERIA-web.jpg 1718w\" sizes=\"auto, (max-width: 345px) 100vw, 345px\" \/><\/a><\/p>\n<p>&nbsp;<\/p>\n<p>_______________________________<br \/>\nDipartimento Comunicazione<br \/>\nSusanna Bertoni<\/p>\n\n    <div class=\"xs_social_share_widget xs_share_url after_content \t\tmain_content  wslu-style-1 wslu-share-box-shaped wslu-fill-colored wslu-none wslu-share-horizontal wslu-theme-font-no wslu-main_content\">\n\n\t\t\n        <ul>\n\t\t\t        <\/ul>\n    <\/div> \n","protected":false},"excerpt":{"rendered":"<p>In occasione del 75\u00b0 anniversario della FIAF, il 17 Giugno 2023 a Bibbiena (AR) vengono inaugurate l&#8217;eccezionale mostra Nino.75 &#8211; &hellip;<\/p>\n","protected":false},"author":66,"featured_media":10410,"comment_status":"closed","ping_status":"closed","sticky":false,"template":"","format":"standard","meta":{"_acf_changed":false,"footnotes":""},"categories":[85],"tags":[],"class_list":["post-10399","post","type-post","status-publish","format-standard","has-post-thumbnail","hentry","category-bibbiena-citta-della-fotografia"],"acf":[],"_links":{"self":[{"href":"https:\/\/fiaf.net\/nazionale\/wp-json\/wp\/v2\/posts\/10399","targetHints":{"allow":["GET"]}}],"collection":[{"href":"https:\/\/fiaf.net\/nazionale\/wp-json\/wp\/v2\/posts"}],"about":[{"href":"https:\/\/fiaf.net\/nazionale\/wp-json\/wp\/v2\/types\/post"}],"author":[{"embeddable":true,"href":"https:\/\/fiaf.net\/nazionale\/wp-json\/wp\/v2\/users\/66"}],"replies":[{"embeddable":true,"href":"https:\/\/fiaf.net\/nazionale\/wp-json\/wp\/v2\/comments?post=10399"}],"version-history":[{"count":22,"href":"https:\/\/fiaf.net\/nazionale\/wp-json\/wp\/v2\/posts\/10399\/revisions"}],"predecessor-version":[{"id":10425,"href":"https:\/\/fiaf.net\/nazionale\/wp-json\/wp\/v2\/posts\/10399\/revisions\/10425"}],"wp:featuredmedia":[{"embeddable":true,"href":"https:\/\/fiaf.net\/nazionale\/wp-json\/wp\/v2\/media\/10410"}],"wp:attachment":[{"href":"https:\/\/fiaf.net\/nazionale\/wp-json\/wp\/v2\/media?parent=10399"}],"wp:term":[{"taxonomy":"category","embeddable":true,"href":"https:\/\/fiaf.net\/nazionale\/wp-json\/wp\/v2\/categories?post=10399"},{"taxonomy":"post_tag","embeddable":true,"href":"https:\/\/fiaf.net\/nazionale\/wp-json\/wp\/v2\/tags?post=10399"}],"curies":[{"name":"wp","href":"https:\/\/api.w.org\/{rel}","templated":true}]}}