{"id":1082,"date":"2015-05-15T07:34:41","date_gmt":"2015-05-15T05:34:41","guid":{"rendered":"https:\/\/fiaf.net\/regioni\/nazionale\/?p=1082"},"modified":"2015-05-15T07:34:41","modified_gmt":"2015-05-15T05:34:41","slug":"67-congresso-nazionale-fiaf","status":"publish","type":"post","link":"https:\/\/fiaf.net\/nazionale\/67-congresso-nazionale-fiaf\/","title":{"rendered":"67\u00b0 Congresso Nazionale FIAF"},"content":{"rendered":"<p align=\"center\"><b>MOSTRE, WORKSHOP, LETTURE E TANTO ALTRO AL 67\u00b0 CONGRESSO NAZIONALE FIAF<\/p>\n<p><\/b><\/p>\n<p align=\"center\"><i>Amantea (CS) &#8211; 20-24 maggio 2015<\/i><\/p>\n<p align=\"center\"><i>\u00a0<\/i><\/p>\n<p align=\"center\"><i>Saranno esposte le mostre di Giovanni Gastel, Grande Autore della Fotografia Contemporanea FIAF 2015 e Raul Iacometti, Autore dell\u2019Anno FIAF 2015<\/i><\/p>\n<p align=\"center\"><i>\u00a0<\/i><\/p>\n<p><b>Milano, 11 Maggio 2015 \u2013<i> <\/i><\/b><a href=\"https:\/\/fiaf.net\/\"><b>FIAF<\/b><\/a><b> (<\/b><a href=\"https:\/\/fiaf.net\"><b>www.fiaf.net<\/b><\/a><b>), la Federazione Italiana Associazioni Fotografiche <\/b>che con i suoi <b>circa 5.500 associati e 550 circoli affiliati, per un totale di oltre 40.000 persone coinvolte,<\/b> <b>\u00e8 la pi\u00f9 grande e rilevante organizzazione italiana non professionale di fotografia<\/b>, presenta il programma del suo <a href=\"http:\/\/www.fiaf-net.it\/amantea.pdf\" target=\"_blank\" rel=\"noopener\"><b>67\u00b0 Congresso Nazionale<\/b><\/a>, l\u2019evento centrale della vita associativa della\u00a0 Federazione e occasione unica in cui si possono incontrare molti protagonisti di livello nazionale della fotografia ed in particolare gli autori insigniti delle onorificenze e oggetto di studio con l\u2019editoria, le mostre, le conferenze.<\/p>\n<p>Il Congresso Nazionale FIAF, che ogni anno dalla fondazione della Federazione nel 1948 \u00e8 ospitato in una citt\u00e0 diversa, si terr\u00e0 quest\u2019anno <b>per la prima volta in Calabria, ad Amantea (CS) dal 20 al 24 Maggio presso il \u201c<\/b><a href=\"http:\/\/www.campustemesa.it\/\" target=\"_blank\" rel=\"noopener\"><b>Campus Temesa<\/b><\/a><b>\u201d<\/b>, la casa della cultura inaugurata circa un anno fa\u2019 e che dispone di un teatro con oltre 400 posti. Organizzatore del Congresso \u00e8 <b>l\u2019Associazione Culturale Arteaparte BFI<\/b>, presieduta da Attilio Lauria, Consigliere Nazionale FIAF.<\/p>\n<p>&nbsp;<\/p>\n<p>Fitto il programma del Congresso di quest\u2019anno che prevede, tra le altre, le <b>mostre di Giovanni Gastel,<\/b> <b>Grande Autore della Fotografia Contemporanea FIAF 2015 <\/b>e<b> Raul Iacometti, Autore dell\u2019Anno FIAF 2015<\/b>, oltre che la <b>mostra di Francesco Francaviglia, Vincitore Portfolio Italia 2014, con \u201cLe donne del digiuno\u201d<\/b>, dedicata ai ritratti delle donne siciliane che nel luglio del 1992, giorno del funerale del magistrato Paolo Borsellino, diedero vita con il pubblico digiuno a una sorprendente protesta civile contro la mafia.<\/p>\n<p>Tra le altre attivit\u00e0 in programma \u00e8 previsto un <b>seminario su \u201cStorytelling e reportage\u201d a cura di Alessandro Mallamaci, <\/b>ambassador\u00a0Fuji e co-direttore artistico del festival di fotografia\u00a0\u201cLa misura del paesaggio\u201d e la <b>presentazione del progetto \u201c<\/b><a href=\"http:\/\/www.wikilovesmonuments.it\/\" target=\"_blank\" rel=\"noopener\"><b>Wiki Loves Monuments 2015<\/b><\/a><b>\u201d<\/b>, il concorso fotografico internazionale, di cui FIAF \u00e8 partner culturale, che coinvolge cittadini di tutto il mondo nel documentare il proprio patrimonio culturale e caricare poi le immagini realizzate su\u00a0<a title=\"Wikimedia Commons\" href=\"http:\/\/it.wikipedia.org\/wiki\/Wikimedia_Commons\" target=\"_blank\" rel=\"noopener\">Wikimedia Commons<\/a>\u00a0con\u00a0<a title=\"Licenza libera\" href=\"http:\/\/it.wikipedia.org\/wiki\/Licenza_libera\" target=\"_blank\" rel=\"noopener\">licenza libera<\/a>.<\/p>\n<p>&nbsp;<\/p>\n<p>Per tutta la durata del Congresso saranno presenti gli stand curati dai partner tecnici FIAF, <b>FOWA<\/b> e <b>FUJI<\/b> e un banco informativo per conoscere tutti i dettagli per partecipare a\u00a0 <a href=\"https:\/\/fiaf.net\/tantipertutti\/\"><b>Tanti Per Tutti<\/b><\/a>, il <b>nuovo progetto fotografico nazionale organizzato da FIAF e CIFA finalizzato alla realizzazione di un documento fotografico di indagine nel mondo del volontariato in Italia.<\/b><\/p>\n<p>&nbsp;<\/p>\n<p>&nbsp;<\/p>\n<p>Il 67\u00b0 Congresso Nazionale FIAF \u00e8 anche tappa del <b>circuito <\/b><a href=\"https:\/\/fiaf.net\/portfolioitalia\/\"><b>\u201cPORTFOLIO ITALIA \u2013 Gran Premio Apromastore\u201d<\/b><\/a>, la rassegna considerata uno degli eventi fotografici pi\u00f9 importanti del nostro Paese che riunisce le pi\u00f9 importanti manifestazioni nazionali caratterizzate da incontri di lettura di Portfolio. Giunta alla sua dodicesima edizione, Portfolio Italia 2015, ha preso il via lo scorso 18 aprile a Rosignano Marittimo (LI). Per le prenotazioni e conoscere i lettori disponibili, con i relativi orari,\u00a0 si pu\u00f2 consultare il sito\u00a0<a href=\"www.fiaf.net\/portfolioitalia\/\">www.fiaf.net\/portfolioitalia\/<\/a><\/p>\n<p>In occasione del Congresso Nazionale FIAF ad Amantea si terr\u00e0 inoltre <b>l\u2019ultima tappa del <\/b><a href=\"http:\/\/www.fowa.it\/phototour\" target=\"_blank\" rel=\"noopener\"><b>Fowa, Photo Tour 2015 &#8211; Professional Shooting<\/b><\/a>, \u00a0il tour dedicato a tutti i prodotti protagonisti del mercato professionale dove \u00e8 possibile testare le pi\u00f9 grandi novit\u00e0 del mercato fotografico.\u00a0Saranno presenti i pi\u00f9 importanti brand come: PENTAX, LYTRO, ZEISS, PANASONIC, SAMYANG, METZ e tanto altro.<\/p>\n<p><b>\u00a0<\/b><\/p>\n<p><b>Per ulteriori informazioni sul 67\u00b0 Congresso Nazionale FIAF: <\/b><a href=\"http:\/\/www.fiaf-net.it\/amantea.pdf\" target=\"_blank\" rel=\"noopener\"><b>http:\/\/www.fiaf-net.it\/amantea.pdf<\/b><\/a><b><\/b><\/p>\n<p>&nbsp;<\/p>\n<p><b>Pagina Facebook: <\/b><a href=\"https:\/\/www.facebook.com\/pages\/67-Congresso-FIAF-Amantea\/1015159765167607\" target=\"_blank\" rel=\"noopener\">67 Congresso FIAF &#8211; Amantea<\/a><\/p>\n<p>&nbsp;<\/p>\n<p><b>FIAF<br \/>\n<\/b><i>Fondata nel 1948 a Torino, la FIAF \u00e8 un&#8217;associazione senza fini di lucro,\u00a0attenta da sempre alle tendenze e alle istanze culturali della fotografia italiana, che si prefigge lo scopo di divulgare e sostenere la fotografia amatoriale su tutto il territorio nazionale.\u00a0In oltre sessant\u2019anni di storia la FIAF non ha cambiato il suo originale intento ed oggi annovera circa 5.500 associati e 550 circoli affiliati, per un totale di oltre 40.000 persone coinvolte nelle attivit\u00e0 dell\u2019Associazione, accomunate dalla passione per il mondo della fotografia e a cui fornisce molteplici servizi, dai pi\u00f9 pratici mirati al sostegno alle organizzazioni a quelli rivolti alla formazione e alla crescita culturale di ogni singolo associato. <\/i><a href=\"www.fiaf.net\"><b><i>www.fiaf.net<\/i><\/b><\/a><i><\/i><\/p>\n<p><b>Per ulteriori informazioni:<\/b><\/p>\n<p><b>6Glab \u2013 il laboratorio di idee di SEIGRADI \/ Barbara Gemma La Malfa<br \/>\n<\/b>Via G. Mameli 3 \u2013 20129 Milano<br \/>\nTel. +39.02.84560801\/ Fax +39.02.84560802<br \/>\nEmail: <a href=\"mailto:6Glab@seigradi.com\">6Glab@seigradi.com<\/a><br \/>\nPagina Facebook: 6Glab<br \/>\nTwitter: <a href=\"https:\/\/twitter.com\/6Glab\" target=\"_blank\" rel=\"noopener\">https:\/\/twitter.com\/6Glab<\/a><br \/>\n<a href=\"http:\/\/www.seigradi.com\" target=\"_blank\" rel=\"noopener\">www.seigradi.com<\/a><\/p>\n<p><a href=\"https:\/\/fiaf.net\/nazionale\/wp-content\/uploads\/sites\/22\/2015\/05\/Locandina1.jpg\"><img loading=\"lazy\" decoding=\"async\" class=\"size-full wp-image-1085 aligncenter\" alt=\"Locandina\" src=\"https:\/\/fiaf.net\/nazionale\/wp-content\/uploads\/sites\/22\/2015\/05\/Locandina1.jpg\" width=\"550\" height=\"770\" srcset=\"https:\/\/fiaf.net\/nazionale\/wp-content\/uploads\/sites\/22\/2015\/05\/Locandina1.jpg 550w, https:\/\/fiaf.net\/nazionale\/wp-content\/uploads\/sites\/22\/2015\/05\/Locandina1-214x300.jpg 214w\" sizes=\"auto, (max-width: 550px) 100vw, 550px\" \/><\/a><\/p>\n\n    <div class=\"xs_social_share_widget xs_share_url after_content \t\tmain_content  wslu-style-1 wslu-share-box-shaped wslu-fill-colored wslu-none wslu-share-horizontal wslu-theme-font-no wslu-main_content\">\n\n\t\t\n        <ul>\n\t\t\t        <\/ul>\n    <\/div> \n","protected":false},"excerpt":{"rendered":"<p>MOSTRE, WORKSHOP, LETTURE E TANTO ALTRO AL 67\u00b0 CONGRESSO NAZIONALE FIAF Amantea (CS) &#8211; 20-24 maggio 2015 \u00a0 Saranno esposte &hellip;<\/p>\n","protected":false},"author":15,"featured_media":1084,"comment_status":"closed","ping_status":"closed","sticky":false,"template":"","format":"standard","meta":{"_acf_changed":false,"footnotes":""},"categories":[9],"tags":[],"class_list":["post-1082","post","type-post","status-publish","format-standard","has-post-thumbnail","hentry","category-manifestazioni"],"acf":[],"_links":{"self":[{"href":"https:\/\/fiaf.net\/nazionale\/wp-json\/wp\/v2\/posts\/1082","targetHints":{"allow":["GET"]}}],"collection":[{"href":"https:\/\/fiaf.net\/nazionale\/wp-json\/wp\/v2\/posts"}],"about":[{"href":"https:\/\/fiaf.net\/nazionale\/wp-json\/wp\/v2\/types\/post"}],"author":[{"embeddable":true,"href":"https:\/\/fiaf.net\/nazionale\/wp-json\/wp\/v2\/users\/15"}],"replies":[{"embeddable":true,"href":"https:\/\/fiaf.net\/nazionale\/wp-json\/wp\/v2\/comments?post=1082"}],"version-history":[{"count":0,"href":"https:\/\/fiaf.net\/nazionale\/wp-json\/wp\/v2\/posts\/1082\/revisions"}],"wp:featuredmedia":[{"embeddable":true,"href":"https:\/\/fiaf.net\/nazionale\/wp-json\/wp\/v2\/media\/1084"}],"wp:attachment":[{"href":"https:\/\/fiaf.net\/nazionale\/wp-json\/wp\/v2\/media?parent=1082"}],"wp:term":[{"taxonomy":"category","embeddable":true,"href":"https:\/\/fiaf.net\/nazionale\/wp-json\/wp\/v2\/categories?post=1082"},{"taxonomy":"post_tag","embeddable":true,"href":"https:\/\/fiaf.net\/nazionale\/wp-json\/wp\/v2\/tags?post=1082"}],"curies":[{"name":"wp","href":"https:\/\/api.w.org\/{rel}","templated":true}]}}