{"id":1148,"date":"2015-11-05T22:15:30","date_gmt":"2015-11-05T20:15:30","guid":{"rendered":"https:\/\/fiaf.net\/regioni\/nazionale\/?p=1148"},"modified":"2015-11-05T22:15:30","modified_gmt":"2015-11-05T20:15:30","slug":"colorno-photo-life-2015","status":"publish","type":"post","link":"https:\/\/fiaf.net\/nazionale\/colorno-photo-life-2015\/","title":{"rendered":"COLORNO PHOTO LIFE 2015"},"content":{"rendered":"<p>COLORNO PHOTO LIFE 2015<\/p>\n<p>6^ Edizione<\/p>\n<p>06-07-08\/11\/2015 Colorno (PR)<\/p>\n<p>&nbsp;<\/p>\n<p style=\"text-align: justify\">Per tre giorni, il 6, 7 e 8 novembre 2015, la Reggia di Colorno sar\u00e0 teatro del 6\u00b0 ColornoPhotoLife, un festival fotografico che sta diventando uno dei pi\u00f9 significativi dell\u2019Emilia Romagna.<\/p>\n<p style=\"text-align: justify\">Con questa 6^ edizione l\u2019evento conferma il mese di novembre come periodo espositivo, per trovare maggiori potenzialit\u00e0 strutturali atte a far crescere in qualit\u00e0 e quantit\u00e0 la propria proposta di cultura fotografica. ColornoPhotoLife grazie alla sua natura tematica \u00e8 un festival dal carattere concettualmente forte e chiaro che, ideato e realizzato in collaborazione con gli organi operativi della FIAF, apre i propri spazi alla fotografia nazionale ma pone particolare attenzione agli autori emiliano romagnoli. Infatti quest\u2019anno presenta due importanti mostre fotografiche di giovani autori Emiliano Romagnoli ormai conosciuti a livello globale: Alex Majoli e Alessandro Gandolfi. Alex Majoli da Ravenna ha spiccato il volo fino ad arrivare alla presidenza della Magnum e Alessandro Gandolfi da Parma ha creato l\u2019agenzia parallelo zero e le sue storie fotografiche sono ormai pubblicate sui maggiori rotocalchi mondiali.<\/p>\n<p style=\"text-align: justify\">Colornophotolife nato dalla passione del fondatore Gigi Montali e dall&#8217;entusiasmo dei volontari del Circolo Fotografico Color&#8217;s Light, per il sesto anno consecutivo unisce quindi le forze delle Istituzioni e del Volontariato culturale per dar vita a momenti di viva cultura fotografica con le mostre, le proiezioni di audiovisivi, i workshop, il Concorso a lettura di Portfolio Maria Luigia e intensi momenti di incontro con autori e protagonisti della fotografia italiana che esporranno, per condividerle, le loro riflessioni ed esperienze. Ampia sar\u00e0 la presenza anche dell\u2019editoria con la libreria specializzata e riviste del settore.<\/p>\n<p>Info: 0521312545<\/p>\n<p><a href=\"http:\/\/pim.register.it\/appsuite\/\" target=\"_blank\" rel=\"noopener\">info@colornophotolife.it<\/a><br \/>\nwww.colornophotolife.it<\/p>\n\n    <div class=\"xs_social_share_widget xs_share_url after_content \t\tmain_content  wslu-style-1 wslu-share-box-shaped wslu-fill-colored wslu-none wslu-share-horizontal wslu-theme-font-no wslu-main_content\">\n\n\t\t\n        <ul>\n\t\t\t        <\/ul>\n    <\/div> \n","protected":false},"excerpt":{"rendered":"<p>COLORNO PHOTO LIFE 2015 6^ Edizione 06-07-08\/11\/2015 Colorno (PR) &nbsp; Per tre giorni, il 6, 7 e 8 novembre 2015, &hellip;<\/p>\n","protected":false},"author":15,"featured_media":1149,"comment_status":"closed","ping_status":"closed","sticky":false,"template":"","format":"standard","meta":{"_acf_changed":false,"footnotes":""},"categories":[9],"tags":[],"class_list":["post-1148","post","type-post","status-publish","format-standard","has-post-thumbnail","hentry","category-manifestazioni"],"acf":[],"_links":{"self":[{"href":"https:\/\/fiaf.net\/nazionale\/wp-json\/wp\/v2\/posts\/1148","targetHints":{"allow":["GET"]}}],"collection":[{"href":"https:\/\/fiaf.net\/nazionale\/wp-json\/wp\/v2\/posts"}],"about":[{"href":"https:\/\/fiaf.net\/nazionale\/wp-json\/wp\/v2\/types\/post"}],"author":[{"embeddable":true,"href":"https:\/\/fiaf.net\/nazionale\/wp-json\/wp\/v2\/users\/15"}],"replies":[{"embeddable":true,"href":"https:\/\/fiaf.net\/nazionale\/wp-json\/wp\/v2\/comments?post=1148"}],"version-history":[{"count":0,"href":"https:\/\/fiaf.net\/nazionale\/wp-json\/wp\/v2\/posts\/1148\/revisions"}],"wp:featuredmedia":[{"embeddable":true,"href":"https:\/\/fiaf.net\/nazionale\/wp-json\/wp\/v2\/media\/1149"}],"wp:attachment":[{"href":"https:\/\/fiaf.net\/nazionale\/wp-json\/wp\/v2\/media?parent=1148"}],"wp:term":[{"taxonomy":"category","embeddable":true,"href":"https:\/\/fiaf.net\/nazionale\/wp-json\/wp\/v2\/categories?post=1148"},{"taxonomy":"post_tag","embeddable":true,"href":"https:\/\/fiaf.net\/nazionale\/wp-json\/wp\/v2\/tags?post=1148"}],"curies":[{"name":"wp","href":"https:\/\/api.w.org\/{rel}","templated":true}]}}