{"id":11756,"date":"2024-09-13T16:29:20","date_gmt":"2024-09-13T14:29:20","guid":{"rendered":"https:\/\/fiaf.net\/nazionale\/?p=11756"},"modified":"2024-09-26T12:17:05","modified_gmt":"2024-09-26T10:17:05","slug":"cataloghi-del-festival-2024","status":"publish","type":"post","link":"https:\/\/fiaf.net\/nazionale\/cataloghi-del-festival-2024\/","title":{"rendered":"Scopri i bellissimi cataloghi del Festival"},"content":{"rendered":"<p>L&#8217;editoria rappresenta uno dei punti di forza della Federazione, un canale attraverso il quale la fotografia non solo viene conservata e diffusa, ma anche elevata a vero e proprio patrimonio culturale. In questo contesto, i cataloghi del Festival <strong><em>Fotografia Italiana &#8211; Mappe, percorsi e linguaggi<\/em><\/strong>, <em><strong>Dalla terra alla luna. Esplorazioni sulla fotografia italiana<\/strong><\/em> e<em><strong> Adagio napoletano<\/strong><\/em> di Stefania Adami, opera vincitrice della Open Call P<em>ercorsi &#8211; Dal progetto al libro fotografico<\/em>, giocano un ruolo cruciale.<br \/>\nCon la duplice funzione di archivio duraturo delle mostre e degli eventi, preservando le espressioni artistiche per le generazioni future, costruiscono un collegamento essenziale tra gli autori e un pubblico pi\u00f9 grande, ampliando la portata della cultura fotografica.<\/p>\n<h3><strong><a href=\"https:\/\/shop.fiaf.net\/311-festival-della-fotografia-italiana\" target=\"_blank\" rel=\"noopener\">CLICCA QUI PER ACQUISTARLI<\/a><\/strong><\/h3>\n<p>^^^^^^^^^^^^^^^^^^^^^^^^^^^<\/p>\n<p><a href=\"https:\/\/fiaf.net\/nazionale\/wp-content\/uploads\/sites\/22\/2024\/07\/fotografia-italiana-mappe-percorsi-e-linguaggi.jpg\"><img loading=\"lazy\" decoding=\"async\" class=\"alignnone wp-image-11759\" src=\"https:\/\/fiaf.net\/nazionale\/wp-content\/uploads\/sites\/22\/2024\/07\/fotografia-italiana-mappe-percorsi-e-linguaggi.jpg\" alt=\"\" width=\"241\" height=\"271\" srcset=\"https:\/\/fiaf.net\/nazionale\/wp-content\/uploads\/sites\/22\/2024\/07\/fotografia-italiana-mappe-percorsi-e-linguaggi.jpg 795w, https:\/\/fiaf.net\/nazionale\/wp-content\/uploads\/sites\/22\/2024\/07\/fotografia-italiana-mappe-percorsi-e-linguaggi-267x300.jpg 267w, https:\/\/fiaf.net\/nazionale\/wp-content\/uploads\/sites\/22\/2024\/07\/fotografia-italiana-mappe-percorsi-e-linguaggi-768x864.jpg 768w\" sizes=\"auto, (max-width: 241px) 100vw, 241px\" \/><\/a><\/p>\n<div dir=\"auto\">Catalogo della mostra centrale del Festival della Fotografia Italiana<\/div>\n<div dir=\"auto\"><em>Fotografia Italiana &#8211; mappe percorsi e linguaggi<br \/>\n<\/em>pagine 224, copertina rigida con sovraccoperta<em><br \/>\n<\/em><\/div>\n<div dir=\"auto\"><span style=\"color: #ffffff\">.<\/span><\/div>\n<div dir=\"auto\"><span style=\"color: #ffffff\">.<\/span>Il catalogo della mostra <em><strong>&#8220;Fotografia l&#8217;italiana &#8211; Mappe, percorsi e linguaggi&#8221;<\/strong><\/em> \u00e8 una pubblicazione imprescindibile per chiunque nutra una passione per il mondo delle immagini, sia per studio che per semplice interesse personale. Questo volume, seguendo la trama temporale, evidenzia il senso della storia della fotografia italiana, consentendo di collocare gli autori e le loro opere in un contesto culturale definito.<\/div>\n<p>Offrendo l&#8217;analisi di <strong>100 opere di 100 tra i pi\u00f9 influenti autori del panorama fotografico nazionale<\/strong> \u00e8 considerato un vero e proprio compendio della fotografia contemporanea italiana dal primo dopoguerra fino ai giorni nostri.<\/p>\n[&#8230;] <span class=\"fontstyle0\"><em>Risulta pertanto doveroso, in ultima battuta, offrire all\u2019osservatore e al lettore una precisa spiegazione della struttura progettuale di questa lunga indagine, che forse suona pi\u00f9 come una dichiarazione d\u2019intenti piuttosto che come un decalogo espositivo. Si tratta di un disegno che riassume l\u2019incontro tra il fotografo e il curatore: un rapporto compartecipato che vede la celebrazione di una immagine e la sua relativa esegesi critica. Ciascun autore viene rappresentato da una delle sue fotografie pi\u00f9 simboliche, in quanto sintesi dello schema operativo con cui ha guardato il nostro paese.<\/em>\u00a0<\/span>[&#8230;]\n<em><span class=\"fontstyle0\">A conti fatti questo progetto rappresenta un insieme eterogeneo di linguaggi e visioni che spazia dagli avvenimenti politici pi\u00f9 importanti a vere e proprie icone della cultura popolare, passando per la messa in discussione delle proposte estetiche ai ponti emozionali sull\u2019innovazione narrativa. Un primo capitolo che non vuole rispondere a una domanda precisa sullo statuto identitario della fotografia italiana, ma che intende raccontare una storia attraverso il suo sviluppo e liberare l\u2019osservatore da ogni imposizione conoscitiva, invitandolo a cercare, sulla base di ci\u00f2 che qui pu\u00f2 vedere e leggere, la giusta conclusione di una riflessione sempre pi\u00f9 urgente. &#8211; <\/span><\/em><span class=\"fontstyle0\">dal testo di <\/span><span class=\"fontstyle0\"><strong>Denis Curti, curatore della mostra<\/strong><\/span><\/p>\n<h3><strong><a href=\"https:\/\/shop.fiaf.net\/home\/253-fotografia-italiana-mappe-percorsi-e-linguaggi.html\" target=\"_blank\" rel=\"noopener\">CLICCA QUI PER ACQUISTARLO<\/a><\/strong><\/h3>\n<p>^^^^^^^^^^^^^^^^^^^^^^^^^^^<\/p>\n<p><a href=\"https:\/\/fiaf.net\/nazionale\/wp-content\/uploads\/sites\/22\/2024\/07\/festival-della-fotografia-italiana-edizione-2024.jpg\"><img loading=\"lazy\" decoding=\"async\" class=\"alignnone wp-image-11758\" src=\"https:\/\/fiaf.net\/nazionale\/wp-content\/uploads\/sites\/22\/2024\/07\/festival-della-fotografia-italiana-edizione-2024.jpg\" alt=\"\" width=\"241\" height=\"261\" srcset=\"https:\/\/fiaf.net\/nazionale\/wp-content\/uploads\/sites\/22\/2024\/07\/festival-della-fotografia-italiana-edizione-2024.jpg 894w, https:\/\/fiaf.net\/nazionale\/wp-content\/uploads\/sites\/22\/2024\/07\/festival-della-fotografia-italiana-edizione-2024-278x300.jpg 278w, https:\/\/fiaf.net\/nazionale\/wp-content\/uploads\/sites\/22\/2024\/07\/festival-della-fotografia-italiana-edizione-2024-768x830.jpg 768w\" sizes=\"auto, (max-width: 241px) 100vw, 241px\" \/><\/a><\/p>\n<div dir=\"auto\">Catalogo generale delle mostre del Festival della Fotografia Italiana<\/div>\n<div dir=\"auto\"><em>Dalla terra alla luna. Esplorazioni sulla fotografia italiana<\/em><\/div>\n<div dir=\"auto\">Pagine 180, copertina morbida<\/div>\n<div dir=\"auto\"><span style=\"color: #ffffff\">.<\/span><\/div>\n<div dir=\"auto\"><span style=\"color: #ffffff\">.<\/span><span class=\"fontstyle0\">[&#8230;]<em> Il tema di riferimento per l\u2019edizione 2024 del Festival \u00e8 &#8216;<\/em><\/span><em><span class=\"fontstyle2\">Dalla Terra alla Luna&#8217;. <\/span><span class=\"fontstyle0\">Certamente un bacino nozionistico dall\u2019ampia portata concettuale che permette di imbastire numerosissime riflessioni. E dal quale prende vita una prima mostra che preleva i suoi caratteri fattuali dall\u2019emozione custodita negli echi di un\u00a0<\/span><span class=\"fontstyle0\">viaggio illustre, quello di Jules Verne. <\/span><\/em><span class=\"fontstyle0\">[&#8230;] <\/span><em><span class=\"fontstyle0\">\u00a0Il Festival si presenta come molto attento alla valorizzazione non solo del patrimonio fotografico gi\u00e0 esistente ma anche di quello in divenire, e altres\u00ec sulla possibilit\u00e0 di strutturare un inciso sul peso specifico delle future generazioni di autori. <\/span><\/em><span class=\"fontstyle0\">[&#8230;] &#8211; dal testo di <strong>Denis Curti e Roberto Rossi, direttori artistici del Festival della Fotografia Italiana<\/strong><\/span><\/div>\n<h3><strong><a href=\"https:\/\/shop.fiaf.net\/home\/254-festival-della-fotografia-italiana-edizione-2024.html\" target=\"_blank\" rel=\"noopener\">CLICCA QUI PER ACQUISTARLO<\/a><\/strong><\/h3>\n<p>^^^^^^^^^^^^^^^^^^^^^^^^^^^<\/p>\n<p><a href=\"https:\/\/fiaf.net\/nazionale\/wp-content\/uploads\/sites\/22\/2024\/07\/percorsi-2024.jpg\"><img loading=\"lazy\" decoding=\"async\" class=\"alignnone wp-image-11760\" src=\"https:\/\/fiaf.net\/nazionale\/wp-content\/uploads\/sites\/22\/2024\/07\/percorsi-2024.jpg\" alt=\"\" width=\"241\" height=\"239\" srcset=\"https:\/\/fiaf.net\/nazionale\/wp-content\/uploads\/sites\/22\/2024\/07\/percorsi-2024.jpg 894w, https:\/\/fiaf.net\/nazionale\/wp-content\/uploads\/sites\/22\/2024\/07\/percorsi-2024-300x297.jpg 300w, https:\/\/fiaf.net\/nazionale\/wp-content\/uploads\/sites\/22\/2024\/07\/percorsi-2024-150x150.jpg 150w, https:\/\/fiaf.net\/nazionale\/wp-content\/uploads\/sites\/22\/2024\/07\/percorsi-2024-768x760.jpg 768w\" sizes=\"auto, (max-width: 241px) 100vw, 241px\" \/><\/a><\/p>\n<div dir=\"auto\">Catalogo dell&#8217;opera vincitrice della Open Call <em>Percorsi &#8211; dal progetto al libro fotografico<\/em><\/div>\n<div dir=\"auto\"><em>Adagio napoletano<\/em>\u00a0di Stefania Adami<\/div>\n<div dir=\"auto\">copertina morbida<br \/>\n<span style=\"color: #ffffff\">.<\/span><\/div>\n<div dir=\"auto\"><span style=\"color: #ffffff\">.<\/span>L&#8217;esempio emblematico di come la FIAF valorizzi i percorsi autoriali individuali, offrendo agli artisti una piattaforma che ne garantisce visibilit\u00e0 e prestigio mediante la pubblicazione in un volume della collana monografica FIAF.<br \/>\nL&#8217;autrice <strong>Stefania Adami<\/strong> ci offre il racconto profondo del tessuto sociale e culturale di una citt\u00e0 cos\u00ec ricca e complessa come Napoli. Questo lavoro non solo celebra la bellezza e la poesia del quotidiano ma stimola anche una riflessione su temi sociali e personali, mostrando la capacit\u00e0 della fotografia di fungere da cronista sensibile e acuto.<\/div>\n<div dir=\"auto\"><\/div>\n<div dir=\"auto\">\n<h3><strong><a href=\"https:\/\/shop.fiaf.net\/home\/257-percorsi-2024.html\" target=\"_blank\" rel=\"noopener\">CLICCA QUI PER ACQUISTARLO<\/a><\/strong><\/h3>\n<\/div>\n<p>^^^^^^^^^^^^^^^^^^^^^^^^^^^<\/p>\n<p>______________________<br \/>\nDip. Comunicazione<br \/>\nSusanna Bertoni<\/p>\n\n    <div class=\"xs_social_share_widget xs_share_url after_content \t\tmain_content  wslu-style-1 wslu-share-box-shaped wslu-fill-colored wslu-none wslu-share-horizontal wslu-theme-font-no wslu-main_content\">\n\n\t\t\n        <ul>\n\t\t\t        <\/ul>\n    <\/div> \n","protected":false},"excerpt":{"rendered":"<p>L&#8217;editoria rappresenta uno dei punti di forza della Federazione, un canale attraverso il quale la fotografia non solo viene conservata &hellip;<\/p>\n","protected":false},"author":66,"featured_media":11775,"comment_status":"closed","ping_status":"closed","sticky":false,"template":"","format":"standard","meta":{"_acf_changed":false,"footnotes":""},"categories":[94],"tags":[],"class_list":["post-11756","post","type-post","status-publish","format-standard","has-post-thumbnail","hentry","category-1-festival-fotografia-italiana-2024"],"acf":[],"_links":{"self":[{"href":"https:\/\/fiaf.net\/nazionale\/wp-json\/wp\/v2\/posts\/11756","targetHints":{"allow":["GET"]}}],"collection":[{"href":"https:\/\/fiaf.net\/nazionale\/wp-json\/wp\/v2\/posts"}],"about":[{"href":"https:\/\/fiaf.net\/nazionale\/wp-json\/wp\/v2\/types\/post"}],"author":[{"embeddable":true,"href":"https:\/\/fiaf.net\/nazionale\/wp-json\/wp\/v2\/users\/66"}],"replies":[{"embeddable":true,"href":"https:\/\/fiaf.net\/nazionale\/wp-json\/wp\/v2\/comments?post=11756"}],"version-history":[{"count":20,"href":"https:\/\/fiaf.net\/nazionale\/wp-json\/wp\/v2\/posts\/11756\/revisions"}],"predecessor-version":[{"id":11781,"href":"https:\/\/fiaf.net\/nazionale\/wp-json\/wp\/v2\/posts\/11756\/revisions\/11781"}],"wp:featuredmedia":[{"embeddable":true,"href":"https:\/\/fiaf.net\/nazionale\/wp-json\/wp\/v2\/media\/11775"}],"wp:attachment":[{"href":"https:\/\/fiaf.net\/nazionale\/wp-json\/wp\/v2\/media?parent=11756"}],"wp:term":[{"taxonomy":"category","embeddable":true,"href":"https:\/\/fiaf.net\/nazionale\/wp-json\/wp\/v2\/categories?post=11756"},{"taxonomy":"post_tag","embeddable":true,"href":"https:\/\/fiaf.net\/nazionale\/wp-json\/wp\/v2\/tags?post=11756"}],"curies":[{"name":"wp","href":"https:\/\/api.w.org\/{rel}","templated":true}]}}