{"id":12122,"date":"2024-11-15T11:00:22","date_gmt":"2024-11-15T10:00:22","guid":{"rendered":"https:\/\/fiaf.net\/nazionale\/?p=12122"},"modified":"2025-11-07T19:43:27","modified_gmt":"2025-11-07T18:43:27","slug":"campagna-tesseramento-fiaf-2025","status":"publish","type":"post","link":"https:\/\/fiaf.net\/nazionale\/campagna-tesseramento-fiaf-2025\/","title":{"rendered":"Ascoltati: \u00e8 il momento di iscriverti alla FIAF"},"content":{"rendered":"<div>\n<p>La FIAF rappresenta da sempre molto pi\u00f9 che un semplice punto di riferimento per gli appassionati di fotografia. <strong>La FIAF \u00e8 una comunit\u00e0 vivace e interconnessa<\/strong>, uno spazio di condivisione e supporto reciproco, che mette a disposizione dei propri iscritti una rete di contatti e strumenti indispensabili per il percorso autoriale di ciascuno. Grazie a figure specializzate in vari Dipartimenti (Didattica, Cultura, Social, Fotoit, DIAF, Gallerie e Comunicazione), ogni fotograf\u0259 trova un ambiente che favorisce lo sviluppo personale e autoriale attraverso corsi, progetti collettivi, incontri con autori di spicco, mostre, concorsi e un\u2019ampia gamma di risorse editoriali.<\/p>\n<h2 style=\"text-align: center\"><a href=\"https:\/\/tesseramento.fiaf.net\/\" target=\"_blank\" rel=\"noopener\"><span style=\"color: #ff0000\"><span style=\"color: #3366ff\">ENTRA PER ISCRIVERTI ONLINE<\/span><\/span><\/a><\/h2>\n<p><strong><br \/>\nPer il 2025, la tessera FIAF offre un insieme di vantaggi esclusivi<\/strong> che uniscono strumenti di formazione, contenuti editoriali di alto livello e sconti su prodotti e servizi dedicati alla fotografia. Iscriversi alla FIAF significa entrare a far parte di una comunit\u00e0 culturale che sostiene e guida ogni autore nel proprio percorso.<\/p>\n<p><strong>Vantaggi compresi nella Tessera FIAF 2025 oltre a tutto quello che l&#8217;ambiente ti offre per crescere come Autrice\/Autore:<\/strong><\/p>\n<ul>\n<li><strong>RIVISTA FOTOIT<\/strong><br \/>\nAccesso a 10 numeri della rivista ufficiale della FIAF, con articoli e rubriche curate da fotografi per fotografi, che raccontano il mondo della fotografia attraverso le esperienze dirette degli autori.<\/li>\n<li><strong>ANNUARIO 2025<\/strong><br \/>\nUn volume che celebra lo stato dell\u2019arte della fotografia nella Federazione, includendo immagini premiate nei concorsi, opere selezionate e una panoramica sui Circoli Soci in ogni regione d\u2019Italia.<\/li>\n<li><strong>IL QUADERNO FIAF<\/strong><br \/>\nVolume speciale dedicato al lavoro di <strong>Maurizio Galimberti <\/strong>&#8220;La casa di Hilde&#8221;, riservato ai tesserati che si iscrivono o rinnovano entro il 31 dicembre 2024 (offerta cumulabile con il libro del &#8220;Grande Autore&#8221;)<\/li>\n<li><strong>GRANDE AUTORE DELLA FOTOGRAFIA CONTEMPORANEA<\/strong><br \/>\nUna copia della collana \u201cGrandi Autori della Fotografia Contemporanea\u201d, quest\u2019anno dedicata a <strong>Maria Vittoria Backhaus<\/strong>, per chi si iscrive o rinnova entro il 31 gennaio 2025 (offerta cumulabilecon il &#8220;Quaderno FIAF&#8221; ove ne ricorrano le condizioni)<\/li>\n<li><strong>SCONTI SU APROMASTORE<\/strong><br \/>\nAgevolazioni per l\u2019acquisto di strumenti, attrezzature e accessori professionali presso Apromastore, il negozio specializzato in fotografia.<\/li>\n<li><strong>BUONO SCONTO FIAF<\/strong><br \/>\nUno sconto di \u20ac10 senza limiti di spesa sull\u2019editoria FIAF, utilizzabile su shop.fiaf.net.<\/li>\n<li><strong>VIDEOCORSO \u201cLightroom Classic: Crea il tuo stile personale con color grading e preset\u201d<\/strong><br \/>\nUn videocorso di 4,5 ore suddiviso in 26 lezioni, tenuto dal docente Gianluca Catzeddu sulla piattaforma Teacher-in-a-box, per affinare il proprio stile personale.<\/li>\n<\/ul>\n<p><a href=\"https:\/\/fiaf.net\/nazionale\/wp-content\/uploads\/sites\/22\/2024\/11\/img_vantaggi-campagna-2025-scaled.jpg\"><img loading=\"lazy\" decoding=\"async\" class=\"alignnone size-large wp-image-12128\" src=\"https:\/\/fiaf.net\/nazionale\/wp-content\/uploads\/sites\/22\/2024\/11\/img_vantaggi-campagna-2025-1024x1024.jpg\" alt=\"\" width=\"1024\" height=\"1024\" srcset=\"https:\/\/fiaf.net\/nazionale\/wp-content\/uploads\/sites\/22\/2024\/11\/img_vantaggi-campagna-2025-1024x1024.jpg 1024w, https:\/\/fiaf.net\/nazionale\/wp-content\/uploads\/sites\/22\/2024\/11\/img_vantaggi-campagna-2025-300x300.jpg 300w, https:\/\/fiaf.net\/nazionale\/wp-content\/uploads\/sites\/22\/2024\/11\/img_vantaggi-campagna-2025-150x150.jpg 150w, https:\/\/fiaf.net\/nazionale\/wp-content\/uploads\/sites\/22\/2024\/11\/img_vantaggi-campagna-2025-768x768.jpg 768w, https:\/\/fiaf.net\/nazionale\/wp-content\/uploads\/sites\/22\/2024\/11\/img_vantaggi-campagna-2025-1536x1536.jpg 1536w, https:\/\/fiaf.net\/nazionale\/wp-content\/uploads\/sites\/22\/2024\/11\/img_vantaggi-campagna-2025-2048x2048.jpg 2048w\" sizes=\"auto, (max-width: 1024px) 100vw, 1024px\" \/><\/a><\/p>\n<\/div>\n<h2 style=\"text-align: center\"><span style=\"color: #3366ff\"><a style=\"color: #3366ff\" href=\"https:\/\/tesseramento.fiaf.net\/\" target=\"_blank\" rel=\"noopener\">ENTRA PER ISCRIVERTI ONLINE<\/a><\/span><\/h2>\n<h4 style=\"text-align: center\"><a href=\"https:\/\/fiaf.net\/tesseramenti\/\" target=\"_blank\" rel=\"noopener\"><span style=\"color: #3366ff\">COSTRUIAMO INSIEME IL NOSTRO FUTURO<\/span><\/a><br \/>\n<a href=\"https:\/\/fiaf.net\/tesseramenti\/\" target=\"_blank\" rel=\"noopener\"><strong><span style=\"color: #3366ff\">NUOVI<\/span> <span style=\"color: #ffcc00\">ORIZZONTI<\/span> <span style=\"color: #3366ff\">\/<\/span>\u00a0 <span style=\"color: #3366ff\">MILLE<\/span>\u00a0 <span style=\"color: #ffcc00\">ATTIVITA&#8217;<\/span><\/strong><\/a><br \/>\n<a title=\"https:\/\/fiaf.net\/tesseramenti\/\" href=\"https:\/\/fiaf.net\/tesseramenti\/\" target=\"_blank\" rel=\"noopener\"><strong>\u00a0<span style=\"color: #3366ff\">PIU&#8217;<\/span> <span style=\"color: #ffcc00\">FOTOGRAFIA<\/span>\u00a0 <span style=\"color: #3366ff\">\/<\/span> <span style=\"color: #3366ff\">TANTA<\/span> <span style=\"color: #ffcc00\">CULTURA<\/span><\/strong><\/a><\/h4>\n<p>&nbsp;<\/p>\n<p>______________________<br \/>\nDip. Comunicazione<br \/>\nArea Comunicazione<br \/>\nSusanna Bertoni<\/p>\n\n    <div class=\"xs_social_share_widget xs_share_url after_content \t\tmain_content  wslu-style-1 wslu-share-box-shaped wslu-fill-colored wslu-none wslu-share-horizontal wslu-theme-font-no wslu-main_content\">\n\n\t\t\n        <ul>\n\t\t\t        <\/ul>\n    <\/div> \n","protected":false},"excerpt":{"rendered":"<p>La FIAF rappresenta da sempre molto pi\u00f9 che un semplice punto di riferimento per gli appassionati di fotografia. La FIAF &hellip;<\/p>\n","protected":false},"author":66,"featured_media":12129,"comment_status":"closed","ping_status":"closed","sticky":false,"template":"","format":"standard","meta":{"_acf_changed":false,"footnotes":""},"categories":[8],"tags":[],"class_list":["post-12122","post","type-post","status-publish","format-standard","has-post-thumbnail","hentry","category-federazione"],"acf":[],"_links":{"self":[{"href":"https:\/\/fiaf.net\/nazionale\/wp-json\/wp\/v2\/posts\/12122","targetHints":{"allow":["GET"]}}],"collection":[{"href":"https:\/\/fiaf.net\/nazionale\/wp-json\/wp\/v2\/posts"}],"about":[{"href":"https:\/\/fiaf.net\/nazionale\/wp-json\/wp\/v2\/types\/post"}],"author":[{"embeddable":true,"href":"https:\/\/fiaf.net\/nazionale\/wp-json\/wp\/v2\/users\/66"}],"replies":[{"embeddable":true,"href":"https:\/\/fiaf.net\/nazionale\/wp-json\/wp\/v2\/comments?post=12122"}],"version-history":[{"count":14,"href":"https:\/\/fiaf.net\/nazionale\/wp-json\/wp\/v2\/posts\/12122\/revisions"}],"predecessor-version":[{"id":13390,"href":"https:\/\/fiaf.net\/nazionale\/wp-json\/wp\/v2\/posts\/12122\/revisions\/13390"}],"wp:featuredmedia":[{"embeddable":true,"href":"https:\/\/fiaf.net\/nazionale\/wp-json\/wp\/v2\/media\/12129"}],"wp:attachment":[{"href":"https:\/\/fiaf.net\/nazionale\/wp-json\/wp\/v2\/media?parent=12122"}],"wp:term":[{"taxonomy":"category","embeddable":true,"href":"https:\/\/fiaf.net\/nazionale\/wp-json\/wp\/v2\/categories?post=12122"},{"taxonomy":"post_tag","embeddable":true,"href":"https:\/\/fiaf.net\/nazionale\/wp-json\/wp\/v2\/tags?post=12122"}],"curies":[{"name":"wp","href":"https:\/\/api.w.org\/{rel}","templated":true}]}}