{"id":12990,"date":"2025-08-17T09:00:41","date_gmt":"2025-08-17T07:00:41","guid":{"rendered":"https:\/\/fiaf.net\/nazionale\/?p=12990"},"modified":"2025-08-17T09:44:14","modified_gmt":"2025-08-17T07:44:14","slug":"benvenutofiaf2025-frasi-2024","status":"publish","type":"post","link":"https:\/\/fiaf.net\/nazionale\/benvenutofiaf2025-frasi-2024\/","title":{"rendered":"BenvenutoFIAF! 2024: una frase per ciascuno non fa male a nessuno"},"content":{"rendered":"<p data-start=\"216\" data-end=\"549\">Sono ancora aperte fino al 20 agosto le iscrizioni al percorso <strong data-start=\"268\" data-end=\"291\">BenvenutoFIAF! 2025<\/strong>, il progetto formativo rivolto a tutti i nuovi tesserati FIAF di quest\u2019anno.<br data-start=\"368\" data-end=\"371\" \/>Un\u2019occasione preziosa per entrare in contatto con la comunit\u00e0 fotografica nazionale, approfondire i valori fondanti della Federazione e iniziare un cammino di crescita condivisa.<\/p>\n<p data-start=\"551\" data-end=\"732\">Il percorso prender\u00e0 il via nel <strong data-start=\"583\" data-end=\"609\">mese di settembre 2025<\/strong> e sar\u00e0 coordinato da <strong data-start=\"631\" data-end=\"649\">Daniela Sidari<\/strong>, Consigliera Nazionale FIAF e referente del progetto (\ud83d\udce9 <a class=\"cursor-pointer\" rel=\"noopener\" data-start=\"707\" data-end=\"730\">daniela.sidari@fiaf.net<\/a>).<\/p>\n<h3 data-start=\"1006\" data-end=\"1033\">Le \u201c6 C\u201d che ci guidano<\/h3>\n<p data-start=\"1035\" data-end=\"1322\">Al termine del percorso 2024, appena concluso, ai partecipanti \u00e8 stato chiesto di raccontare, con poche righe personali, il significato delle <strong data-start=\"1177\" data-end=\"1186\">\u201c6 C\u201d<\/strong> che hanno guidato la campagna tesseramento dello scorso anno:<br data-start=\"1248\" data-end=\"1251\" \/><strong data-start=\"1251\" data-end=\"1321\">Confronto, Crescita, Condivisione, Conoscenza, Curiosit\u00e0 e Cultura<\/strong>.<\/p>\n<p data-start=\"1324\" data-end=\"1593\">Tra tutte le testimonianze ricevute, <strong data-start=\"1361\" data-end=\"1401\">sono stati selezionati 25 contributi<\/strong>, pubblicati sulla pagina facebook <strong><a href=\"https:\/\/www.facebook.com\/ambienteclimafuturo\/\" target=\"_blank\" rel=\"noopener\"><em>FIAF Progetti News Attivit\u00e0<\/em><\/a>\u00a0<\/strong> a partire dal 6 luglio scorso: un\u2019occasione per ascoltare direttamente le voci dei nuovi soci e far emergere lo spirito che anima la nostra Federazione.<\/p>\n<h3 data-start=\"1595\" data-end=\"1620\">Un attestato speciale<\/h3>\n<p data-start=\"1622\" data-end=\"1919\">Un attestato speciale \u00e8 stato attribuito a <strong><em>Camilla Corvai<\/em>a<\/strong> <strong>per aver<\/strong> <strong data-start=\"1746\" data-end=\"1804\">saputo interpretare al meglio l\u2019essenza delle \u201c6 C\u201d<\/strong>, in piena aderenza ai valori fondanti della FIAF.<\/p>\n<p><strong>CONDIVISIONE<\/strong><br \/>\n&#8220;<em>La condivisione, per me, \u00e8 un atto di generosit\u00e0 e apertura. \u00c8 l\u2019arte di donare parte di s\u00e9 agli altri, sia esso tempo, esperienze, pensieri o emozioni. Condividere significa creare un ponte tra le persone, tessendo legami pi\u00f9 forti e autentic<\/em>i&#8221;<\/p>\n<p><strong>CONFRONTO<\/strong><br \/>\n<em>&#8220;Il confronto \u00e8 un momento di verit\u00e0 e crescita. \u00c8 il coraggio di mettere in discussione le proprie convinzioni e ascoltare quelle altrui, con rispetto e apertura mentale. \u00c8 un processo che richiede umilt\u00e0 e sincerit\u00e0, dove le divergenze diventano opportunit\u00e0 per arricchirsi reciprocamente&#8221;<\/em><\/p>\n<p><strong>CRESCITA<\/strong><br \/>\n<em>&#8220;La crescita \u00e8 un viaggio continuo e dinamico. \u00c8 la trasformazione che avviene dentro di noi mentre affrontiamo le sfide della vita, impariamo dai nostri errori e celebriamo i nostri successi. \u00c8 l\u2019espansione delle nostre capacit\u00e0, la maturazione delle nostre emozioni e la profondit\u00e0 della nostra comprensione del mondo&#8221;<\/em><\/p>\n<p><strong>CURIOSIT\u00c0<\/strong><br \/>\n&#8220;<em>La curiosit\u00e0 \u00e8 il motore della mia esistenza. \u00c8 quella scintilla che accende il desiderio di esplorare, scoprire e comprendere. \u00c8 il piacere di perdersi in un libro, di fare domande senza paura, di sperimentare senza pregiudizi.\u00a0 La curiosit\u00e0 \u00e8 la forza che spinge verso l\u2019ignoto, che rende ogni giornata un\u2019avventura e ogni scoperta una conquista&#8221;<\/em><\/p>\n<p><strong>CONOSCENZA<\/strong><br \/>\n<em>&#8220;La conoscenza \u00e8 un tesoro senza confini. \u00c8 l\u2019accumulo di esperienze, informazioni e intuizioni che formano la base della nostra comprensione del mondo e di noi stessi. \u00c8 la luce che rischiara l\u2019ignoranza, il filo che unisce passato, presente e futuro&#8221;<\/em><\/p>\n<p><strong>CULTURA<\/strong><br \/>\n&#8220;<em>La cultura \u00e8 l\u2019anima di una comunit\u00e0. \u00c8 l\u2019insieme di valori, tradizioni, arti e saperi che definiscono l\u2019identit\u00e0 di un popolo. \u00c8 il racconto delle nostre radici e il terreno fertile su cui costruire il futuro. La cultura \u00e8 il riflesso delle nostre aspirazioni e delle nostre paure, un patrimonio collettivo che ci insegna a comprendere e rispettare la diversit\u00e0<\/em>&#8221;<\/p>\n<p><strong>Camilla CORVAIA<\/strong> di Ferentino (FR) &#8211; Assoc. Fotog. Frosinone Onlus, EFI, SMF<\/p>\n<div id='gallery-1' class='gallery galleryid-12990 gallery-columns-3 gallery-size-large'><figure class='gallery-item'>\n\t\t\t<div class='gallery-icon landscape'>\n\t\t\t\t<a href=\"https:\/\/fiaf.net\/nazionale\/wp-content\/uploads\/sites\/22\/2025\/07\/post-people-benvenuto_fiaf_2025_25.jpg\"><img loading=\"lazy\" decoding=\"async\" width=\"1024\" height=\"1024\" src=\"https:\/\/fiaf.net\/nazionale\/wp-content\/uploads\/sites\/22\/2025\/07\/post-people-benvenuto_fiaf_2025_25-1024x1024.jpg\" class=\"attachment-large size-large\" alt=\"\" aria-describedby=\"gallery-1-13017\" srcset=\"https:\/\/fiaf.net\/nazionale\/wp-content\/uploads\/sites\/22\/2025\/07\/post-people-benvenuto_fiaf_2025_25-1024x1024.jpg 1024w, https:\/\/fiaf.net\/nazionale\/wp-content\/uploads\/sites\/22\/2025\/07\/post-people-benvenuto_fiaf_2025_25-300x300.jpg 300w, https:\/\/fiaf.net\/nazionale\/wp-content\/uploads\/sites\/22\/2025\/07\/post-people-benvenuto_fiaf_2025_25-150x150.jpg 150w, https:\/\/fiaf.net\/nazionale\/wp-content\/uploads\/sites\/22\/2025\/07\/post-people-benvenuto_fiaf_2025_25-768x768.jpg 768w, https:\/\/fiaf.net\/nazionale\/wp-content\/uploads\/sites\/22\/2025\/07\/post-people-benvenuto_fiaf_2025_25.jpg 1389w\" sizes=\"auto, (max-width: 1024px) 100vw, 1024px\" \/><\/a>\n\t\t\t<\/div>\n\t\t\t\t<figcaption class='wp-caption-text gallery-caption' id='gallery-1-13017'>\n\t\t\t\tCORVAIA Camilla di Ferentino (FR) &#8211; Assoc. Fotog. Frosinone Onlus, EFI, SMF\n\t\t\t\t<\/figcaption><\/figure><figure class='gallery-item'>\n\t\t\t<div class='gallery-icon landscape'>\n\t\t\t\t<a href=\"https:\/\/fiaf.net\/nazionale\/wp-content\/uploads\/sites\/22\/2025\/07\/post-people-benvenuto_fiaf_2025_.jpg\"><img loading=\"lazy\" decoding=\"async\" width=\"1024\" height=\"1024\" src=\"https:\/\/fiaf.net\/nazionale\/wp-content\/uploads\/sites\/22\/2025\/07\/post-people-benvenuto_fiaf_2025_-1024x1024.jpg\" class=\"attachment-large size-large\" alt=\"\" aria-describedby=\"gallery-1-12993\" srcset=\"https:\/\/fiaf.net\/nazionale\/wp-content\/uploads\/sites\/22\/2025\/07\/post-people-benvenuto_fiaf_2025_-1024x1024.jpg 1024w, https:\/\/fiaf.net\/nazionale\/wp-content\/uploads\/sites\/22\/2025\/07\/post-people-benvenuto_fiaf_2025_-300x300.jpg 300w, https:\/\/fiaf.net\/nazionale\/wp-content\/uploads\/sites\/22\/2025\/07\/post-people-benvenuto_fiaf_2025_-150x150.jpg 150w, https:\/\/fiaf.net\/nazionale\/wp-content\/uploads\/sites\/22\/2025\/07\/post-people-benvenuto_fiaf_2025_-768x768.jpg 768w, https:\/\/fiaf.net\/nazionale\/wp-content\/uploads\/sites\/22\/2025\/07\/post-people-benvenuto_fiaf_2025_.jpg 1389w\" sizes=\"auto, (max-width: 1024px) 100vw, 1024px\" \/><\/a>\n\t\t\t<\/div>\n\t\t\t\t<figcaption class='wp-caption-text gallery-caption' id='gallery-1-12993'>\n\t\t\t\tARRIGO Alessandro di San Giorgio a Cremano (NA) &#8211; Associazione Flegrea Photo, BFI\n\t\t\t\t<\/figcaption><\/figure><figure class='gallery-item'>\n\t\t\t<div class='gallery-icon landscape'>\n\t\t\t\t<a href=\"https:\/\/fiaf.net\/nazionale\/wp-content\/uploads\/sites\/22\/2025\/07\/post-people-benvenuto_fiaf_2025_2.jpg\"><img loading=\"lazy\" decoding=\"async\" width=\"1024\" height=\"1024\" src=\"https:\/\/fiaf.net\/nazionale\/wp-content\/uploads\/sites\/22\/2025\/07\/post-people-benvenuto_fiaf_2025_2-1024x1024.jpg\" class=\"attachment-large size-large\" alt=\"\" aria-describedby=\"gallery-1-12994\" srcset=\"https:\/\/fiaf.net\/nazionale\/wp-content\/uploads\/sites\/22\/2025\/07\/post-people-benvenuto_fiaf_2025_2-1024x1024.jpg 1024w, https:\/\/fiaf.net\/nazionale\/wp-content\/uploads\/sites\/22\/2025\/07\/post-people-benvenuto_fiaf_2025_2-300x300.jpg 300w, https:\/\/fiaf.net\/nazionale\/wp-content\/uploads\/sites\/22\/2025\/07\/post-people-benvenuto_fiaf_2025_2-150x150.jpg 150w, https:\/\/fiaf.net\/nazionale\/wp-content\/uploads\/sites\/22\/2025\/07\/post-people-benvenuto_fiaf_2025_2-768x768.jpg 768w, https:\/\/fiaf.net\/nazionale\/wp-content\/uploads\/sites\/22\/2025\/07\/post-people-benvenuto_fiaf_2025_2.jpg 1389w\" sizes=\"auto, (max-width: 1024px) 100vw, 1024px\" \/><\/a>\n\t\t\t<\/div>\n\t\t\t\t<figcaption class='wp-caption-text gallery-caption' id='gallery-1-12994'>\n\t\t\t\tBENEDETTI Alberto di Follonica (GR) &#8211; Fotoclub Follonica, BFI\n\t\t\t\t<\/figcaption><\/figure><figure class='gallery-item'>\n\t\t\t<div class='gallery-icon landscape'>\n\t\t\t\t<a href=\"https:\/\/fiaf.net\/nazionale\/wp-content\/uploads\/sites\/22\/2025\/07\/post-people-benvenuto_fiaf_2025_3.jpg\"><img loading=\"lazy\" decoding=\"async\" width=\"1024\" height=\"1024\" src=\"https:\/\/fiaf.net\/nazionale\/wp-content\/uploads\/sites\/22\/2025\/07\/post-people-benvenuto_fiaf_2025_3-1024x1024.jpg\" class=\"attachment-large size-large\" alt=\"\" aria-describedby=\"gallery-1-12995\" srcset=\"https:\/\/fiaf.net\/nazionale\/wp-content\/uploads\/sites\/22\/2025\/07\/post-people-benvenuto_fiaf_2025_3-1024x1024.jpg 1024w, https:\/\/fiaf.net\/nazionale\/wp-content\/uploads\/sites\/22\/2025\/07\/post-people-benvenuto_fiaf_2025_3-300x300.jpg 300w, https:\/\/fiaf.net\/nazionale\/wp-content\/uploads\/sites\/22\/2025\/07\/post-people-benvenuto_fiaf_2025_3-150x150.jpg 150w, https:\/\/fiaf.net\/nazionale\/wp-content\/uploads\/sites\/22\/2025\/07\/post-people-benvenuto_fiaf_2025_3-768x768.jpg 768w, https:\/\/fiaf.net\/nazionale\/wp-content\/uploads\/sites\/22\/2025\/07\/post-people-benvenuto_fiaf_2025_3.jpg 1389w\" sizes=\"auto, (max-width: 1024px) 100vw, 1024px\" \/><\/a>\n\t\t\t<\/div>\n\t\t\t\t<figcaption class='wp-caption-text gallery-caption' id='gallery-1-12995'>\n\t\t\t\tBUCCA Teresa di Milano &#8211; Amici della FIAF\n\t\t\t\t<\/figcaption><\/figure><figure class='gallery-item'>\n\t\t\t<div class='gallery-icon landscape'>\n\t\t\t\t<a href=\"https:\/\/fiaf.net\/nazionale\/wp-content\/uploads\/sites\/22\/2025\/07\/post-people-benvenuto_fiaf_2025_4.jpg\"><img loading=\"lazy\" decoding=\"async\" width=\"1024\" height=\"1024\" src=\"https:\/\/fiaf.net\/nazionale\/wp-content\/uploads\/sites\/22\/2025\/07\/post-people-benvenuto_fiaf_2025_4-1024x1024.jpg\" class=\"attachment-large size-large\" alt=\"\" aria-describedby=\"gallery-1-12996\" srcset=\"https:\/\/fiaf.net\/nazionale\/wp-content\/uploads\/sites\/22\/2025\/07\/post-people-benvenuto_fiaf_2025_4-1024x1024.jpg 1024w, https:\/\/fiaf.net\/nazionale\/wp-content\/uploads\/sites\/22\/2025\/07\/post-people-benvenuto_fiaf_2025_4-300x300.jpg 300w, https:\/\/fiaf.net\/nazionale\/wp-content\/uploads\/sites\/22\/2025\/07\/post-people-benvenuto_fiaf_2025_4-150x150.jpg 150w, https:\/\/fiaf.net\/nazionale\/wp-content\/uploads\/sites\/22\/2025\/07\/post-people-benvenuto_fiaf_2025_4-768x768.jpg 768w, https:\/\/fiaf.net\/nazionale\/wp-content\/uploads\/sites\/22\/2025\/07\/post-people-benvenuto_fiaf_2025_4.jpg 1389w\" sizes=\"auto, (max-width: 1024px) 100vw, 1024px\" \/><\/a>\n\t\t\t<\/div>\n\t\t\t\t<figcaption class='wp-caption-text gallery-caption' id='gallery-1-12996'>\n\t\t\t\tCANNAV\u00d2 Luciano Maria di Catania \u2013 Gruppo Fotografico Le Gru, EFI\n\t\t\t\t<\/figcaption><\/figure><figure class='gallery-item'>\n\t\t\t<div class='gallery-icon landscape'>\n\t\t\t\t<a href=\"https:\/\/fiaf.net\/nazionale\/wp-content\/uploads\/sites\/22\/2025\/07\/post-people-benvenuto_fiaf_2025_5.jpg\"><img loading=\"lazy\" decoding=\"async\" width=\"1024\" height=\"1024\" src=\"https:\/\/fiaf.net\/nazionale\/wp-content\/uploads\/sites\/22\/2025\/07\/post-people-benvenuto_fiaf_2025_5-1024x1024.jpg\" class=\"attachment-large size-large\" alt=\"\" aria-describedby=\"gallery-1-12997\" srcset=\"https:\/\/fiaf.net\/nazionale\/wp-content\/uploads\/sites\/22\/2025\/07\/post-people-benvenuto_fiaf_2025_5-1024x1024.jpg 1024w, https:\/\/fiaf.net\/nazionale\/wp-content\/uploads\/sites\/22\/2025\/07\/post-people-benvenuto_fiaf_2025_5-300x300.jpg 300w, https:\/\/fiaf.net\/nazionale\/wp-content\/uploads\/sites\/22\/2025\/07\/post-people-benvenuto_fiaf_2025_5-150x150.jpg 150w, https:\/\/fiaf.net\/nazionale\/wp-content\/uploads\/sites\/22\/2025\/07\/post-people-benvenuto_fiaf_2025_5-768x768.jpg 768w, https:\/\/fiaf.net\/nazionale\/wp-content\/uploads\/sites\/22\/2025\/07\/post-people-benvenuto_fiaf_2025_5.jpg 1389w\" sizes=\"auto, (max-width: 1024px) 100vw, 1024px\" \/><\/a>\n\t\t\t<\/div>\n\t\t\t\t<figcaption class='wp-caption-text gallery-caption' id='gallery-1-12997'>\n\t\t\t\tCAPPELLINI Marina di Moneglia (GE) &#8211; Carpe Diem  A. Promoz. Soc. e Culturale\n\t\t\t\t<\/figcaption><\/figure><figure class='gallery-item'>\n\t\t\t<div class='gallery-icon landscape'>\n\t\t\t\t<a href=\"https:\/\/fiaf.net\/nazionale\/wp-content\/uploads\/sites\/22\/2025\/07\/post-people-benvenuto_fiaf_2025_6.jpg\"><img loading=\"lazy\" decoding=\"async\" width=\"1024\" height=\"1024\" src=\"https:\/\/fiaf.net\/nazionale\/wp-content\/uploads\/sites\/22\/2025\/07\/post-people-benvenuto_fiaf_2025_6-1024x1024.jpg\" class=\"attachment-large size-large\" alt=\"\" aria-describedby=\"gallery-1-12998\" srcset=\"https:\/\/fiaf.net\/nazionale\/wp-content\/uploads\/sites\/22\/2025\/07\/post-people-benvenuto_fiaf_2025_6-1024x1024.jpg 1024w, https:\/\/fiaf.net\/nazionale\/wp-content\/uploads\/sites\/22\/2025\/07\/post-people-benvenuto_fiaf_2025_6-300x300.jpg 300w, https:\/\/fiaf.net\/nazionale\/wp-content\/uploads\/sites\/22\/2025\/07\/post-people-benvenuto_fiaf_2025_6-150x150.jpg 150w, https:\/\/fiaf.net\/nazionale\/wp-content\/uploads\/sites\/22\/2025\/07\/post-people-benvenuto_fiaf_2025_6-768x768.jpg 768w, https:\/\/fiaf.net\/nazionale\/wp-content\/uploads\/sites\/22\/2025\/07\/post-people-benvenuto_fiaf_2025_6.jpg 1389w\" sizes=\"auto, (max-width: 1024px) 100vw, 1024px\" \/><\/a>\n\t\t\t<\/div>\n\t\t\t\t<figcaption class='wp-caption-text gallery-caption' id='gallery-1-12998'>\n\t\t\t\tCATANZARITI Michele Matteo di Cosenza &#8211; Amici della FIAF\n\t\t\t\t<\/figcaption><\/figure><figure class='gallery-item'>\n\t\t\t<div class='gallery-icon landscape'>\n\t\t\t\t<a href=\"https:\/\/fiaf.net\/nazionale\/wp-content\/uploads\/sites\/22\/2025\/07\/post-people-benvenuto_fiaf_2025_7.jpg\"><img loading=\"lazy\" decoding=\"async\" width=\"1024\" height=\"1024\" src=\"https:\/\/fiaf.net\/nazionale\/wp-content\/uploads\/sites\/22\/2025\/07\/post-people-benvenuto_fiaf_2025_7-1024x1024.jpg\" class=\"attachment-large size-large\" alt=\"\" aria-describedby=\"gallery-1-12999\" srcset=\"https:\/\/fiaf.net\/nazionale\/wp-content\/uploads\/sites\/22\/2025\/07\/post-people-benvenuto_fiaf_2025_7-1024x1024.jpg 1024w, https:\/\/fiaf.net\/nazionale\/wp-content\/uploads\/sites\/22\/2025\/07\/post-people-benvenuto_fiaf_2025_7-300x300.jpg 300w, https:\/\/fiaf.net\/nazionale\/wp-content\/uploads\/sites\/22\/2025\/07\/post-people-benvenuto_fiaf_2025_7-150x150.jpg 150w, https:\/\/fiaf.net\/nazionale\/wp-content\/uploads\/sites\/22\/2025\/07\/post-people-benvenuto_fiaf_2025_7-768x768.jpg 768w, https:\/\/fiaf.net\/nazionale\/wp-content\/uploads\/sites\/22\/2025\/07\/post-people-benvenuto_fiaf_2025_7.jpg 1389w\" sizes=\"auto, (max-width: 1024px) 100vw, 1024px\" \/><\/a>\n\t\t\t<\/div>\n\t\t\t\t<figcaption class='wp-caption-text gallery-caption' id='gallery-1-12999'>\n\t\t\t\tD\u2019APICE Massimo di Viggi\u00f9 (VA) &#8211; AF 35 MM\n\t\t\t\t<\/figcaption><\/figure><figure class='gallery-item'>\n\t\t\t<div class='gallery-icon landscape'>\n\t\t\t\t<a href=\"https:\/\/fiaf.net\/nazionale\/wp-content\/uploads\/sites\/22\/2025\/07\/post-people-benvenuto_fiaf_2025_8.jpg\"><img loading=\"lazy\" decoding=\"async\" width=\"1024\" height=\"1024\" src=\"https:\/\/fiaf.net\/nazionale\/wp-content\/uploads\/sites\/22\/2025\/07\/post-people-benvenuto_fiaf_2025_8-1024x1024.jpg\" class=\"attachment-large size-large\" alt=\"\" aria-describedby=\"gallery-1-13000\" srcset=\"https:\/\/fiaf.net\/nazionale\/wp-content\/uploads\/sites\/22\/2025\/07\/post-people-benvenuto_fiaf_2025_8-1024x1024.jpg 1024w, https:\/\/fiaf.net\/nazionale\/wp-content\/uploads\/sites\/22\/2025\/07\/post-people-benvenuto_fiaf_2025_8-300x300.jpg 300w, https:\/\/fiaf.net\/nazionale\/wp-content\/uploads\/sites\/22\/2025\/07\/post-people-benvenuto_fiaf_2025_8-150x150.jpg 150w, https:\/\/fiaf.net\/nazionale\/wp-content\/uploads\/sites\/22\/2025\/07\/post-people-benvenuto_fiaf_2025_8-768x768.jpg 768w, https:\/\/fiaf.net\/nazionale\/wp-content\/uploads\/sites\/22\/2025\/07\/post-people-benvenuto_fiaf_2025_8.jpg 1389w\" sizes=\"auto, (max-width: 1024px) 100vw, 1024px\" \/><\/a>\n\t\t\t<\/div>\n\t\t\t\t<figcaption class='wp-caption-text gallery-caption' id='gallery-1-13000'>\n\t\t\t\tDE PANTZ Stefano di Verona &#8211; Circolo Fotografico Veronese, BFI\n\t\t\t\t<\/figcaption><\/figure><figure class='gallery-item'>\n\t\t\t<div class='gallery-icon landscape'>\n\t\t\t\t<a href=\"https:\/\/fiaf.net\/nazionale\/wp-content\/uploads\/sites\/22\/2025\/07\/post-people-benvenuto_fiaf_2025_9.jpg\"><img loading=\"lazy\" decoding=\"async\" width=\"1024\" height=\"1024\" src=\"https:\/\/fiaf.net\/nazionale\/wp-content\/uploads\/sites\/22\/2025\/07\/post-people-benvenuto_fiaf_2025_9-1024x1024.jpg\" class=\"attachment-large size-large\" alt=\"\" aria-describedby=\"gallery-1-13001\" srcset=\"https:\/\/fiaf.net\/nazionale\/wp-content\/uploads\/sites\/22\/2025\/07\/post-people-benvenuto_fiaf_2025_9-1024x1024.jpg 1024w, https:\/\/fiaf.net\/nazionale\/wp-content\/uploads\/sites\/22\/2025\/07\/post-people-benvenuto_fiaf_2025_9-300x300.jpg 300w, https:\/\/fiaf.net\/nazionale\/wp-content\/uploads\/sites\/22\/2025\/07\/post-people-benvenuto_fiaf_2025_9-150x150.jpg 150w, https:\/\/fiaf.net\/nazionale\/wp-content\/uploads\/sites\/22\/2025\/07\/post-people-benvenuto_fiaf_2025_9-768x768.jpg 768w, https:\/\/fiaf.net\/nazionale\/wp-content\/uploads\/sites\/22\/2025\/07\/post-people-benvenuto_fiaf_2025_9.jpg 1389w\" sizes=\"auto, (max-width: 1024px) 100vw, 1024px\" \/><\/a>\n\t\t\t<\/div>\n\t\t\t\t<figcaption class='wp-caption-text gallery-caption' id='gallery-1-13001'>\n\t\t\t\tDE SANTIS Isabella di Bari &#8211; Kaleidos Ass. Cine Fotografica\n\t\t\t\t<\/figcaption><\/figure><figure class='gallery-item'>\n\t\t\t<div class='gallery-icon landscape'>\n\t\t\t\t<a href=\"https:\/\/fiaf.net\/nazionale\/wp-content\/uploads\/sites\/22\/2025\/07\/post-people-benvenuto_fiaf_2025_10.jpg\"><img loading=\"lazy\" decoding=\"async\" width=\"1024\" height=\"1024\" src=\"https:\/\/fiaf.net\/nazionale\/wp-content\/uploads\/sites\/22\/2025\/07\/post-people-benvenuto_fiaf_2025_10-1024x1024.jpg\" class=\"attachment-large size-large\" alt=\"\" aria-describedby=\"gallery-1-13002\" srcset=\"https:\/\/fiaf.net\/nazionale\/wp-content\/uploads\/sites\/22\/2025\/07\/post-people-benvenuto_fiaf_2025_10-1024x1024.jpg 1024w, https:\/\/fiaf.net\/nazionale\/wp-content\/uploads\/sites\/22\/2025\/07\/post-people-benvenuto_fiaf_2025_10-300x300.jpg 300w, https:\/\/fiaf.net\/nazionale\/wp-content\/uploads\/sites\/22\/2025\/07\/post-people-benvenuto_fiaf_2025_10-150x150.jpg 150w, https:\/\/fiaf.net\/nazionale\/wp-content\/uploads\/sites\/22\/2025\/07\/post-people-benvenuto_fiaf_2025_10-768x768.jpg 768w, https:\/\/fiaf.net\/nazionale\/wp-content\/uploads\/sites\/22\/2025\/07\/post-people-benvenuto_fiaf_2025_10.jpg 1389w\" sizes=\"auto, (max-width: 1024px) 100vw, 1024px\" \/><\/a>\n\t\t\t<\/div>\n\t\t\t\t<figcaption class='wp-caption-text gallery-caption' id='gallery-1-13002'>\n\t\t\t\tDIAN Valerio di Saonara (PD) &#8211; Gruppo Fotografico Decumano VI\u00b0\n\t\t\t\t<\/figcaption><\/figure><figure class='gallery-item'>\n\t\t\t<div class='gallery-icon landscape'>\n\t\t\t\t<a href=\"https:\/\/fiaf.net\/nazionale\/wp-content\/uploads\/sites\/22\/2025\/07\/post-people-benvenuto_fiaf_2025_11.jpg\"><img loading=\"lazy\" decoding=\"async\" width=\"1024\" height=\"1024\" src=\"https:\/\/fiaf.net\/nazionale\/wp-content\/uploads\/sites\/22\/2025\/07\/post-people-benvenuto_fiaf_2025_11-1024x1024.jpg\" class=\"attachment-large size-large\" alt=\"\" aria-describedby=\"gallery-1-13003\" srcset=\"https:\/\/fiaf.net\/nazionale\/wp-content\/uploads\/sites\/22\/2025\/07\/post-people-benvenuto_fiaf_2025_11-1024x1024.jpg 1024w, https:\/\/fiaf.net\/nazionale\/wp-content\/uploads\/sites\/22\/2025\/07\/post-people-benvenuto_fiaf_2025_11-300x300.jpg 300w, https:\/\/fiaf.net\/nazionale\/wp-content\/uploads\/sites\/22\/2025\/07\/post-people-benvenuto_fiaf_2025_11-150x150.jpg 150w, https:\/\/fiaf.net\/nazionale\/wp-content\/uploads\/sites\/22\/2025\/07\/post-people-benvenuto_fiaf_2025_11-768x768.jpg 768w, https:\/\/fiaf.net\/nazionale\/wp-content\/uploads\/sites\/22\/2025\/07\/post-people-benvenuto_fiaf_2025_11.jpg 1389w\" sizes=\"auto, (max-width: 1024px) 100vw, 1024px\" \/><\/a>\n\t\t\t<\/div>\n\t\t\t\t<figcaption class='wp-caption-text gallery-caption' id='gallery-1-13003'>\n\t\t\t\tFIORENTINI Angelica di Ardea (RM) &#8211; Assoc. Fotog. Frosinone Onlus, EFI, SMF\n\t\t\t\t<\/figcaption><\/figure><figure class='gallery-item'>\n\t\t\t<div class='gallery-icon landscape'>\n\t\t\t\t<a href=\"https:\/\/fiaf.net\/nazionale\/wp-content\/uploads\/sites\/22\/2025\/07\/post-people-benvenuto_fiaf_2025_12.jpg\"><img loading=\"lazy\" decoding=\"async\" width=\"1024\" height=\"1024\" src=\"https:\/\/fiaf.net\/nazionale\/wp-content\/uploads\/sites\/22\/2025\/07\/post-people-benvenuto_fiaf_2025_12-1024x1024.jpg\" class=\"attachment-large size-large\" alt=\"\" aria-describedby=\"gallery-1-13004\" srcset=\"https:\/\/fiaf.net\/nazionale\/wp-content\/uploads\/sites\/22\/2025\/07\/post-people-benvenuto_fiaf_2025_12-1024x1024.jpg 1024w, https:\/\/fiaf.net\/nazionale\/wp-content\/uploads\/sites\/22\/2025\/07\/post-people-benvenuto_fiaf_2025_12-300x300.jpg 300w, https:\/\/fiaf.net\/nazionale\/wp-content\/uploads\/sites\/22\/2025\/07\/post-people-benvenuto_fiaf_2025_12-150x150.jpg 150w, https:\/\/fiaf.net\/nazionale\/wp-content\/uploads\/sites\/22\/2025\/07\/post-people-benvenuto_fiaf_2025_12-768x768.jpg 768w, https:\/\/fiaf.net\/nazionale\/wp-content\/uploads\/sites\/22\/2025\/07\/post-people-benvenuto_fiaf_2025_12.jpg 1389w\" sizes=\"auto, (max-width: 1024px) 100vw, 1024px\" \/><\/a>\n\t\t\t<\/div>\n\t\t\t\t<figcaption class='wp-caption-text gallery-caption' id='gallery-1-13004'>\n\t\t\t\tFRANZESE Andreina di Frosinone &#8211; Assoc. Fotog. Frosinone Onlus, EFI, SMF\n\t\t\t\t<\/figcaption><\/figure><figure class='gallery-item'>\n\t\t\t<div class='gallery-icon landscape'>\n\t\t\t\t<a href=\"https:\/\/fiaf.net\/nazionale\/wp-content\/uploads\/sites\/22\/2025\/07\/post-people-benvenuto_fiaf_2025_13.jpg\"><img loading=\"lazy\" decoding=\"async\" width=\"1024\" height=\"1024\" src=\"https:\/\/fiaf.net\/nazionale\/wp-content\/uploads\/sites\/22\/2025\/07\/post-people-benvenuto_fiaf_2025_13-1024x1024.jpg\" class=\"attachment-large size-large\" alt=\"\" aria-describedby=\"gallery-1-13005\" srcset=\"https:\/\/fiaf.net\/nazionale\/wp-content\/uploads\/sites\/22\/2025\/07\/post-people-benvenuto_fiaf_2025_13-1024x1024.jpg 1024w, https:\/\/fiaf.net\/nazionale\/wp-content\/uploads\/sites\/22\/2025\/07\/post-people-benvenuto_fiaf_2025_13-300x300.jpg 300w, https:\/\/fiaf.net\/nazionale\/wp-content\/uploads\/sites\/22\/2025\/07\/post-people-benvenuto_fiaf_2025_13-150x150.jpg 150w, https:\/\/fiaf.net\/nazionale\/wp-content\/uploads\/sites\/22\/2025\/07\/post-people-benvenuto_fiaf_2025_13-768x768.jpg 768w, https:\/\/fiaf.net\/nazionale\/wp-content\/uploads\/sites\/22\/2025\/07\/post-people-benvenuto_fiaf_2025_13.jpg 1389w\" sizes=\"auto, (max-width: 1024px) 100vw, 1024px\" \/><\/a>\n\t\t\t<\/div>\n\t\t\t\t<figcaption class='wp-caption-text gallery-caption' id='gallery-1-13005'>\n\t\t\t\tLEO Adriana Luigia di Ostuni (BR) &#8211; Associazione Occhio Fotografico\n\t\t\t\t<\/figcaption><\/figure><figure class='gallery-item'>\n\t\t\t<div class='gallery-icon landscape'>\n\t\t\t\t<a href=\"https:\/\/fiaf.net\/nazionale\/wp-content\/uploads\/sites\/22\/2025\/07\/post-people-benvenuto_fiaf_2025_14.jpg\"><img loading=\"lazy\" decoding=\"async\" width=\"1024\" height=\"1024\" src=\"https:\/\/fiaf.net\/nazionale\/wp-content\/uploads\/sites\/22\/2025\/07\/post-people-benvenuto_fiaf_2025_14-1024x1024.jpg\" class=\"attachment-large size-large\" alt=\"\" aria-describedby=\"gallery-1-13006\" srcset=\"https:\/\/fiaf.net\/nazionale\/wp-content\/uploads\/sites\/22\/2025\/07\/post-people-benvenuto_fiaf_2025_14-1024x1024.jpg 1024w, https:\/\/fiaf.net\/nazionale\/wp-content\/uploads\/sites\/22\/2025\/07\/post-people-benvenuto_fiaf_2025_14-300x300.jpg 300w, https:\/\/fiaf.net\/nazionale\/wp-content\/uploads\/sites\/22\/2025\/07\/post-people-benvenuto_fiaf_2025_14-150x150.jpg 150w, https:\/\/fiaf.net\/nazionale\/wp-content\/uploads\/sites\/22\/2025\/07\/post-people-benvenuto_fiaf_2025_14-768x768.jpg 768w, https:\/\/fiaf.net\/nazionale\/wp-content\/uploads\/sites\/22\/2025\/07\/post-people-benvenuto_fiaf_2025_14.jpg 1389w\" sizes=\"auto, (max-width: 1024px) 100vw, 1024px\" \/><\/a>\n\t\t\t<\/div>\n\t\t\t\t<figcaption class='wp-caption-text gallery-caption' id='gallery-1-13006'>\n\t\t\t\tMASCIOTTI Matteo di Foligno &#8211; Ass. Officine Creative Italiane\n\t\t\t\t<\/figcaption><\/figure><figure class='gallery-item'>\n\t\t\t<div class='gallery-icon landscape'>\n\t\t\t\t<a href=\"https:\/\/fiaf.net\/nazionale\/wp-content\/uploads\/sites\/22\/2025\/07\/post-people-benvenuto_fiaf_2025_15.jpg\"><img loading=\"lazy\" decoding=\"async\" width=\"1024\" height=\"1024\" src=\"https:\/\/fiaf.net\/nazionale\/wp-content\/uploads\/sites\/22\/2025\/07\/post-people-benvenuto_fiaf_2025_15-1024x1024.jpg\" class=\"attachment-large size-large\" alt=\"\" aria-describedby=\"gallery-1-13007\" srcset=\"https:\/\/fiaf.net\/nazionale\/wp-content\/uploads\/sites\/22\/2025\/07\/post-people-benvenuto_fiaf_2025_15-1024x1024.jpg 1024w, https:\/\/fiaf.net\/nazionale\/wp-content\/uploads\/sites\/22\/2025\/07\/post-people-benvenuto_fiaf_2025_15-300x300.jpg 300w, https:\/\/fiaf.net\/nazionale\/wp-content\/uploads\/sites\/22\/2025\/07\/post-people-benvenuto_fiaf_2025_15-150x150.jpg 150w, https:\/\/fiaf.net\/nazionale\/wp-content\/uploads\/sites\/22\/2025\/07\/post-people-benvenuto_fiaf_2025_15-768x768.jpg 768w, https:\/\/fiaf.net\/nazionale\/wp-content\/uploads\/sites\/22\/2025\/07\/post-people-benvenuto_fiaf_2025_15.jpg 1389w\" sizes=\"auto, (max-width: 1024px) 100vw, 1024px\" \/><\/a>\n\t\t\t<\/div>\n\t\t\t\t<figcaption class='wp-caption-text gallery-caption' id='gallery-1-13007'>\n\t\t\t\tMASSA Giorgia di Borzonasca (GE) &#8211; Gruppo Fotograf. DLF, EFI\n\t\t\t\t<\/figcaption><\/figure><figure class='gallery-item'>\n\t\t\t<div class='gallery-icon landscape'>\n\t\t\t\t<a href=\"https:\/\/fiaf.net\/nazionale\/wp-content\/uploads\/sites\/22\/2025\/07\/post-people-benvenuto_fiaf_2025_16.jpg\"><img loading=\"lazy\" decoding=\"async\" width=\"1024\" height=\"1024\" src=\"https:\/\/fiaf.net\/nazionale\/wp-content\/uploads\/sites\/22\/2025\/07\/post-people-benvenuto_fiaf_2025_16-1024x1024.jpg\" class=\"attachment-large size-large\" alt=\"\" aria-describedby=\"gallery-1-13008\" srcset=\"https:\/\/fiaf.net\/nazionale\/wp-content\/uploads\/sites\/22\/2025\/07\/post-people-benvenuto_fiaf_2025_16-1024x1024.jpg 1024w, https:\/\/fiaf.net\/nazionale\/wp-content\/uploads\/sites\/22\/2025\/07\/post-people-benvenuto_fiaf_2025_16-300x300.jpg 300w, https:\/\/fiaf.net\/nazionale\/wp-content\/uploads\/sites\/22\/2025\/07\/post-people-benvenuto_fiaf_2025_16-150x150.jpg 150w, https:\/\/fiaf.net\/nazionale\/wp-content\/uploads\/sites\/22\/2025\/07\/post-people-benvenuto_fiaf_2025_16-768x768.jpg 768w, https:\/\/fiaf.net\/nazionale\/wp-content\/uploads\/sites\/22\/2025\/07\/post-people-benvenuto_fiaf_2025_16.jpg 1389w\" sizes=\"auto, (max-width: 1024px) 100vw, 1024px\" \/><\/a>\n\t\t\t<\/div>\n\t\t\t\t<figcaption class='wp-caption-text gallery-caption' id='gallery-1-13008'>\n\t\t\t\tMATTUCCI Francesca di Ortona (CH) &#8211; Ass. Fot. Scrivere con La Luce Pescara\n\t\t\t\t<\/figcaption><\/figure><figure class='gallery-item'>\n\t\t\t<div class='gallery-icon landscape'>\n\t\t\t\t<a href=\"https:\/\/fiaf.net\/nazionale\/wp-content\/uploads\/sites\/22\/2025\/07\/post-people-benvenuto_fiaf_2025_17.jpg\"><img loading=\"lazy\" decoding=\"async\" width=\"1024\" height=\"1024\" src=\"https:\/\/fiaf.net\/nazionale\/wp-content\/uploads\/sites\/22\/2025\/07\/post-people-benvenuto_fiaf_2025_17-1024x1024.jpg\" class=\"attachment-large size-large\" alt=\"\" aria-describedby=\"gallery-1-13009\" srcset=\"https:\/\/fiaf.net\/nazionale\/wp-content\/uploads\/sites\/22\/2025\/07\/post-people-benvenuto_fiaf_2025_17-1024x1024.jpg 1024w, https:\/\/fiaf.net\/nazionale\/wp-content\/uploads\/sites\/22\/2025\/07\/post-people-benvenuto_fiaf_2025_17-300x300.jpg 300w, https:\/\/fiaf.net\/nazionale\/wp-content\/uploads\/sites\/22\/2025\/07\/post-people-benvenuto_fiaf_2025_17-150x150.jpg 150w, https:\/\/fiaf.net\/nazionale\/wp-content\/uploads\/sites\/22\/2025\/07\/post-people-benvenuto_fiaf_2025_17-768x768.jpg 768w, https:\/\/fiaf.net\/nazionale\/wp-content\/uploads\/sites\/22\/2025\/07\/post-people-benvenuto_fiaf_2025_17.jpg 1389w\" sizes=\"auto, (max-width: 1024px) 100vw, 1024px\" \/><\/a>\n\t\t\t<\/div>\n\t\t\t\t<figcaption class='wp-caption-text gallery-caption' id='gallery-1-13009'>\n\t\t\t\tORECCHIA Maria di Bologna &#8211; Amici della FIAF\n\t\t\t\t<\/figcaption><\/figure><figure class='gallery-item'>\n\t\t\t<div class='gallery-icon landscape'>\n\t\t\t\t<a href=\"https:\/\/fiaf.net\/nazionale\/wp-content\/uploads\/sites\/22\/2025\/07\/post-people-benvenuto_fiaf_2025_18.jpg\"><img loading=\"lazy\" decoding=\"async\" width=\"1024\" height=\"1024\" src=\"https:\/\/fiaf.net\/nazionale\/wp-content\/uploads\/sites\/22\/2025\/07\/post-people-benvenuto_fiaf_2025_18-1024x1024.jpg\" class=\"attachment-large size-large\" alt=\"\" aria-describedby=\"gallery-1-13010\" srcset=\"https:\/\/fiaf.net\/nazionale\/wp-content\/uploads\/sites\/22\/2025\/07\/post-people-benvenuto_fiaf_2025_18-1024x1024.jpg 1024w, https:\/\/fiaf.net\/nazionale\/wp-content\/uploads\/sites\/22\/2025\/07\/post-people-benvenuto_fiaf_2025_18-300x300.jpg 300w, https:\/\/fiaf.net\/nazionale\/wp-content\/uploads\/sites\/22\/2025\/07\/post-people-benvenuto_fiaf_2025_18-150x150.jpg 150w, https:\/\/fiaf.net\/nazionale\/wp-content\/uploads\/sites\/22\/2025\/07\/post-people-benvenuto_fiaf_2025_18-768x768.jpg 768w, https:\/\/fiaf.net\/nazionale\/wp-content\/uploads\/sites\/22\/2025\/07\/post-people-benvenuto_fiaf_2025_18.jpg 1389w\" sizes=\"auto, (max-width: 1024px) 100vw, 1024px\" \/><\/a>\n\t\t\t<\/div>\n\t\t\t\t<figcaption class='wp-caption-text gallery-caption' id='gallery-1-13010'>\n\t\t\t\tPACCAMICCIO Emanuele di Monsano (AN) &#8211; Circ. Culturale Jesino M. Ferretti, BFI\n\t\t\t\t<\/figcaption><\/figure><figure class='gallery-item'>\n\t\t\t<div class='gallery-icon landscape'>\n\t\t\t\t<a href=\"https:\/\/fiaf.net\/nazionale\/wp-content\/uploads\/sites\/22\/2025\/07\/post-people-benvenuto_fiaf_2025_19.jpg\"><img loading=\"lazy\" decoding=\"async\" width=\"1024\" height=\"1024\" src=\"https:\/\/fiaf.net\/nazionale\/wp-content\/uploads\/sites\/22\/2025\/07\/post-people-benvenuto_fiaf_2025_19-1024x1024.jpg\" class=\"attachment-large size-large\" alt=\"\" aria-describedby=\"gallery-1-13011\" srcset=\"https:\/\/fiaf.net\/nazionale\/wp-content\/uploads\/sites\/22\/2025\/07\/post-people-benvenuto_fiaf_2025_19-1024x1024.jpg 1024w, https:\/\/fiaf.net\/nazionale\/wp-content\/uploads\/sites\/22\/2025\/07\/post-people-benvenuto_fiaf_2025_19-300x300.jpg 300w, https:\/\/fiaf.net\/nazionale\/wp-content\/uploads\/sites\/22\/2025\/07\/post-people-benvenuto_fiaf_2025_19-150x150.jpg 150w, https:\/\/fiaf.net\/nazionale\/wp-content\/uploads\/sites\/22\/2025\/07\/post-people-benvenuto_fiaf_2025_19-768x768.jpg 768w, https:\/\/fiaf.net\/nazionale\/wp-content\/uploads\/sites\/22\/2025\/07\/post-people-benvenuto_fiaf_2025_19.jpg 1389w\" sizes=\"auto, (max-width: 1024px) 100vw, 1024px\" \/><\/a>\n\t\t\t<\/div>\n\t\t\t\t<figcaption class='wp-caption-text gallery-caption' id='gallery-1-13011'>\n\t\t\t\tPAVAN Stefano di Cesano Maderno (MB) &#8211; Amici della FIAF \n\t\t\t\t<\/figcaption><\/figure><figure class='gallery-item'>\n\t\t\t<div class='gallery-icon landscape'>\n\t\t\t\t<a href=\"https:\/\/fiaf.net\/nazionale\/wp-content\/uploads\/sites\/22\/2025\/07\/post-people-benvenuto_fiaf_2025_20.jpg\"><img loading=\"lazy\" decoding=\"async\" width=\"1024\" height=\"1024\" src=\"https:\/\/fiaf.net\/nazionale\/wp-content\/uploads\/sites\/22\/2025\/07\/post-people-benvenuto_fiaf_2025_20-1024x1024.jpg\" class=\"attachment-large size-large\" alt=\"\" aria-describedby=\"gallery-1-13012\" srcset=\"https:\/\/fiaf.net\/nazionale\/wp-content\/uploads\/sites\/22\/2025\/07\/post-people-benvenuto_fiaf_2025_20-1024x1024.jpg 1024w, https:\/\/fiaf.net\/nazionale\/wp-content\/uploads\/sites\/22\/2025\/07\/post-people-benvenuto_fiaf_2025_20-300x300.jpg 300w, https:\/\/fiaf.net\/nazionale\/wp-content\/uploads\/sites\/22\/2025\/07\/post-people-benvenuto_fiaf_2025_20-150x150.jpg 150w, https:\/\/fiaf.net\/nazionale\/wp-content\/uploads\/sites\/22\/2025\/07\/post-people-benvenuto_fiaf_2025_20-768x768.jpg 768w, https:\/\/fiaf.net\/nazionale\/wp-content\/uploads\/sites\/22\/2025\/07\/post-people-benvenuto_fiaf_2025_20.jpg 1389w\" sizes=\"auto, (max-width: 1024px) 100vw, 1024px\" \/><\/a>\n\t\t\t<\/div>\n\t\t\t\t<figcaption class='wp-caption-text gallery-caption' id='gallery-1-13012'>\n\t\t\t\tPERISSINOTTO Riccardo di Palermo &#8211; ARVIS Associazione per le Arti Visive\n\t\t\t\t<\/figcaption><\/figure><figure class='gallery-item'>\n\t\t\t<div class='gallery-icon landscape'>\n\t\t\t\t<a href=\"https:\/\/fiaf.net\/nazionale\/wp-content\/uploads\/sites\/22\/2025\/07\/post-people-benvenuto_fiaf_2025_21.jpg\"><img loading=\"lazy\" decoding=\"async\" width=\"1024\" height=\"1024\" src=\"https:\/\/fiaf.net\/nazionale\/wp-content\/uploads\/sites\/22\/2025\/07\/post-people-benvenuto_fiaf_2025_21-1024x1024.jpg\" class=\"attachment-large size-large\" alt=\"\" aria-describedby=\"gallery-1-13013\" srcset=\"https:\/\/fiaf.net\/nazionale\/wp-content\/uploads\/sites\/22\/2025\/07\/post-people-benvenuto_fiaf_2025_21-1024x1024.jpg 1024w, https:\/\/fiaf.net\/nazionale\/wp-content\/uploads\/sites\/22\/2025\/07\/post-people-benvenuto_fiaf_2025_21-300x300.jpg 300w, https:\/\/fiaf.net\/nazionale\/wp-content\/uploads\/sites\/22\/2025\/07\/post-people-benvenuto_fiaf_2025_21-150x150.jpg 150w, https:\/\/fiaf.net\/nazionale\/wp-content\/uploads\/sites\/22\/2025\/07\/post-people-benvenuto_fiaf_2025_21-768x768.jpg 768w, https:\/\/fiaf.net\/nazionale\/wp-content\/uploads\/sites\/22\/2025\/07\/post-people-benvenuto_fiaf_2025_21.jpg 1389w\" sizes=\"auto, (max-width: 1024px) 100vw, 1024px\" \/><\/a>\n\t\t\t<\/div>\n\t\t\t\t<figcaption class='wp-caption-text gallery-caption' id='gallery-1-13013'>\n\t\t\t\tPLAITANO Michela di Salerno &#8211; Istituto Italiano di Fotografia IIF\n\t\t\t\t<\/figcaption><\/figure><figure class='gallery-item'>\n\t\t\t<div class='gallery-icon landscape'>\n\t\t\t\t<a href=\"https:\/\/fiaf.net\/nazionale\/wp-content\/uploads\/sites\/22\/2025\/07\/post-people-benvenuto_fiaf_2025_22.jpg\"><img loading=\"lazy\" decoding=\"async\" width=\"1024\" height=\"1024\" src=\"https:\/\/fiaf.net\/nazionale\/wp-content\/uploads\/sites\/22\/2025\/07\/post-people-benvenuto_fiaf_2025_22-1024x1024.jpg\" class=\"attachment-large size-large\" alt=\"\" aria-describedby=\"gallery-1-13014\" srcset=\"https:\/\/fiaf.net\/nazionale\/wp-content\/uploads\/sites\/22\/2025\/07\/post-people-benvenuto_fiaf_2025_22-1024x1024.jpg 1024w, https:\/\/fiaf.net\/nazionale\/wp-content\/uploads\/sites\/22\/2025\/07\/post-people-benvenuto_fiaf_2025_22-300x300.jpg 300w, https:\/\/fiaf.net\/nazionale\/wp-content\/uploads\/sites\/22\/2025\/07\/post-people-benvenuto_fiaf_2025_22-150x150.jpg 150w, https:\/\/fiaf.net\/nazionale\/wp-content\/uploads\/sites\/22\/2025\/07\/post-people-benvenuto_fiaf_2025_22-768x768.jpg 768w, https:\/\/fiaf.net\/nazionale\/wp-content\/uploads\/sites\/22\/2025\/07\/post-people-benvenuto_fiaf_2025_22.jpg 1389w\" sizes=\"auto, (max-width: 1024px) 100vw, 1024px\" \/><\/a>\n\t\t\t<\/div>\n\t\t\t\t<figcaption class='wp-caption-text gallery-caption' id='gallery-1-13014'>\n\t\t\t\tSPAGNUOLO Nadia di Cava De\u2019 Tirreni (SA) &#8211; Ass. Fotografica Fotogramma Zero\n\t\t\t\t<\/figcaption><\/figure><figure class='gallery-item'>\n\t\t\t<div class='gallery-icon landscape'>\n\t\t\t\t<a href=\"https:\/\/fiaf.net\/nazionale\/wp-content\/uploads\/sites\/22\/2025\/07\/post-people-benvenuto_fiaf_2025_23.jpg\"><img loading=\"lazy\" decoding=\"async\" width=\"1024\" height=\"1024\" src=\"https:\/\/fiaf.net\/nazionale\/wp-content\/uploads\/sites\/22\/2025\/07\/post-people-benvenuto_fiaf_2025_23-1024x1024.jpg\" class=\"attachment-large size-large\" alt=\"\" aria-describedby=\"gallery-1-13015\" srcset=\"https:\/\/fiaf.net\/nazionale\/wp-content\/uploads\/sites\/22\/2025\/07\/post-people-benvenuto_fiaf_2025_23-1024x1024.jpg 1024w, https:\/\/fiaf.net\/nazionale\/wp-content\/uploads\/sites\/22\/2025\/07\/post-people-benvenuto_fiaf_2025_23-300x300.jpg 300w, https:\/\/fiaf.net\/nazionale\/wp-content\/uploads\/sites\/22\/2025\/07\/post-people-benvenuto_fiaf_2025_23-150x150.jpg 150w, https:\/\/fiaf.net\/nazionale\/wp-content\/uploads\/sites\/22\/2025\/07\/post-people-benvenuto_fiaf_2025_23-768x768.jpg 768w, https:\/\/fiaf.net\/nazionale\/wp-content\/uploads\/sites\/22\/2025\/07\/post-people-benvenuto_fiaf_2025_23.jpg 1389w\" sizes=\"auto, (max-width: 1024px) 100vw, 1024px\" \/><\/a>\n\t\t\t<\/div>\n\t\t\t\t<figcaption class='wp-caption-text gallery-caption' id='gallery-1-13015'>\n\t\t\t\tTAGLIANI Filippo di Brescia &#8211; Amici della FIAF\n\t\t\t\t<\/figcaption><\/figure><figure class='gallery-item'>\n\t\t\t<div class='gallery-icon landscape'>\n\t\t\t\t<a href=\"https:\/\/fiaf.net\/nazionale\/wp-content\/uploads\/sites\/22\/2025\/07\/post-people-benvenuto_fiaf_2025_24.jpg\"><img loading=\"lazy\" decoding=\"async\" width=\"1024\" height=\"1024\" src=\"https:\/\/fiaf.net\/nazionale\/wp-content\/uploads\/sites\/22\/2025\/07\/post-people-benvenuto_fiaf_2025_24-1024x1024.jpg\" class=\"attachment-large size-large\" alt=\"\" aria-describedby=\"gallery-1-13016\" srcset=\"https:\/\/fiaf.net\/nazionale\/wp-content\/uploads\/sites\/22\/2025\/07\/post-people-benvenuto_fiaf_2025_24-1024x1024.jpg 1024w, https:\/\/fiaf.net\/nazionale\/wp-content\/uploads\/sites\/22\/2025\/07\/post-people-benvenuto_fiaf_2025_24-300x300.jpg 300w, https:\/\/fiaf.net\/nazionale\/wp-content\/uploads\/sites\/22\/2025\/07\/post-people-benvenuto_fiaf_2025_24-150x150.jpg 150w, https:\/\/fiaf.net\/nazionale\/wp-content\/uploads\/sites\/22\/2025\/07\/post-people-benvenuto_fiaf_2025_24-768x768.jpg 768w, https:\/\/fiaf.net\/nazionale\/wp-content\/uploads\/sites\/22\/2025\/07\/post-people-benvenuto_fiaf_2025_24.jpg 1389w\" sizes=\"auto, (max-width: 1024px) 100vw, 1024px\" \/><\/a>\n\t\t\t<\/div>\n\t\t\t\t<figcaption class='wp-caption-text gallery-caption' id='gallery-1-13016'>\n\t\t\t\tZAPPELLI Riccardo di Macerata &#8211; Fototeca Comunale Morrovalle, BFI\n\t\t\t\t<\/figcaption><\/figure>\n\t\t<\/div>\n\n<p>&nbsp;<\/p>\n<p>_____________________<br \/>\nDip. Comunicazione<br \/>\nSusanna Bertoni<\/p>\n<p data-start=\"2121\" data-end=\"2221\">\n\n    <div class=\"xs_social_share_widget xs_share_url after_content \t\tmain_content  wslu-style-1 wslu-share-box-shaped wslu-fill-colored wslu-none wslu-share-horizontal wslu-theme-font-no wslu-main_content\">\n\n\t\t\n        <ul>\n\t\t\t        <\/ul>\n    <\/div> \n","protected":false},"excerpt":{"rendered":"<p>Sono ancora aperte fino al 20 agosto le iscrizioni al percorso BenvenutoFIAF! 2025, il progetto formativo rivolto a tutti i &hellip;<\/p>\n","protected":false},"author":66,"featured_media":13062,"comment_status":"closed","ping_status":"closed","sticky":false,"template":"","format":"standard","meta":{"_acf_changed":false,"footnotes":""},"categories":[92],"tags":[],"class_list":["post-12990","post","type-post","status-publish","format-standard","has-post-thumbnail","hentry","category-percorso-benvenutofiaf"],"acf":[],"_links":{"self":[{"href":"https:\/\/fiaf.net\/nazionale\/wp-json\/wp\/v2\/posts\/12990","targetHints":{"allow":["GET"]}}],"collection":[{"href":"https:\/\/fiaf.net\/nazionale\/wp-json\/wp\/v2\/posts"}],"about":[{"href":"https:\/\/fiaf.net\/nazionale\/wp-json\/wp\/v2\/types\/post"}],"author":[{"embeddable":true,"href":"https:\/\/fiaf.net\/nazionale\/wp-json\/wp\/v2\/users\/66"}],"replies":[{"embeddable":true,"href":"https:\/\/fiaf.net\/nazionale\/wp-json\/wp\/v2\/comments?post=12990"}],"version-history":[{"count":6,"href":"https:\/\/fiaf.net\/nazionale\/wp-json\/wp\/v2\/posts\/12990\/revisions"}],"predecessor-version":[{"id":13021,"href":"https:\/\/fiaf.net\/nazionale\/wp-json\/wp\/v2\/posts\/12990\/revisions\/13021"}],"wp:featuredmedia":[{"embeddable":true,"href":"https:\/\/fiaf.net\/nazionale\/wp-json\/wp\/v2\/media\/13062"}],"wp:attachment":[{"href":"https:\/\/fiaf.net\/nazionale\/wp-json\/wp\/v2\/media?parent=12990"}],"wp:term":[{"taxonomy":"category","embeddable":true,"href":"https:\/\/fiaf.net\/nazionale\/wp-json\/wp\/v2\/categories?post=12990"},{"taxonomy":"post_tag","embeddable":true,"href":"https:\/\/fiaf.net\/nazionale\/wp-json\/wp\/v2\/tags?post=12990"}],"curies":[{"name":"wp","href":"https:\/\/api.w.org\/{rel}","templated":true}]}}