{"id":1449,"date":"2017-04-02T22:54:59","date_gmt":"2017-04-02T20:54:59","guid":{"rendered":"https:\/\/fiaf.net\/regioni\/nazionale\/?p=1449"},"modified":"2017-04-02T22:54:59","modified_gmt":"2017-04-02T20:54:59","slug":"al-cifa-la-grande-mostra-fotografica-di-mauro-galligani-alla-luce-dei-fatti","status":"publish","type":"post","link":"https:\/\/fiaf.net\/nazionale\/al-cifa-la-grande-mostra-fotografica-di-mauro-galligani-alla-luce-dei-fatti\/","title":{"rendered":"Al CIFA la grande mostra fotografica\u00a0di Mauro Galligani \u201cAlla luce dei fatti\u201d"},"content":{"rendered":"<p>Si inaugura sabato 8 aprile al CIFA di Bibbiena la retrospettiva dedicata a Mauro Galligani, uno dei pi\u00f9 importanti fotogiornalisti del nostro dopoguerra, collaboratore delle maggiori testate internazionali.<\/p>\n<p>Allestita nelle 16 celle e nel corridoio del CIFA, la mostra si sviluppa per grandi temi, che suddivisi per aree geografiche, percorrono alcuni degli eventi politici, sociali e di costume che hanno fatto la storia tra gli anni \u201970 e i nostri giorni.<\/p>\n<p>\u201cPur essendoci fotografi straordinariamente bravi, i miei modelli di riferimento vengono dal giornalismo scritto &#8211; rivela Mauro Galligani, che ama definirsi un giornalista che usa l\u2019immagine fotografica per esprimersi -. Ci\u00f2 che voglio sottolineare \u00e8 che non sono mai andato a fotografare le bellezze o i drammi del mondo per fare l\u2019eroe o per vincere un premio fotografico. Ho sempre cercato di svolgere il mio lavoro cogliendo fotograficamente aspetti e particolari della realt\u00e0 davanti a cui mi trovavo, per dare la possibilit\u00e0 al lettore di rendersi conto di ci\u00f2 che stava accadendo.\u201d<\/p>\n<p>Prevista per le 17.30, l\u2019inaugurazione sar\u00e0 preceduta, alle ore 15.00, da un incontro con l\u2019Autore, che da gioved\u00ec 25, a domenica 28 maggio, terr\u00e0 &#8211; sempre al CIFA di Bibbiena &#8211; un workshop strutturato per trasferire ai partecipanti la propria grande esperienza fotografica. Galligani sar\u00e0 a disposizione di coloro che lo vorranno per raccontare gli oltre mille servizi che il fotogiornalista ha realizzato in tutto il mondo, e per mettere a disposizione dei partecipanti le proprie competenze e conoscenze.<\/p>\n\n    <div class=\"xs_social_share_widget xs_share_url after_content \t\tmain_content  wslu-style-1 wslu-share-box-shaped wslu-fill-colored wslu-none wslu-share-horizontal wslu-theme-font-no wslu-main_content\">\n\n\t\t\n        <ul>\n\t\t\t        <\/ul>\n    <\/div> \n","protected":false},"excerpt":{"rendered":"<p>Si inaugura sabato 8 aprile al CIFA di Bibbiena la retrospettiva dedicata a Mauro Galligani, uno dei pi\u00f9 importanti fotogiornalisti &hellip;<\/p>\n","protected":false},"author":64,"featured_media":1450,"comment_status":"closed","ping_status":"closed","sticky":false,"template":"","format":"standard","meta":{"_acf_changed":false,"footnotes":""},"categories":[10],"tags":[],"class_list":["post-1449","post","type-post","status-publish","format-standard","has-post-thumbnail","hentry","category-mostre"],"acf":[],"_links":{"self":[{"href":"https:\/\/fiaf.net\/nazionale\/wp-json\/wp\/v2\/posts\/1449","targetHints":{"allow":["GET"]}}],"collection":[{"href":"https:\/\/fiaf.net\/nazionale\/wp-json\/wp\/v2\/posts"}],"about":[{"href":"https:\/\/fiaf.net\/nazionale\/wp-json\/wp\/v2\/types\/post"}],"author":[{"embeddable":true,"href":"https:\/\/fiaf.net\/nazionale\/wp-json\/wp\/v2\/users\/64"}],"replies":[{"embeddable":true,"href":"https:\/\/fiaf.net\/nazionale\/wp-json\/wp\/v2\/comments?post=1449"}],"version-history":[{"count":0,"href":"https:\/\/fiaf.net\/nazionale\/wp-json\/wp\/v2\/posts\/1449\/revisions"}],"wp:featuredmedia":[{"embeddable":true,"href":"https:\/\/fiaf.net\/nazionale\/wp-json\/wp\/v2\/media\/1450"}],"wp:attachment":[{"href":"https:\/\/fiaf.net\/nazionale\/wp-json\/wp\/v2\/media?parent=1449"}],"wp:term":[{"taxonomy":"category","embeddable":true,"href":"https:\/\/fiaf.net\/nazionale\/wp-json\/wp\/v2\/categories?post=1449"},{"taxonomy":"post_tag","embeddable":true,"href":"https:\/\/fiaf.net\/nazionale\/wp-json\/wp\/v2\/tags?post=1449"}],"curies":[{"name":"wp","href":"https:\/\/api.w.org\/{rel}","templated":true}]}}