{"id":1503,"date":"2017-07-13T16:12:46","date_gmt":"2017-07-13T14:12:46","guid":{"rendered":"https:\/\/fiaf.net\/regioni\/nazionale\/?p=1503"},"modified":"2017-07-13T16:12:46","modified_gmt":"2017-07-13T14:12:46","slug":"mibact-per-la-fotografia-cortona-15-luglio-2017","status":"publish","type":"post","link":"https:\/\/fiaf.net\/nazionale\/mibact-per-la-fotografia-cortona-15-luglio-2017\/","title":{"rendered":"MiBACT per la fotografia: Cortona, 15 luglio 2017"},"content":{"rendered":"<p>Sabato 15 luglio sesto appuntamento a Cortona con &#8220;MiBACT per la fotografia: nuove strategie e nuovi sguardi sul territorio&#8221;<br \/>\nTema della giornata di studi \u00e8\u00a0\u201cUna trib\u00f9 che scatta. Instagram come alfabeto delle immagini\u201d.<\/p>\n<p>Instagram ha trasformato tutti in produttori d\u2019immagine e ha aperto le porte del linguaggio fotografico: la fotografia \u00e8 diventata lo strumento privilegiato per raccontare il mondo e la contemporaneit\u00e0. Se fino a pochi anni fa per fare foto servivano tecnica e strumenti, con la diffusione di smartphone e dei social media tutti hanno imparato a gestire l\u2019immagine e usarla per comunicare. Chiunque parla con le immagini, trasmette emozioni, racconta eventi, condivide momenti. In questo processo ci\u00f2 che era personale \u00e8 diventato pubblico.<\/p>\n<p>Una transizione che non ha riguardato solo i singoli: brand, aziende e istituzioni hanno dovuto reinventare il loro linguaggio e la loro comunicazione.<\/p>\n<p>In questo flusso infinito di scatti prodotti giornalmente utenti, aziende e istituzioni parlano con gli stessi strumenti trasformando il paradigma della comunicazione da verticale a orizzontale. Uno scambio continuo, sette giorni su sette, ventiquattro ore su ventiquattro che ha abbattuto quel muro invisibile tra produttori di contenuti e fruitori, che potenzialmente pu\u00f2 accorciare le distanze che separano le istituzioni dal pubblico. La disponibilit\u00e0 di un terreno neutro e un linguaggio comune con l\u2019utenza \u00e8 forse una delle pi\u00f9 grandi opportunit\u00e0 che le istituzioni hanno in questo momento storico.<\/p>\n<p>Cittadini, aziende, personaggi, istituzioni: un\u2019unica grande trib\u00f9 che fa della piazza virtuale un luogo di confronto, di scambio e di conoscenza.<\/p>\n<p>&nbsp;<\/p>\n<p><b>PROGRAMMA<\/b><\/p>\n<p>Ore 10.30<\/p>\n<p>Saluti istituzionali<\/p>\n<p>Francesca Basanieri \u2013 Sindaco di Cortona<\/p>\n<p>Lorenza Bravetta \u2013 Consigliere del Ministro Dario Franceschini per la valorizzazione del patrimonio fotografico nazionale<\/p>\n<p>Antonio Carloni \u2013 Direttore Cortona On The Move<\/p>\n<p>&nbsp;<\/p>\n<p>Ore 10.45<\/p>\n<p>Tavola rotonda<\/p>\n<p>Modera:<\/p>\n<p>Adele Sarno \u2013 Social media editor, Huffington Post<\/p>\n<p>&nbsp;<\/p>\n<p>Intervengono:<\/p>\n<p>Lavinia Parlamenti \u2013 Fotografa Everyday_italy<\/p>\n<p>Marina Sersale \u2013 Fotografa Hikary Creative<\/p>\n<p>Massimo Siragusa \u2013 Fotografo<\/p>\n<p>Giulia Ticozzi \u2013 Photoeditor La Repubblica<\/p>\n\n    <div class=\"xs_social_share_widget xs_share_url after_content \t\tmain_content  wslu-style-1 wslu-share-box-shaped wslu-fill-colored wslu-none wslu-share-horizontal wslu-theme-font-no wslu-main_content\">\n\n\t\t\n        <ul>\n\t\t\t        <\/ul>\n    <\/div> \n","protected":false},"excerpt":{"rendered":"<p>Sabato 15 luglio sesto appuntamento a Cortona con &#8220;MiBACT per la fotografia: nuove strategie e nuovi sguardi sul territorio&#8221; Tema &hellip;<\/p>\n","protected":false},"author":64,"featured_media":1504,"comment_status":"closed","ping_status":"closed","sticky":false,"template":"","format":"standard","meta":{"_acf_changed":false,"footnotes":""},"categories":[9],"tags":[],"class_list":["post-1503","post","type-post","status-publish","format-standard","has-post-thumbnail","hentry","category-manifestazioni"],"acf":[],"_links":{"self":[{"href":"https:\/\/fiaf.net\/nazionale\/wp-json\/wp\/v2\/posts\/1503","targetHints":{"allow":["GET"]}}],"collection":[{"href":"https:\/\/fiaf.net\/nazionale\/wp-json\/wp\/v2\/posts"}],"about":[{"href":"https:\/\/fiaf.net\/nazionale\/wp-json\/wp\/v2\/types\/post"}],"author":[{"embeddable":true,"href":"https:\/\/fiaf.net\/nazionale\/wp-json\/wp\/v2\/users\/64"}],"replies":[{"embeddable":true,"href":"https:\/\/fiaf.net\/nazionale\/wp-json\/wp\/v2\/comments?post=1503"}],"version-history":[{"count":0,"href":"https:\/\/fiaf.net\/nazionale\/wp-json\/wp\/v2\/posts\/1503\/revisions"}],"wp:featuredmedia":[{"embeddable":true,"href":"https:\/\/fiaf.net\/nazionale\/wp-json\/wp\/v2\/media\/1504"}],"wp:attachment":[{"href":"https:\/\/fiaf.net\/nazionale\/wp-json\/wp\/v2\/media?parent=1503"}],"wp:term":[{"taxonomy":"category","embeddable":true,"href":"https:\/\/fiaf.net\/nazionale\/wp-json\/wp\/v2\/categories?post=1503"},{"taxonomy":"post_tag","embeddable":true,"href":"https:\/\/fiaf.net\/nazionale\/wp-json\/wp\/v2\/tags?post=1503"}],"curies":[{"name":"wp","href":"https:\/\/api.w.org\/{rel}","templated":true}]}}