{"id":1570,"date":"2017-09-21T20:20:49","date_gmt":"2017-09-21T18:20:49","guid":{"rendered":"https:\/\/fiaf.net\/regioni\/nazionale\/?p=1570"},"modified":"2017-09-21T20:20:49","modified_gmt":"2017-09-21T18:20:49","slug":"la-federazione-dona-un-defibrillatore-alla-comunita-di-muccia","status":"publish","type":"post","link":"https:\/\/fiaf.net\/nazionale\/la-federazione-dona-un-defibrillatore-alla-comunita-di-muccia\/","title":{"rendered":"La Federazione dona un defibrillatore alla comunit\u00e0 di Muccia"},"content":{"rendered":"<p>Sicuramente lo ricorderete, qualche tempo dopo il terremoto del 24 agosto 2016 facemmo appello alla solidariet\u00e0 di tutti voi, avviando una raccolta fondi attraverso l\u2019acquisto di fotografie del progetto sul volontariato \u201cTanti per Tutti\u201d.<\/p>\n<p>Ebbene, grazie alla vostra generosit\u00e0 siamo riusciti ad acquistare un defibrillatore che \u00e8 stato donato al comune di Muccia, provincia di Macerata, in una cerimonia tenutasi lo scorso 9 settembre, con la consegna da parte del Consigliere Nazionale Massimo Bardelli a nome della Federazione.<\/p>\n<p>Un gesto che \u00e8 stato particolarmente apprezzato dalla comunit\u00e0 di Muccia, scelta da noi fra quelle pi\u00f9 lontane dai riflettori mediatici, e che pertanto pi\u00f9 necessitava di un segno di vicinanza umana: \u201c\u00c8 \u00a0bello pensare a questo gesto come ad un gemellaggio che d\u2019ora in poi legher\u00e0 la nostra piccola comunit\u00e0 alla vostra Federazione\u201d, ha dichiarato il Sindaco della cittadina marchigiana, esprimendo il proprio senso di gratitudine.<\/p>\n<p>E un caloroso ringraziamento \u00e8 stato espresso dal Presidente della Fiaf , Roberto Rossi, a quanti hanno aderito al nostro appello, \u201cl\u2019orgoglio di fare parte della nostra Federazione trova ogni giorno nuove conferme\u2026\u201d<\/p>\n<p>&nbsp;<\/p>\n\n    <div class=\"xs_social_share_widget xs_share_url after_content \t\tmain_content  wslu-style-1 wslu-share-box-shaped wslu-fill-colored wslu-none wslu-share-horizontal wslu-theme-font-no wslu-main_content\">\n\n\t\t\n        <ul>\n\t\t\t        <\/ul>\n    <\/div> \n","protected":false},"excerpt":{"rendered":"<p>Sicuramente lo ricorderete, qualche tempo dopo il terremoto del 24 agosto 2016 facemmo appello alla solidariet\u00e0 di tutti voi, avviando &hellip;<\/p>\n","protected":false},"author":64,"featured_media":1571,"comment_status":"closed","ping_status":"closed","sticky":false,"template":"","format":"standard","meta":{"_acf_changed":false,"footnotes":""},"categories":[8],"tags":[],"class_list":["post-1570","post","type-post","status-publish","format-standard","has-post-thumbnail","hentry","category-federazione"],"acf":[],"_links":{"self":[{"href":"https:\/\/fiaf.net\/nazionale\/wp-json\/wp\/v2\/posts\/1570","targetHints":{"allow":["GET"]}}],"collection":[{"href":"https:\/\/fiaf.net\/nazionale\/wp-json\/wp\/v2\/posts"}],"about":[{"href":"https:\/\/fiaf.net\/nazionale\/wp-json\/wp\/v2\/types\/post"}],"author":[{"embeddable":true,"href":"https:\/\/fiaf.net\/nazionale\/wp-json\/wp\/v2\/users\/64"}],"replies":[{"embeddable":true,"href":"https:\/\/fiaf.net\/nazionale\/wp-json\/wp\/v2\/comments?post=1570"}],"version-history":[{"count":0,"href":"https:\/\/fiaf.net\/nazionale\/wp-json\/wp\/v2\/posts\/1570\/revisions"}],"wp:featuredmedia":[{"embeddable":true,"href":"https:\/\/fiaf.net\/nazionale\/wp-json\/wp\/v2\/media\/1571"}],"wp:attachment":[{"href":"https:\/\/fiaf.net\/nazionale\/wp-json\/wp\/v2\/media?parent=1570"}],"wp:term":[{"taxonomy":"category","embeddable":true,"href":"https:\/\/fiaf.net\/nazionale\/wp-json\/wp\/v2\/categories?post=1570"},{"taxonomy":"post_tag","embeddable":true,"href":"https:\/\/fiaf.net\/nazionale\/wp-json\/wp\/v2\/tags?post=1570"}],"curies":[{"name":"wp","href":"https:\/\/api.w.org\/{rel}","templated":true}]}}