{"id":216,"date":"2012-07-26T09:00:47","date_gmt":"2012-07-26T07:00:47","guid":{"rendered":"https:\/\/fiaf.net\/regioni\/nazionale\/?p=216"},"modified":"2012-07-26T09:00:47","modified_gmt":"2012-07-26T07:00:47","slug":"echi-neorealisti-della-fotografia-italiana-del-dopoguerra","status":"publish","type":"post","link":"https:\/\/fiaf.net\/nazionale\/echi-neorealisti-della-fotografia-italiana-del-dopoguerra\/","title":{"rendered":"Echi neorealisti della fotografia italiana del dopoguerra"},"content":{"rendered":"<p>Fino al 30 settembre a Venezia<\/p>\n<p>Gioved\u00ec 12 luglio presso palazzo Grimani a Venezia, \u00e8 stata inaugurata la mostra \u201cEchi neorealisti nella fotografia italiana del dopoguerra una selezione di 63 immagini tratte dall\u2019Archivio Storico del Circolo Fotografico La Gondola. Promotrice della mostra \u00e8 la Soprintendenza Speciale per il Patrimonio storico, artistico ed etnoantropologico di Venezia che nel 2010 ha dichiarato di eccezionale interesse storico e artistico le 5316 fotografie conservate presso l\u2019Archivio Storico del Circolo Fotografico La Gondola. Un riconoscimento al noto circolo veneziano per aver saputo impedire la dispersione di un importante patrimonio, costituito da immagini che garantiscono una testimonianza acuta e indagatrice su di un\u2019epoca.<\/p>\n<p>La mostra offre un quadro efficace del periodo compreso tra i primi anni \u201850, quando nel cinema la parabola neorealista gi\u00e0 virava in affresco di costume, fino a oltre gli anni \u201860, nel corso del quale la fotografia italiana abbandonava le ricerche di carattere puramente formale per indagare la realt\u00e0 del Paese, rinnovando ampiamente le proprie possibilit\u00e0 espressive. All\u2019interno della mostra si possono seguire due distinti percorsi. Il primo riguarda l\u2019operativit\u00e0 del Circolo La Gondola che fu anomala rispetto al filone principale del movimento poich\u00e9 si rivolse principalmente alla citt\u00e0 lagunare di cui trascur\u00f2 la parte monumentale, per aggirarsi in quella minore facendo affiorare l\u2019inedito tessuto architettonico nonch\u00e9 l\u2019ovattato fluire della vita quotidiana che nemmeno la guerra sembrava aver scalfito. Era un\u2019osservazione sommessa, talvolta lirica, rivestita di forme nuove che Alfredo Camisa, fine osservatore della fotografia dell\u2019epoca, defin\u00ec \u201clirico\/realista\u201d, termine che ben inquadrava le aspirazioni del sodalizio veneziano e il suo muoversi in un terreno a lui congeniale. L\u2019altro fil-rouge della mostra riguarda invece alcuni autori tra i pi\u00f9 importanti del decennio 1950-1960.<br \/>\nE\u2019 una carrellata attraverso l\u2019Italia, con i primi accenni del boom economico che stava trasformando la realt\u00e0 sociale del Paese; la fotografia finalmente si poneva quale testimone dello sgretolamento di quel mondo &#8211; soprattutto contadino e piccolo\/borghese &#8211; incalzato da un progressivo benessere che tuttavia non si distribuiva in forma omogenea, lasciando ampie sacche di disuguaglianza. Branzi, Migliori, Giacomelli e tutti gli altri si mossero individualmente dando ciascuno la propria versione dei fatti; la mostra li presenta assieme, con l\u2019intenzione di dare una visione complessiva, a pi\u00f9 di cinquant\u2019anni di distanza, non tanto degli accadimenti quanto della condizione di una<br \/>\nsignificativa parte del Paese.<\/p>\n<p>Espongono:<br \/>\nEnrico \u201cGigi\u201d Bacci, Vincenzo Balocchi, Angelo Begelle, Gianni Berengo Gardin, Carlo Bevilacqua, Gian Lorenzo Bigaglia, Gino Bolognini, Giuseppe Bolla, Piergiorgio Branzi,Bruno Bruni, Giuseppe Bruno, Alfredo Camisa, Mario Cattaneo, Carlo Cisventi, Rinaldo Cortese, Carlo Cosulich, Bruno<br \/>\nCot, Sergio Del Pero, Toni Del Tin, Ernesto Fantozzi, Stanislao Farri, Ferruccio Ferroni, Mario Finocchiaro, Riccardo Gasparotto, Giovanni Ghiglione, Giorgio Giacobbi, Mario Giacomelli, Carlo Mantovani, Laura Martinelli Stroili, Pepi Merisio, Nino Migliori, Paolo Monti, Giulio Parmiani, Vittorio Piergiovanni, Ezio Quiresi, Luciano Regini, Stefano Robino,Fulvio Roiter, Bruno Rosso, Luciano Scattola, Carlo Trois, Giuseppe Zanfron, Italo Zannier.<\/p>\n<p>Luogo:<br \/>\nMuseo di Palazzo Grimani, Castello 4858<\/p>\n<p>Orari:<br \/>\nlun ore 08.15-14.00, mar-dom ore 08.15-19.15<\/p>\n<p>Info:<br \/>\n0415200345<br \/>\n<a href=\"http:\/\/Echi neorealisti della fotografia italiana del dopoguerra\">www.gallerieaccademia.org<\/a><\/p>\n\n    <div class=\"xs_social_share_widget xs_share_url after_content \t\tmain_content  wslu-style-1 wslu-share-box-shaped wslu-fill-colored wslu-none wslu-share-horizontal wslu-theme-font-no wslu-main_content\">\n\n\t\t\n        <ul>\n\t\t\t        <\/ul>\n    <\/div> \n","protected":false},"excerpt":{"rendered":"<p>Fino al 30 settembre a Venezia Gioved\u00ec 12 luglio presso palazzo Grimani a Venezia, \u00e8 stata inaugurata la mostra \u201cEchi &hellip;<\/p>\n","protected":false},"author":1,"featured_media":217,"comment_status":"closed","ping_status":"open","sticky":false,"template":"","format":"standard","meta":{"_acf_changed":false,"footnotes":""},"categories":[10],"tags":[],"class_list":["post-216","post","type-post","status-publish","format-standard","has-post-thumbnail","hentry","category-mostre"],"acf":[],"_links":{"self":[{"href":"https:\/\/fiaf.net\/nazionale\/wp-json\/wp\/v2\/posts\/216","targetHints":{"allow":["GET"]}}],"collection":[{"href":"https:\/\/fiaf.net\/nazionale\/wp-json\/wp\/v2\/posts"}],"about":[{"href":"https:\/\/fiaf.net\/nazionale\/wp-json\/wp\/v2\/types\/post"}],"author":[{"embeddable":true,"href":"https:\/\/fiaf.net\/nazionale\/wp-json\/wp\/v2\/users\/1"}],"replies":[{"embeddable":true,"href":"https:\/\/fiaf.net\/nazionale\/wp-json\/wp\/v2\/comments?post=216"}],"version-history":[{"count":0,"href":"https:\/\/fiaf.net\/nazionale\/wp-json\/wp\/v2\/posts\/216\/revisions"}],"wp:featuredmedia":[{"embeddable":true,"href":"https:\/\/fiaf.net\/nazionale\/wp-json\/wp\/v2\/media\/217"}],"wp:attachment":[{"href":"https:\/\/fiaf.net\/nazionale\/wp-json\/wp\/v2\/media?parent=216"}],"wp:term":[{"taxonomy":"category","embeddable":true,"href":"https:\/\/fiaf.net\/nazionale\/wp-json\/wp\/v2\/categories?post=216"},{"taxonomy":"post_tag","embeddable":true,"href":"https:\/\/fiaf.net\/nazionale\/wp-json\/wp\/v2\/tags?post=216"}],"curies":[{"name":"wp","href":"https:\/\/api.w.org\/{rel}","templated":true}]}}